{"id":1901,"date":"2023-11-14T22:07:55","date_gmt":"2023-11-14T22:07:55","guid":{"rendered":"https:\/\/arealorcaradio.es\/?p=1901"},"modified":"2023-11-14T22:07:55","modified_gmt":"2023-11-14T22:07:55","slug":"luis-torres-del-alcazar-casi-sesenta-acontecimientos-diferentes-completan-el-programa-de-las-fiestas-en-honor-al-patron-de-lorca-san-clemente","status":"publish","type":"post","link":"https:\/\/arealorcaradio.es\/index.php\/2023\/11\/14\/luis-torres-del-alcazar-casi-sesenta-acontecimientos-diferentes-completan-el-programa-de-las-fiestas-en-honor-al-patron-de-lorca-san-clemente\/","title":{"rendered":"Luis Torres del Alc\u00e1zar: \u00abCasi sesenta acontecimientos diferentes completan el programa de las fiestas en honor al Patr\u00f3n de Lorca San Clemente\u00bb"},"content":{"rendered":"<p>\u00c1REA LORCA RADIO.<\/p>\n<p>Escucha aqu\u00ed la entrevista que ha concedido a Paco S\u00e1nchez en el magazine \u00c1rea Lorca Actualidad el presidente de la Federaci\u00f3n San Clemente, Luis Torres del Alc\u00e1zar, qui\u00e9n ya cumple 16 a\u00f1os al frente de la presidencia trabajando por las fiestas en honor al Patr\u00f3n de Lorca.<\/p>\n<audio class=\"wp-audio-shortcode\" id=\"audio-1901-1\" preload=\"none\" style=\"width: 100%;\" controls=\"controls\"><source type=\"audio\/mpeg\" src=\"https:\/\/arealorcaradio.es\/wp-content\/uploads\/2023\/11\/141123-LUIS-TORRES-DEL-ALCAZAR.mp3?_=1\" \/><a href=\"https:\/\/arealorcaradio.es\/wp-content\/uploads\/2023\/11\/141123-LUIS-TORRES-DEL-ALCAZAR.mp3\">https:\/\/arealorcaradio.es\/wp-content\/uploads\/2023\/11\/141123-LUIS-TORRES-DEL-ALCAZAR.mp3<\/a><\/audio>\n<p><img loading=\"lazy\" decoding=\"async\" class=\"alignnone size-medium wp-image-1902\" src=\"https:\/\/arealorcaradio.es\/wp-content\/uploads\/2023\/11\/20231114_170736-300x225.jpg\" alt=\"\" width=\"300\" height=\"225\" srcset=\"https:\/\/arealorcaradio.es\/wp-content\/uploads\/2023\/11\/20231114_170736-300x225.jpg 300w, https:\/\/arealorcaradio.es\/wp-content\/uploads\/2023\/11\/20231114_170736-1024x768.jpg 1024w, https:\/\/arealorcaradio.es\/wp-content\/uploads\/2023\/11\/20231114_170736-768x576.jpg 768w, https:\/\/arealorcaradio.es\/wp-content\/uploads\/2023\/11\/20231114_170736-1536x1152.jpg 1536w, https:\/\/arealorcaradio.es\/wp-content\/uploads\/2023\/11\/20231114_170736-2048x1536.jpg 2048w, https:\/\/arealorcaradio.es\/wp-content\/uploads\/2023\/11\/20231114_170736-86x64.jpg 86w\" sizes=\"auto, (max-width: 300px) 100vw, 300px\" \/><\/p>\n","protected":false},"excerpt":{"rendered":"<p>\u00c1REA LORCA RADIO. Escucha aqu\u00ed la entrevista que ha concedido a Paco S\u00e1nchez en el magazine \u00c1rea Lorca Actualidad el presidente de la Federaci\u00f3n San Clemente, Luis Torres del Alc\u00e1zar, qui\u00e9n ya cumple 16 a\u00f1os al frente de la presidencia trabajando por las fiestas en honor al Patr\u00f3n de Lorca.<\/p>\n","protected":false},"author":1,"featured_media":1904,"comment_status":"open","ping_status":"open","sticky":false,"template":"","format":"standard","meta":{"iawp_total_views":3,"footnotes":""},"categories":[5,7],"tags":[],"class_list":["post-1901","post","type-post","status-publish","format-standard","has-post-thumbnail","hentry","category-actualidad","category-lorca"],"yoast_head":"<!-- This site is optimized with the Yoast SEO plugin v27.5 - https:\/\/yoast.com\/product\/yoast-seo-wordpress\/ -->\n<title>Luis Torres del Alc\u00e1zar: &quot;Casi sesenta acontecimientos diferentes completan el programa de las fiestas en honor al Patr\u00f3n de Lorca San Clemente&quot; - AREA LORCA RADIO<\/title>\n<meta name=\"robots\" content=\"index, follow, max-snippet:-1, max-image-preview:large, max-video-preview:-1\" \/>\n<link rel=\"canonical\" href=\"https:\/\/arealorcaradio.es\/index.php\/2023\/11\/14\/luis-torres-del-alcazar-casi-sesenta-acontecimientos-diferentes-completan-el-programa-de-las-fiestas-en-honor-al-patron-de-lorca-san-clemente\/\" \/>\n<meta property=\"og:locale\" content=\"es_ES\" \/>\n<meta property=\"og:type\" content=\"article\" \/>\n<meta property=\"og:title\" content=\"Luis Torres del Alc\u00e1zar: &quot;Casi sesenta acontecimientos diferentes completan el programa de las fiestas en honor al Patr\u00f3n de Lorca San Clemente&quot; - AREA LORCA RADIO\" \/>\n<meta property=\"og:description\" content=\"\u00c1REA LORCA RADIO. Escucha aqu\u00ed la entrevista que ha concedido a Paco S\u00e1nchez en el magazine \u00c1rea Lorca Actualidad el presidente de la Federaci\u00f3n San Clemente, Luis Torres del Alc\u00e1zar, qui\u00e9n ya cumple 16 a\u00f1os al frente de la presidencia trabajando por las fiestas en honor al Patr\u00f3n de Lorca.\" \/>\n<meta property=\"og:url\" content=\"https:\/\/arealorcaradio.es\/index.php\/2023\/11\/14\/luis-torres-del-alcazar-casi-sesenta-acontecimientos-diferentes-completan-el-programa-de-las-fiestas-en-honor-al-patron-de-lorca-san-clemente\/\" \/>\n<meta property=\"og:site_name\" content=\"AREA LORCA RADIO\" \/>\n<meta property=\"article:published_time\" content=\"2023-11-14T22:07:55+00:00\" \/>\n<meta property=\"og:image\" content=\"https:\/\/arealorcaradio.es\/wp-content\/uploads\/2023\/11\/20231114_170723-scaled.jpg\" \/>\n\t<meta property=\"og:image:width\" content=\"2560\" \/>\n\t<meta property=\"og:image:height\" content=\"1920\" \/>\n\t<meta property=\"og:image:type\" content=\"image\/jpeg\" \/>\n<meta name=\"author\" content=\"Paco S\u00e1nchez\" \/>\n<meta name=\"twitter:card\" content=\"summary_large_image\" \/>\n<meta name=\"twitter:label1\" content=\"Escrito por\" \/>\n\t<meta name=\"twitter:data1\" content=\"Paco S\u00e1nchez\" \/>\n\t<meta name=\"twitter:label2\" content=\"Tiempo de lectura\" \/>\n\t<meta name=\"twitter:data2\" content=\"1 minuto\" \/>\n<script type=\"application\/ld+json\" class=\"yoast-schema-graph\">{\"@context\":\"https:\\\/\\\/schema.org\",\"@graph\":[{\"@type\":\"Article\",\"@id\":\"https:\\\/\\\/arealorcaradio.es\\\/index.php\\\/2023\\\/11\\\/14\\\/luis-torres-del-alcazar-casi-sesenta-acontecimientos-diferentes-completan-el-programa-de-las-fiestas-en-honor-al-patron-de-lorca-san-clemente\\\/#article\",\"isPartOf\":{\"@id\":\"https:\\\/\\\/arealorcaradio.es\\\/index.php\\\/2023\\\/11\\\/14\\\/luis-torres-del-alcazar-casi-sesenta-acontecimientos-diferentes-completan-el-programa-de-las-fiestas-en-honor-al-patron-de-lorca-san-clemente\\\/\"},\"author\":{\"name\":\"Paco S\u00e1nchez\",\"@id\":\"https:\\\/\\\/arealorcaradio.es\\\/#\\\/schema\\\/person\\\/9fae605fc25b0f2c83c1ab207139bd27\"},\"headline\":\"Luis Torres del Alc\u00e1zar: \u00abCasi sesenta acontecimientos diferentes completan el programa de las fiestas en honor al Patr\u00f3n de Lorca San Clemente\u00bb\",\"datePublished\":\"2023-11-14T22:07:55+00:00\",\"mainEntityOfPage\":{\"@id\":\"https:\\\/\\\/arealorcaradio.es\\\/index.php\\\/2023\\\/11\\\/14\\\/luis-torres-del-alcazar-casi-sesenta-acontecimientos-diferentes-completan-el-programa-de-las-fiestas-en-honor-al-patron-de-lorca-san-clemente\\\/\"},\"wordCount\":89,\"commentCount\":0,\"image\":{\"@id\":\"https:\\\/\\\/arealorcaradio.es\\\/index.php\\\/2023\\\/11\\\/14\\\/luis-torres-del-alcazar-casi-sesenta-acontecimientos-diferentes-completan-el-programa-de-las-fiestas-en-honor-al-patron-de-lorca-san-clemente\\\/#primaryimage\"},\"thumbnailUrl\":\"https:\\\/\\\/arealorcaradio.es\\\/wp-content\\\/uploads\\\/2023\\\/11\\\/20231114_170723-scaled.jpg\",\"articleSection\":[\"ACTUALIDAD\",\"LORCA\"],\"inLanguage\":\"es\",\"potentialAction\":[{\"@type\":\"CommentAction\",\"name\":\"Comment\",\"target\":[\"https:\\\/\\\/arealorcaradio.es\\\/index.php\\\/2023\\\/11\\\/14\\\/luis-torres-del-alcazar-casi-sesenta-acontecimientos-diferentes-completan-el-programa-de-las-fiestas-en-honor-al-patron-de-lorca-san-clemente\\\/#respond\"]}]},{\"@type\":\"WebPage\",\"@id\":\"https:\\\/\\\/arealorcaradio.es\\\/index.php\\\/2023\\\/11\\\/14\\\/luis-torres-del-alcazar-casi-sesenta-acontecimientos-diferentes-completan-el-programa-de-las-fiestas-en-honor-al-patron-de-lorca-san-clemente\\\/\",\"url\":\"https:\\\/\\\/arealorcaradio.es\\\/index.php\\\/2023\\\/11\\\/14\\\/luis-torres-del-alcazar-casi-sesenta-acontecimientos-diferentes-completan-el-programa-de-las-fiestas-en-honor-al-patron-de-lorca-san-clemente\\\/\",\"name\":\"Luis Torres del Alc\u00e1zar: \\\"Casi sesenta acontecimientos diferentes completan el programa de las fiestas en honor al Patr\u00f3n de Lorca San Clemente\\\" - AREA LORCA RADIO\",\"isPartOf\":{\"@id\":\"https:\\\/\\\/arealorcaradio.es\\\/#website\"},\"primaryImageOfPage\":{\"@id\":\"https:\\\/\\\/arealorcaradio.es\\\/index.php\\\/2023\\\/11\\\/14\\\/luis-torres-del-alcazar-casi-sesenta-acontecimientos-diferentes-completan-el-programa-de-las-fiestas-en-honor-al-patron-de-lorca-san-clemente\\\/#primaryimage\"},\"image\":{\"@id\":\"https:\\\/\\\/arealorcaradio.es\\\/index.php\\\/2023\\\/11\\\/14\\\/luis-torres-del-alcazar-casi-sesenta-acontecimientos-diferentes-completan-el-programa-de-las-fiestas-en-honor-al-patron-de-lorca-san-clemente\\\/#primaryimage\"},\"thumbnailUrl\":\"https:\\\/\\\/arealorcaradio.es\\\/wp-content\\\/uploads\\\/2023\\\/11\\\/20231114_170723-scaled.jpg\",\"datePublished\":\"2023-11-14T22:07:55+00:00\",\"author\":{\"@id\":\"https:\\\/\\\/arealorcaradio.es\\\/#\\\/schema\\\/person\\\/9fae605fc25b0f2c83c1ab207139bd27\"},\"breadcrumb\":{\"@id\":\"https:\\\/\\\/arealorcaradio.es\\\/index.php\\\/2023\\\/11\\\/14\\\/luis-torres-del-alcazar-casi-sesenta-acontecimientos-diferentes-completan-el-programa-de-las-fiestas-en-honor-al-patron-de-lorca-san-clemente\\\/#breadcrumb\"},\"inLanguage\":\"es\",\"potentialAction\":[{\"@type\":\"ReadAction\",\"target\":[\"https:\\\/\\\/arealorcaradio.es\\\/index.php\\\/2023\\\/11\\\/14\\\/luis-torres-del-alcazar-casi-sesenta-acontecimientos-diferentes-completan-el-programa-de-las-fiestas-en-honor-al-patron-de-lorca-san-clemente\\\/\"]}]},{\"@type\":\"ImageObject\",\"inLanguage\":\"es\",\"@id\":\"https:\\\/\\\/arealorcaradio.es\\\/index.php\\\/2023\\\/11\\\/14\\\/luis-torres-del-alcazar-casi-sesenta-acontecimientos-diferentes-completan-el-programa-de-las-fiestas-en-honor-al-patron-de-lorca-san-clemente\\\/#primaryimage\",\"url\":\"https:\\\/\\\/arealorcaradio.es\\\/wp-content\\\/uploads\\\/2023\\\/11\\\/20231114_170723-scaled.jpg\",\"contentUrl\":\"https:\\\/\\\/arealorcaradio.es\\\/wp-content\\\/uploads\\\/2023\\\/11\\\/20231114_170723-scaled.jpg\",\"width\":2560,\"height\":1920},{\"@type\":\"BreadcrumbList\",\"@id\":\"https:\\\/\\\/arealorcaradio.es\\\/index.php\\\/2023\\\/11\\\/14\\\/luis-torres-del-alcazar-casi-sesenta-acontecimientos-diferentes-completan-el-programa-de-las-fiestas-en-honor-al-patron-de-lorca-san-clemente\\\/#breadcrumb\",\"itemListElement\":[{\"@type\":\"ListItem\",\"position\":1,\"name\":\"Portada\",\"item\":\"https:\\\/\\\/arealorcaradio.es\\\/\"},{\"@type\":\"ListItem\",\"position\":2,\"name\":\"Luis Torres del Alc\u00e1zar: \u00abCasi sesenta acontecimientos diferentes completan el programa de las fiestas en honor al Patr\u00f3n de Lorca San Clemente\u00bb\"}]},{\"@type\":\"WebSite\",\"@id\":\"https:\\\/\\\/arealorcaradio.es\\\/#website\",\"url\":\"https:\\\/\\\/arealorcaradio.es\\\/\",\"name\":\"AREA LORCA RADIO\",\"description\":\"Descubre la programaci\u00f3n actual en \u00c1rea Lorca Radio, tu fuente de entrenamiento y noticias locales. Sintoniza ahora y mantente conectado online.\",\"potentialAction\":[{\"@type\":\"SearchAction\",\"target\":{\"@type\":\"EntryPoint\",\"urlTemplate\":\"https:\\\/\\\/arealorcaradio.es\\\/?s={search_term_string}\"},\"query-input\":{\"@type\":\"PropertyValueSpecification\",\"valueRequired\":true,\"valueName\":\"search_term_string\"}}],\"inLanguage\":\"es\"},{\"@type\":\"Person\",\"@id\":\"https:\\\/\\\/arealorcaradio.es\\\/#\\\/schema\\\/person\\\/9fae605fc25b0f2c83c1ab207139bd27\",\"name\":\"Paco S\u00e1nchez\",\"image\":{\"@type\":\"ImageObject\",\"inLanguage\":\"es\",\"@id\":\"https:\\\/\\\/secure.gravatar.com\\\/avatar\\\/d67144e966420fb74aa84c9f2a0103be4724fd14db52b52d3b6bca749f257e79?s=96&d=mm&r=g\",\"url\":\"https:\\\/\\\/secure.gravatar.com\\\/avatar\\\/d67144e966420fb74aa84c9f2a0103be4724fd14db52b52d3b6bca749f257e79?s=96&d=mm&r=g\",\"contentUrl\":\"https:\\\/\\\/secure.gravatar.com\\\/avatar\\\/d67144e966420fb74aa84c9f2a0103be4724fd14db52b52d3b6bca749f257e79?s=96&d=mm&r=g\",\"caption\":\"Paco S\u00e1nchez\"},\"sameAs\":[\"https:\\\/\\\/arealorcaradio.es\"],\"url\":\"https:\\\/\\\/arealorcaradio.es\\\/index.php\\\/author\\\/admin_alorcaradio\\\/\"}]}<\/script>\n<!-- \/ Yoast SEO plugin. -->","yoast_head_json":{"title":"Luis Torres del Alc\u00e1zar: \"Casi sesenta acontecimientos diferentes completan el programa de las fiestas en honor al Patr\u00f3n de Lorca San Clemente\" - AREA LORCA RADIO","robots":{"index":"index","follow":"follow","max-snippet":"max-snippet:-1","max-image-preview":"max-image-preview:large","max-video-preview":"max-video-preview:-1"},"canonical":"https:\/\/arealorcaradio.es\/index.php\/2023\/11\/14\/luis-torres-del-alcazar-casi-sesenta-acontecimientos-diferentes-completan-el-programa-de-las-fiestas-en-honor-al-patron-de-lorca-san-clemente\/","og_locale":"es_ES","og_type":"article","og_title":"Luis Torres del Alc\u00e1zar: \"Casi sesenta acontecimientos diferentes completan el programa de las fiestas en honor al Patr\u00f3n de Lorca San Clemente\" - AREA LORCA RADIO","og_description":"\u00c1REA LORCA RADIO. Escucha aqu\u00ed la entrevista que ha concedido a Paco S\u00e1nchez en el magazine \u00c1rea Lorca Actualidad el presidente de la Federaci\u00f3n San Clemente, Luis Torres del Alc\u00e1zar, qui\u00e9n ya cumple 16 a\u00f1os al frente de la presidencia trabajando por las fiestas en honor al Patr\u00f3n de Lorca.","og_url":"https:\/\/arealorcaradio.es\/index.php\/2023\/11\/14\/luis-torres-del-alcazar-casi-sesenta-acontecimientos-diferentes-completan-el-programa-de-las-fiestas-en-honor-al-patron-de-lorca-san-clemente\/","og_site_name":"AREA LORCA RADIO","article_published_time":"2023-11-14T22:07:55+00:00","og_image":[{"width":2560,"height":1920,"url":"https:\/\/arealorcaradio.es\/wp-content\/uploads\/2023\/11\/20231114_170723-scaled.jpg","type":"image\/jpeg"}],"author":"Paco S\u00e1nchez","twitter_card":"summary_large_image","twitter_misc":{"Escrito por":"Paco S\u00e1nchez","Tiempo de lectura":"1 minuto"},"schema":{"@context":"https:\/\/schema.org","@graph":[{"@type":"Article","@id":"https:\/\/arealorcaradio.es\/index.php\/2023\/11\/14\/luis-torres-del-alcazar-casi-sesenta-acontecimientos-diferentes-completan-el-programa-de-las-fiestas-en-honor-al-patron-de-lorca-san-clemente\/#article","isPartOf":{"@id":"https:\/\/arealorcaradio.es\/index.php\/2023\/11\/14\/luis-torres-del-alcazar-casi-sesenta-acontecimientos-diferentes-completan-el-programa-de-las-fiestas-en-honor-al-patron-de-lorca-san-clemente\/"},"author":{"name":"Paco S\u00e1nchez","@id":"https:\/\/arealorcaradio.es\/#\/schema\/person\/9fae605fc25b0f2c83c1ab207139bd27"},"headline":"Luis Torres del Alc\u00e1zar: \u00abCasi sesenta acontecimientos diferentes completan el programa de las fiestas en honor al Patr\u00f3n de Lorca San Clemente\u00bb","datePublished":"2023-11-14T22:07:55+00:00","mainEntityOfPage":{"@id":"https:\/\/arealorcaradio.es\/index.php\/2023\/11\/14\/luis-torres-del-alcazar-casi-sesenta-acontecimientos-diferentes-completan-el-programa-de-las-fiestas-en-honor-al-patron-de-lorca-san-clemente\/"},"wordCount":89,"commentCount":0,"image":{"@id":"https:\/\/arealorcaradio.es\/index.php\/2023\/11\/14\/luis-torres-del-alcazar-casi-sesenta-acontecimientos-diferentes-completan-el-programa-de-las-fiestas-en-honor-al-patron-de-lorca-san-clemente\/#primaryimage"},"thumbnailUrl":"https:\/\/arealorcaradio.es\/wp-content\/uploads\/2023\/11\/20231114_170723-scaled.jpg","articleSection":["ACTUALIDAD","LORCA"],"inLanguage":"es","potentialAction":[{"@type":"CommentAction","name":"Comment","target":["https:\/\/arealorcaradio.es\/index.php\/2023\/11\/14\/luis-torres-del-alcazar-casi-sesenta-acontecimientos-diferentes-completan-el-programa-de-las-fiestas-en-honor-al-patron-de-lorca-san-clemente\/#respond"]}]},{"@type":"WebPage","@id":"https:\/\/arealorcaradio.es\/index.php\/2023\/11\/14\/luis-torres-del-alcazar-casi-sesenta-acontecimientos-diferentes-completan-el-programa-de-las-fiestas-en-honor-al-patron-de-lorca-san-clemente\/","url":"https:\/\/arealorcaradio.es\/index.php\/2023\/11\/14\/luis-torres-del-alcazar-casi-sesenta-acontecimientos-diferentes-completan-el-programa-de-las-fiestas-en-honor-al-patron-de-lorca-san-clemente\/","name":"Luis Torres del Alc\u00e1zar: \"Casi sesenta acontecimientos diferentes completan el programa de las fiestas en honor al Patr\u00f3n de Lorca San Clemente\" - AREA LORCA RADIO","isPartOf":{"@id":"https:\/\/arealorcaradio.es\/#website"},"primaryImageOfPage":{"@id":"https:\/\/arealorcaradio.es\/index.php\/2023\/11\/14\/luis-torres-del-alcazar-casi-sesenta-acontecimientos-diferentes-completan-el-programa-de-las-fiestas-en-honor-al-patron-de-lorca-san-clemente\/#primaryimage"},"image":{"@id":"https:\/\/arealorcaradio.es\/index.php\/2023\/11\/14\/luis-torres-del-alcazar-casi-sesenta-acontecimientos-diferentes-completan-el-programa-de-las-fiestas-en-honor-al-patron-de-lorca-san-clemente\/#primaryimage"},"thumbnailUrl":"https:\/\/arealorcaradio.es\/wp-content\/uploads\/2023\/11\/20231114_170723-scaled.jpg","datePublished":"2023-11-14T22:07:55+00:00","author":{"@id":"https:\/\/arealorcaradio.es\/#\/schema\/person\/9fae605fc25b0f2c83c1ab207139bd27"},"breadcrumb":{"@id":"https:\/\/arealorcaradio.es\/index.php\/2023\/11\/14\/luis-torres-del-alcazar-casi-sesenta-acontecimientos-diferentes-completan-el-programa-de-las-fiestas-en-honor-al-patron-de-lorca-san-clemente\/#breadcrumb"},"inLanguage":"es","potentialAction":[{"@type":"ReadAction","target":["https:\/\/arealorcaradio.es\/index.php\/2023\/11\/14\/luis-torres-del-alcazar-casi-sesenta-acontecimientos-diferentes-completan-el-programa-de-las-fiestas-en-honor-al-patron-de-lorca-san-clemente\/"]}]},{"@type":"ImageObject","inLanguage":"es","@id":"https:\/\/arealorcaradio.es\/index.php\/2023\/11\/14\/luis-torres-del-alcazar-casi-sesenta-acontecimientos-diferentes-completan-el-programa-de-las-fiestas-en-honor-al-patron-de-lorca-san-clemente\/#primaryimage","url":"https:\/\/arealorcaradio.es\/wp-content\/uploads\/2023\/11\/20231114_170723-scaled.jpg","contentUrl":"https:\/\/arealorcaradio.es\/wp-content\/uploads\/2023\/11\/20231114_170723-scaled.jpg","width":2560,"height":1920},{"@type":"BreadcrumbList","@id":"https:\/\/arealorcaradio.es\/index.php\/2023\/11\/14\/luis-torres-del-alcazar-casi-sesenta-acontecimientos-diferentes-completan-el-programa-de-las-fiestas-en-honor-al-patron-de-lorca-san-clemente\/#breadcrumb","itemListElement":[{"@type":"ListItem","position":1,"name":"Portada","item":"https:\/\/arealorcaradio.es\/"},{"@type":"ListItem","position":2,"name":"Luis Torres del Alc\u00e1zar: \u00abCasi sesenta acontecimientos diferentes completan el programa de las fiestas en honor al Patr\u00f3n de Lorca San Clemente\u00bb"}]},{"@type":"WebSite","@id":"https:\/\/arealorcaradio.es\/#website","url":"https:\/\/arealorcaradio.es\/","name":"AREA LORCA RADIO","description":"Descubre la programaci\u00f3n actual en \u00c1rea Lorca Radio, tu fuente de entrenamiento y noticias locales. Sintoniza ahora y mantente conectado online.","potentialAction":[{"@type":"SearchAction","target":{"@type":"EntryPoint","urlTemplate":"https:\/\/arealorcaradio.es\/?s={search_term_string}"},"query-input":{"@type":"PropertyValueSpecification","valueRequired":true,"valueName":"search_term_string"}}],"inLanguage":"es"},{"@type":"Person","@id":"https:\/\/arealorcaradio.es\/#\/schema\/person\/9fae605fc25b0f2c83c1ab207139bd27","name":"Paco S\u00e1nchez","image":{"@type":"ImageObject","inLanguage":"es","@id":"https:\/\/secure.gravatar.com\/avatar\/d67144e966420fb74aa84c9f2a0103be4724fd14db52b52d3b6bca749f257e79?s=96&d=mm&r=g","url":"https:\/\/secure.gravatar.com\/avatar\/d67144e966420fb74aa84c9f2a0103be4724fd14db52b52d3b6bca749f257e79?s=96&d=mm&r=g","contentUrl":"https:\/\/secure.gravatar.com\/avatar\/d67144e966420fb74aa84c9f2a0103be4724fd14db52b52d3b6bca749f257e79?s=96&d=mm&r=g","caption":"Paco S\u00e1nchez"},"sameAs":["https:\/\/arealorcaradio.es"],"url":"https:\/\/arealorcaradio.es\/index.php\/author\/admin_alorcaradio\/"}]}},"_links":{"self":[{"href":"https:\/\/arealorcaradio.es\/index.php\/wp-json\/wp\/v2\/posts\/1901","targetHints":{"allow":["GET"]}}],"collection":[{"href":"https:\/\/arealorcaradio.es\/index.php\/wp-json\/wp\/v2\/posts"}],"about":[{"href":"https:\/\/arealorcaradio.es\/index.php\/wp-json\/wp\/v2\/types\/post"}],"author":[{"embeddable":true,"href":"https:\/\/arealorcaradio.es\/index.php\/wp-json\/wp\/v2\/users\/1"}],"replies":[{"embeddable":true,"href":"https:\/\/arealorcaradio.es\/index.php\/wp-json\/wp\/v2\/comments?post=1901"}],"version-history":[{"count":1,"href":"https:\/\/arealorcaradio.es\/index.php\/wp-json\/wp\/v2\/posts\/1901\/revisions"}],"predecessor-version":[{"id":1905,"href":"https:\/\/arealorcaradio.es\/index.php\/wp-json\/wp\/v2\/posts\/1901\/revisions\/1905"}],"wp:featuredmedia":[{"embeddable":true,"href":"https:\/\/arealorcaradio.es\/index.php\/wp-json\/wp\/v2\/media\/1904"}],"wp:attachment":[{"href":"https:\/\/arealorcaradio.es\/index.php\/wp-json\/wp\/v2\/media?parent=1901"}],"wp:term":[{"taxonomy":"category","embeddable":true,"href":"https:\/\/arealorcaradio.es\/index.php\/wp-json\/wp\/v2\/categories?post=1901"},{"taxonomy":"post_tag","embeddable":true,"href":"https:\/\/arealorcaradio.es\/index.php\/wp-json\/wp\/v2\/tags?post=1901"}],"curies":[{"name":"wp","href":"https:\/\/api.w.org\/{rel}","templated":true}]}}