{"id":1864,"date":"2023-11-08T12:49:37","date_gmt":"2023-11-08T12:49:37","guid":{"rendered":"https:\/\/arealorcaradio.es\/?p=1864"},"modified":"2023-11-08T12:49:37","modified_gmt":"2023-11-08T12:49:37","slug":"el-presidente-de-la-region-de-murcia-fernando-lopez-miras-inaugura-el-tramo-1-de-la-ronda-central-de-lorca-cuya-inversion-ha-superado-los-56-millones-de-euros","status":"publish","type":"post","link":"https:\/\/arealorcaradio.es\/index.php\/2023\/11\/08\/el-presidente-de-la-region-de-murcia-fernando-lopez-miras-inaugura-el-tramo-1-de-la-ronda-central-de-lorca-cuya-inversion-ha-superado-los-56-millones-de-euros\/","title":{"rendered":"El presidente de la Regi\u00f3n de Murcia, Fernando L\u00f3pez Miras, inaugura el tramo 1 de la Ronda Central de Lorca cuya inversi\u00f3n ha superado los 5,6 millones de euros"},"content":{"rendered":"<p>\u00c1REA LORCA RADIO.<\/p>\n<p>El presidente auton\u00f3mico Fernando L\u00f3pez Miras, acompa\u00f1ado entre otros por el alcalde de Lorca Fulgencio Gil, ha inaugurado este mi\u00e9rcoles 8 de noviembre el Tramo 1 de la Ronda Central de Lorca que transita desde el Complejo De0portivo Felipe VI hasta el Barrio Apolonia. Escucha aqu\u00ed las declaraciones de ambos, quienes coinciden en que se trata de una hist\u00f3rico para la ciudad ante la inversi\u00f3n m\u00e1s importante llevada a cabo en Lorca desde 2011. Escuchamos a L\u00f3pez Miras.<\/p>\n<audio class=\"wp-audio-shortcode\" id=\"audio-1864-1\" preload=\"none\" style=\"width: 100%;\" controls=\"controls\"><source type=\"audio\/mpeg\" src=\"https:\/\/arealorcaradio.es\/wp-content\/uploads\/2023\/11\/081123-LOPEZ-MIRAS.-TRAMO-1-RONDA.mp3?_=1\" \/><a href=\"https:\/\/arealorcaradio.es\/wp-content\/uploads\/2023\/11\/081123-LOPEZ-MIRAS.-TRAMO-1-RONDA.mp3\">https:\/\/arealorcaradio.es\/wp-content\/uploads\/2023\/11\/081123-LOPEZ-MIRAS.-TRAMO-1-RONDA.mp3<\/a><\/audio>\n<p>Fulgencio Gil, mostraba as\u00ed su alegr\u00eda ante la inauguraci\u00f3n del Tramo 1 de la Ronda Central de Lorca, le escuchamos.<\/p>\n<audio class=\"wp-audio-shortcode\" id=\"audio-1864-2\" preload=\"none\" style=\"width: 100%;\" controls=\"controls\"><source type=\"audio\/mpeg\" src=\"https:\/\/arealorcaradio.es\/wp-content\/uploads\/2023\/11\/081123-FULGENCIO-GIL.-TRAMO-1-RONDA.mp3?_=2\" \/><a href=\"https:\/\/arealorcaradio.es\/wp-content\/uploads\/2023\/11\/081123-FULGENCIO-GIL.-TRAMO-1-RONDA.mp3\">https:\/\/arealorcaradio.es\/wp-content\/uploads\/2023\/11\/081123-FULGENCIO-GIL.-TRAMO-1-RONDA.mp3<\/a><\/audio>\n<p>Galer\u00eda de fotos de la inauguraci\u00f3n del Tramo 1.<\/p>\n<p><img loading=\"lazy\" decoding=\"async\" class=\"alignnone size-medium wp-image-1867\" src=\"https:\/\/arealorcaradio.es\/wp-content\/uploads\/2023\/11\/20231108_123114-300x225.jpg\" alt=\"\" width=\"300\" height=\"225\" srcset=\"https:\/\/arealorcaradio.es\/wp-content\/uploads\/2023\/11\/20231108_123114-300x225.jpg 300w, https:\/\/arealorcaradio.es\/wp-content\/uploads\/2023\/11\/20231108_123114-1024x768.jpg 1024w, https:\/\/arealorcaradio.es\/wp-content\/uploads\/2023\/11\/20231108_123114-768x576.jpg 768w, https:\/\/arealorcaradio.es\/wp-content\/uploads\/2023\/11\/20231108_123114-1536x1152.jpg 1536w, https:\/\/arealorcaradio.es\/wp-content\/uploads\/2023\/11\/20231108_123114-2048x1536.jpg 2048w, https:\/\/arealorcaradio.es\/wp-content\/uploads\/2023\/11\/20231108_123114-86x64.jpg 86w\" sizes=\"auto, (max-width: 300px) 100vw, 300px\" \/> <img loading=\"lazy\" decoding=\"async\" class=\"alignnone size-medium wp-image-1868\" src=\"https:\/\/arealorcaradio.es\/wp-content\/uploads\/2023\/11\/20231108_123126-300x225.jpg\" alt=\"\" width=\"300\" height=\"225\" srcset=\"https:\/\/arealorcaradio.es\/wp-content\/uploads\/2023\/11\/20231108_123126-300x225.jpg 300w, https:\/\/arealorcaradio.es\/wp-content\/uploads\/2023\/11\/20231108_123126-1024x768.jpg 1024w, https:\/\/arealorcaradio.es\/wp-content\/uploads\/2023\/11\/20231108_123126-768x576.jpg 768w, https:\/\/arealorcaradio.es\/wp-content\/uploads\/2023\/11\/20231108_123126-1536x1152.jpg 1536w, https:\/\/arealorcaradio.es\/wp-content\/uploads\/2023\/11\/20231108_123126-2048x1536.jpg 2048w, https:\/\/arealorcaradio.es\/wp-content\/uploads\/2023\/11\/20231108_123126-86x64.jpg 86w\" sizes=\"auto, (max-width: 300px) 100vw, 300px\" \/> <img loading=\"lazy\" decoding=\"async\" class=\"alignnone size-medium wp-image-1869\" src=\"https:\/\/arealorcaradio.es\/wp-content\/uploads\/2023\/11\/20231108_124358-300x225.jpg\" alt=\"\" width=\"300\" height=\"225\" srcset=\"https:\/\/arealorcaradio.es\/wp-content\/uploads\/2023\/11\/20231108_124358-300x225.jpg 300w, https:\/\/arealorcaradio.es\/wp-content\/uploads\/2023\/11\/20231108_124358-1024x768.jpg 1024w, https:\/\/arealorcaradio.es\/wp-content\/uploads\/2023\/11\/20231108_124358-768x576.jpg 768w, https:\/\/arealorcaradio.es\/wp-content\/uploads\/2023\/11\/20231108_124358-1536x1152.jpg 1536w, https:\/\/arealorcaradio.es\/wp-content\/uploads\/2023\/11\/20231108_124358-2048x1536.jpg 2048w, https:\/\/arealorcaradio.es\/wp-content\/uploads\/2023\/11\/20231108_124358-86x64.jpg 86w\" sizes=\"auto, (max-width: 300px) 100vw, 300px\" \/> <img loading=\"lazy\" decoding=\"async\" class=\"alignnone size-medium wp-image-1870\" src=\"https:\/\/arealorcaradio.es\/wp-content\/uploads\/2023\/11\/20231108_124457-300x225.jpg\" alt=\"\" width=\"300\" height=\"225\" srcset=\"https:\/\/arealorcaradio.es\/wp-content\/uploads\/2023\/11\/20231108_124457-300x225.jpg 300w, https:\/\/arealorcaradio.es\/wp-content\/uploads\/2023\/11\/20231108_124457-1024x768.jpg 1024w, https:\/\/arealorcaradio.es\/wp-content\/uploads\/2023\/11\/20231108_124457-768x576.jpg 768w, https:\/\/arealorcaradio.es\/wp-content\/uploads\/2023\/11\/20231108_124457-1536x1152.jpg 1536w, https:\/\/arealorcaradio.es\/wp-content\/uploads\/2023\/11\/20231108_124457-2048x1536.jpg 2048w, https:\/\/arealorcaradio.es\/wp-content\/uploads\/2023\/11\/20231108_124457-86x64.jpg 86w\" sizes=\"auto, (max-width: 300px) 100vw, 300px\" \/> <img loading=\"lazy\" decoding=\"async\" class=\"alignnone size-medium wp-image-1871\" src=\"https:\/\/arealorcaradio.es\/wp-content\/uploads\/2023\/11\/20231108_122956-300x225.jpg\" alt=\"\" width=\"300\" height=\"225\" srcset=\"https:\/\/arealorcaradio.es\/wp-content\/uploads\/2023\/11\/20231108_122956-300x225.jpg 300w, https:\/\/arealorcaradio.es\/wp-content\/uploads\/2023\/11\/20231108_122956-1024x768.jpg 1024w, https:\/\/arealorcaradio.es\/wp-content\/uploads\/2023\/11\/20231108_122956-768x576.jpg 768w, https:\/\/arealorcaradio.es\/wp-content\/uploads\/2023\/11\/20231108_122956-1536x1152.jpg 1536w, https:\/\/arealorcaradio.es\/wp-content\/uploads\/2023\/11\/20231108_122956-2048x1536.jpg 2048w, https:\/\/arealorcaradio.es\/wp-content\/uploads\/2023\/11\/20231108_122956-86x64.jpg 86w\" sizes=\"auto, (max-width: 300px) 100vw, 300px\" \/> <img loading=\"lazy\" decoding=\"async\" class=\"alignnone size-medium wp-image-1872\" src=\"https:\/\/arealorcaradio.es\/wp-content\/uploads\/2023\/11\/20231108_124215-300x225.jpg\" alt=\"\" width=\"300\" height=\"225\" srcset=\"https:\/\/arealorcaradio.es\/wp-content\/uploads\/2023\/11\/20231108_124215-300x225.jpg 300w, https:\/\/arealorcaradio.es\/wp-content\/uploads\/2023\/11\/20231108_124215-1024x768.jpg 1024w, https:\/\/arealorcaradio.es\/wp-content\/uploads\/2023\/11\/20231108_124215-768x576.jpg 768w, https:\/\/arealorcaradio.es\/wp-content\/uploads\/2023\/11\/20231108_124215-1536x1152.jpg 1536w, https:\/\/arealorcaradio.es\/wp-content\/uploads\/2023\/11\/20231108_124215-2048x1536.jpg 2048w, https:\/\/arealorcaradio.es\/wp-content\/uploads\/2023\/11\/20231108_124215-86x64.jpg 86w\" sizes=\"auto, (max-width: 300px) 100vw, 300px\" \/><\/p>\n<p><img loading=\"lazy\" decoding=\"async\" class=\"alignnone size-medium wp-image-1875\" src=\"https:\/\/arealorcaradio.es\/wp-content\/uploads\/2023\/11\/20231108_125704-300x225.jpg\" alt=\"\" width=\"300\" height=\"225\" srcset=\"https:\/\/arealorcaradio.es\/wp-content\/uploads\/2023\/11\/20231108_125704-300x225.jpg 300w, https:\/\/arealorcaradio.es\/wp-content\/uploads\/2023\/11\/20231108_125704-1024x768.jpg 1024w, https:\/\/arealorcaradio.es\/wp-content\/uploads\/2023\/11\/20231108_125704-768x576.jpg 768w, https:\/\/arealorcaradio.es\/wp-content\/uploads\/2023\/11\/20231108_125704-1536x1152.jpg 1536w, https:\/\/arealorcaradio.es\/wp-content\/uploads\/2023\/11\/20231108_125704-2048x1536.jpg 2048w, https:\/\/arealorcaradio.es\/wp-content\/uploads\/2023\/11\/20231108_125704-86x64.jpg 86w\" sizes=\"auto, (max-width: 300px) 100vw, 300px\" \/> <img loading=\"lazy\" decoding=\"async\" class=\"alignnone size-medium wp-image-1876\" src=\"https:\/\/arealorcaradio.es\/wp-content\/uploads\/2023\/11\/20231108_125605-300x225.jpg\" alt=\"\" width=\"300\" height=\"225\" srcset=\"https:\/\/arealorcaradio.es\/wp-content\/uploads\/2023\/11\/20231108_125605-300x225.jpg 300w, https:\/\/arealorcaradio.es\/wp-content\/uploads\/2023\/11\/20231108_125605-1024x768.jpg 1024w, https:\/\/arealorcaradio.es\/wp-content\/uploads\/2023\/11\/20231108_125605-768x576.jpg 768w, https:\/\/arealorcaradio.es\/wp-content\/uploads\/2023\/11\/20231108_125605-1536x1152.jpg 1536w, https:\/\/arealorcaradio.es\/wp-content\/uploads\/2023\/11\/20231108_125605-2048x1536.jpg 2048w, https:\/\/arealorcaradio.es\/wp-content\/uploads\/2023\/11\/20231108_125605-86x64.jpg 86w\" sizes=\"auto, (max-width: 300px) 100vw, 300px\" \/> <img loading=\"lazy\" decoding=\"async\" class=\"alignnone size-medium wp-image-1877\" src=\"https:\/\/arealorcaradio.es\/wp-content\/uploads\/2023\/11\/20231108_125718-1-300x225.jpg\" alt=\"\" width=\"300\" height=\"225\" srcset=\"https:\/\/arealorcaradio.es\/wp-content\/uploads\/2023\/11\/20231108_125718-1-300x225.jpg 300w, https:\/\/arealorcaradio.es\/wp-content\/uploads\/2023\/11\/20231108_125718-1-1024x768.jpg 1024w, https:\/\/arealorcaradio.es\/wp-content\/uploads\/2023\/11\/20231108_125718-1-768x576.jpg 768w, https:\/\/arealorcaradio.es\/wp-content\/uploads\/2023\/11\/20231108_125718-1-1536x1152.jpg 1536w, https:\/\/arealorcaradio.es\/wp-content\/uploads\/2023\/11\/20231108_125718-1-2048x1536.jpg 2048w, https:\/\/arealorcaradio.es\/wp-content\/uploads\/2023\/11\/20231108_125718-1-86x64.jpg 86w\" sizes=\"auto, (max-width: 300px) 100vw, 300px\" \/><\/p>\n","protected":false},"excerpt":{"rendered":"<p>\u00c1REA LORCA RADIO. El presidente auton\u00f3mico Fernando L\u00f3pez Miras, acompa\u00f1ado entre otros por el alcalde de Lorca Fulgencio Gil, ha inaugurado este mi\u00e9rcoles 8 de noviembre el Tramo 1 de la Ronda Central de Lorca que transita desde el Complejo De0portivo Felipe VI hasta el Barrio Apolonia. Escucha aqu\u00ed las declaraciones de ambos, quienes coinciden [&hellip;]<\/p>\n","protected":false},"author":1,"featured_media":1873,"comment_status":"open","ping_status":"open","sticky":false,"template":"","format":"standard","meta":{"iawp_total_views":7,"footnotes":""},"categories":[7],"tags":[],"class_list":["post-1864","post","type-post","status-publish","format-standard","has-post-thumbnail","hentry","category-lorca"],"yoast_head":"<!-- This site is optimized with the Yoast SEO plugin v27.5 - https:\/\/yoast.com\/product\/yoast-seo-wordpress\/ -->\n<title>El presidente de la Regi\u00f3n de Murcia, Fernando L\u00f3pez Miras, inaugura el tramo 1 de la Ronda Central de Lorca cuya inversi\u00f3n ha superado los 5,6 millones de euros - AREA LORCA RADIO<\/title>\n<meta name=\"robots\" content=\"index, follow, max-snippet:-1, max-image-preview:large, max-video-preview:-1\" \/>\n<link rel=\"canonical\" href=\"https:\/\/arealorcaradio.es\/index.php\/2023\/11\/08\/el-presidente-de-la-region-de-murcia-fernando-lopez-miras-inaugura-el-tramo-1-de-la-ronda-central-de-lorca-cuya-inversion-ha-superado-los-56-millones-de-euros\/\" \/>\n<meta property=\"og:locale\" content=\"es_ES\" \/>\n<meta property=\"og:type\" content=\"article\" \/>\n<meta property=\"og:title\" content=\"El presidente de la Regi\u00f3n de Murcia, Fernando L\u00f3pez Miras, inaugura el tramo 1 de la Ronda Central de Lorca cuya inversi\u00f3n ha superado los 5,6 millones de euros - AREA LORCA RADIO\" \/>\n<meta property=\"og:description\" content=\"\u00c1REA LORCA RADIO. El presidente auton\u00f3mico Fernando L\u00f3pez Miras, acompa\u00f1ado entre otros por el alcalde de Lorca Fulgencio Gil, ha inaugurado este mi\u00e9rcoles 8 de noviembre el Tramo 1 de la Ronda Central de Lorca que transita desde el Complejo De0portivo Felipe VI hasta el Barrio Apolonia. Escucha aqu\u00ed las declaraciones de ambos, quienes coinciden [&hellip;]\" \/>\n<meta property=\"og:url\" content=\"https:\/\/arealorcaradio.es\/index.php\/2023\/11\/08\/el-presidente-de-la-region-de-murcia-fernando-lopez-miras-inaugura-el-tramo-1-de-la-ronda-central-de-lorca-cuya-inversion-ha-superado-los-56-millones-de-euros\/\" \/>\n<meta property=\"og:site_name\" content=\"AREA LORCA RADIO\" \/>\n<meta property=\"article:published_time\" content=\"2023-11-08T12:49:37+00:00\" \/>\n<meta property=\"og:image\" content=\"https:\/\/arealorcaradio.es\/wp-content\/uploads\/2023\/11\/20231108_125718-scaled.jpg\" \/>\n\t<meta property=\"og:image:width\" content=\"2560\" \/>\n\t<meta property=\"og:image:height\" content=\"1920\" \/>\n\t<meta property=\"og:image:type\" content=\"image\/jpeg\" \/>\n<meta name=\"author\" content=\"Paco S\u00e1nchez\" \/>\n<meta name=\"twitter:card\" content=\"summary_large_image\" \/>\n<meta name=\"twitter:label1\" content=\"Escrito por\" \/>\n\t<meta name=\"twitter:data1\" content=\"Paco S\u00e1nchez\" \/>\n\t<meta name=\"twitter:label2\" content=\"Tiempo de lectura\" \/>\n\t<meta name=\"twitter:data2\" content=\"3 minutos\" \/>\n<script type=\"application\/ld+json\" class=\"yoast-schema-graph\">{\"@context\":\"https:\\\/\\\/schema.org\",\"@graph\":[{\"@type\":\"Article\",\"@id\":\"https:\\\/\\\/arealorcaradio.es\\\/index.php\\\/2023\\\/11\\\/08\\\/el-presidente-de-la-region-de-murcia-fernando-lopez-miras-inaugura-el-tramo-1-de-la-ronda-central-de-lorca-cuya-inversion-ha-superado-los-56-millones-de-euros\\\/#article\",\"isPartOf\":{\"@id\":\"https:\\\/\\\/arealorcaradio.es\\\/index.php\\\/2023\\\/11\\\/08\\\/el-presidente-de-la-region-de-murcia-fernando-lopez-miras-inaugura-el-tramo-1-de-la-ronda-central-de-lorca-cuya-inversion-ha-superado-los-56-millones-de-euros\\\/\"},\"author\":{\"name\":\"Paco S\u00e1nchez\",\"@id\":\"https:\\\/\\\/arealorcaradio.es\\\/#\\\/schema\\\/person\\\/9fae605fc25b0f2c83c1ab207139bd27\"},\"headline\":\"El presidente de la Regi\u00f3n de Murcia, Fernando L\u00f3pez Miras, inaugura el tramo 1 de la Ronda Central de Lorca cuya inversi\u00f3n ha superado los 5,6 millones de euros\",\"datePublished\":\"2023-11-08T12:49:37+00:00\",\"mainEntityOfPage\":{\"@id\":\"https:\\\/\\\/arealorcaradio.es\\\/index.php\\\/2023\\\/11\\\/08\\\/el-presidente-de-la-region-de-murcia-fernando-lopez-miras-inaugura-el-tramo-1-de-la-ronda-central-de-lorca-cuya-inversion-ha-superado-los-56-millones-de-euros\\\/\"},\"wordCount\":172,\"commentCount\":0,\"image\":{\"@id\":\"https:\\\/\\\/arealorcaradio.es\\\/index.php\\\/2023\\\/11\\\/08\\\/el-presidente-de-la-region-de-murcia-fernando-lopez-miras-inaugura-el-tramo-1-de-la-ronda-central-de-lorca-cuya-inversion-ha-superado-los-56-millones-de-euros\\\/#primaryimage\"},\"thumbnailUrl\":\"https:\\\/\\\/arealorcaradio.es\\\/wp-content\\\/uploads\\\/2023\\\/11\\\/20231108_125718-scaled.jpg\",\"articleSection\":[\"LORCA\"],\"inLanguage\":\"es\",\"potentialAction\":[{\"@type\":\"CommentAction\",\"name\":\"Comment\",\"target\":[\"https:\\\/\\\/arealorcaradio.es\\\/index.php\\\/2023\\\/11\\\/08\\\/el-presidente-de-la-region-de-murcia-fernando-lopez-miras-inaugura-el-tramo-1-de-la-ronda-central-de-lorca-cuya-inversion-ha-superado-los-56-millones-de-euros\\\/#respond\"]}]},{\"@type\":\"WebPage\",\"@id\":\"https:\\\/\\\/arealorcaradio.es\\\/index.php\\\/2023\\\/11\\\/08\\\/el-presidente-de-la-region-de-murcia-fernando-lopez-miras-inaugura-el-tramo-1-de-la-ronda-central-de-lorca-cuya-inversion-ha-superado-los-56-millones-de-euros\\\/\",\"url\":\"https:\\\/\\\/arealorcaradio.es\\\/index.php\\\/2023\\\/11\\\/08\\\/el-presidente-de-la-region-de-murcia-fernando-lopez-miras-inaugura-el-tramo-1-de-la-ronda-central-de-lorca-cuya-inversion-ha-superado-los-56-millones-de-euros\\\/\",\"name\":\"El presidente de la Regi\u00f3n de Murcia, Fernando L\u00f3pez Miras, inaugura el tramo 1 de la Ronda Central de Lorca cuya inversi\u00f3n ha superado los 5,6 millones de euros - AREA LORCA RADIO\",\"isPartOf\":{\"@id\":\"https:\\\/\\\/arealorcaradio.es\\\/#website\"},\"primaryImageOfPage\":{\"@id\":\"https:\\\/\\\/arealorcaradio.es\\\/index.php\\\/2023\\\/11\\\/08\\\/el-presidente-de-la-region-de-murcia-fernando-lopez-miras-inaugura-el-tramo-1-de-la-ronda-central-de-lorca-cuya-inversion-ha-superado-los-56-millones-de-euros\\\/#primaryimage\"},\"image\":{\"@id\":\"https:\\\/\\\/arealorcaradio.es\\\/index.php\\\/2023\\\/11\\\/08\\\/el-presidente-de-la-region-de-murcia-fernando-lopez-miras-inaugura-el-tramo-1-de-la-ronda-central-de-lorca-cuya-inversion-ha-superado-los-56-millones-de-euros\\\/#primaryimage\"},\"thumbnailUrl\":\"https:\\\/\\\/arealorcaradio.es\\\/wp-content\\\/uploads\\\/2023\\\/11\\\/20231108_125718-scaled.jpg\",\"datePublished\":\"2023-11-08T12:49:37+00:00\",\"author\":{\"@id\":\"https:\\\/\\\/arealorcaradio.es\\\/#\\\/schema\\\/person\\\/9fae605fc25b0f2c83c1ab207139bd27\"},\"breadcrumb\":{\"@id\":\"https:\\\/\\\/arealorcaradio.es\\\/index.php\\\/2023\\\/11\\\/08\\\/el-presidente-de-la-region-de-murcia-fernando-lopez-miras-inaugura-el-tramo-1-de-la-ronda-central-de-lorca-cuya-inversion-ha-superado-los-56-millones-de-euros\\\/#breadcrumb\"},\"inLanguage\":\"es\",\"potentialAction\":[{\"@type\":\"ReadAction\",\"target\":[\"https:\\\/\\\/arealorcaradio.es\\\/index.php\\\/2023\\\/11\\\/08\\\/el-presidente-de-la-region-de-murcia-fernando-lopez-miras-inaugura-el-tramo-1-de-la-ronda-central-de-lorca-cuya-inversion-ha-superado-los-56-millones-de-euros\\\/\"]}]},{\"@type\":\"ImageObject\",\"inLanguage\":\"es\",\"@id\":\"https:\\\/\\\/arealorcaradio.es\\\/index.php\\\/2023\\\/11\\\/08\\\/el-presidente-de-la-region-de-murcia-fernando-lopez-miras-inaugura-el-tramo-1-de-la-ronda-central-de-lorca-cuya-inversion-ha-superado-los-56-millones-de-euros\\\/#primaryimage\",\"url\":\"https:\\\/\\\/arealorcaradio.es\\\/wp-content\\\/uploads\\\/2023\\\/11\\\/20231108_125718-scaled.jpg\",\"contentUrl\":\"https:\\\/\\\/arealorcaradio.es\\\/wp-content\\\/uploads\\\/2023\\\/11\\\/20231108_125718-scaled.jpg\",\"width\":2560,\"height\":1920},{\"@type\":\"BreadcrumbList\",\"@id\":\"https:\\\/\\\/arealorcaradio.es\\\/index.php\\\/2023\\\/11\\\/08\\\/el-presidente-de-la-region-de-murcia-fernando-lopez-miras-inaugura-el-tramo-1-de-la-ronda-central-de-lorca-cuya-inversion-ha-superado-los-56-millones-de-euros\\\/#breadcrumb\",\"itemListElement\":[{\"@type\":\"ListItem\",\"position\":1,\"name\":\"Portada\",\"item\":\"https:\\\/\\\/arealorcaradio.es\\\/\"},{\"@type\":\"ListItem\",\"position\":2,\"name\":\"El presidente de la Regi\u00f3n de Murcia, Fernando L\u00f3pez Miras, inaugura el tramo 1 de la Ronda Central de Lorca cuya inversi\u00f3n ha superado los 5,6 millones de euros\"}]},{\"@type\":\"WebSite\",\"@id\":\"https:\\\/\\\/arealorcaradio.es\\\/#website\",\"url\":\"https:\\\/\\\/arealorcaradio.es\\\/\",\"name\":\"AREA LORCA RADIO\",\"description\":\"Descubre la programaci\u00f3n actual en \u00c1rea Lorca Radio, tu fuente de entrenamiento y noticias locales. Sintoniza ahora y mantente conectado online.\",\"potentialAction\":[{\"@type\":\"SearchAction\",\"target\":{\"@type\":\"EntryPoint\",\"urlTemplate\":\"https:\\\/\\\/arealorcaradio.es\\\/?s={search_term_string}\"},\"query-input\":{\"@type\":\"PropertyValueSpecification\",\"valueRequired\":true,\"valueName\":\"search_term_string\"}}],\"inLanguage\":\"es\"},{\"@type\":\"Person\",\"@id\":\"https:\\\/\\\/arealorcaradio.es\\\/#\\\/schema\\\/person\\\/9fae605fc25b0f2c83c1ab207139bd27\",\"name\":\"Paco S\u00e1nchez\",\"image\":{\"@type\":\"ImageObject\",\"inLanguage\":\"es\",\"@id\":\"https:\\\/\\\/secure.gravatar.com\\\/avatar\\\/d67144e966420fb74aa84c9f2a0103be4724fd14db52b52d3b6bca749f257e79?s=96&d=mm&r=g\",\"url\":\"https:\\\/\\\/secure.gravatar.com\\\/avatar\\\/d67144e966420fb74aa84c9f2a0103be4724fd14db52b52d3b6bca749f257e79?s=96&d=mm&r=g\",\"contentUrl\":\"https:\\\/\\\/secure.gravatar.com\\\/avatar\\\/d67144e966420fb74aa84c9f2a0103be4724fd14db52b52d3b6bca749f257e79?s=96&d=mm&r=g\",\"caption\":\"Paco S\u00e1nchez\"},\"sameAs\":[\"https:\\\/\\\/arealorcaradio.es\"],\"url\":\"https:\\\/\\\/arealorcaradio.es\\\/index.php\\\/author\\\/admin_alorcaradio\\\/\"}]}<\/script>\n<!-- \/ Yoast SEO plugin. -->","yoast_head_json":{"title":"El presidente de la Regi\u00f3n de Murcia, Fernando L\u00f3pez Miras, inaugura el tramo 1 de la Ronda Central de Lorca cuya inversi\u00f3n ha superado los 5,6 millones de euros - AREA LORCA RADIO","robots":{"index":"index","follow":"follow","max-snippet":"max-snippet:-1","max-image-preview":"max-image-preview:large","max-video-preview":"max-video-preview:-1"},"canonical":"https:\/\/arealorcaradio.es\/index.php\/2023\/11\/08\/el-presidente-de-la-region-de-murcia-fernando-lopez-miras-inaugura-el-tramo-1-de-la-ronda-central-de-lorca-cuya-inversion-ha-superado-los-56-millones-de-euros\/","og_locale":"es_ES","og_type":"article","og_title":"El presidente de la Regi\u00f3n de Murcia, Fernando L\u00f3pez Miras, inaugura el tramo 1 de la Ronda Central de Lorca cuya inversi\u00f3n ha superado los 5,6 millones de euros - AREA LORCA RADIO","og_description":"\u00c1REA LORCA RADIO. El presidente auton\u00f3mico Fernando L\u00f3pez Miras, acompa\u00f1ado entre otros por el alcalde de Lorca Fulgencio Gil, ha inaugurado este mi\u00e9rcoles 8 de noviembre el Tramo 1 de la Ronda Central de Lorca que transita desde el Complejo De0portivo Felipe VI hasta el Barrio Apolonia. Escucha aqu\u00ed las declaraciones de ambos, quienes coinciden [&hellip;]","og_url":"https:\/\/arealorcaradio.es\/index.php\/2023\/11\/08\/el-presidente-de-la-region-de-murcia-fernando-lopez-miras-inaugura-el-tramo-1-de-la-ronda-central-de-lorca-cuya-inversion-ha-superado-los-56-millones-de-euros\/","og_site_name":"AREA LORCA RADIO","article_published_time":"2023-11-08T12:49:37+00:00","og_image":[{"width":2560,"height":1920,"url":"https:\/\/arealorcaradio.es\/wp-content\/uploads\/2023\/11\/20231108_125718-scaled.jpg","type":"image\/jpeg"}],"author":"Paco S\u00e1nchez","twitter_card":"summary_large_image","twitter_misc":{"Escrito por":"Paco S\u00e1nchez","Tiempo de lectura":"3 minutos"},"schema":{"@context":"https:\/\/schema.org","@graph":[{"@type":"Article","@id":"https:\/\/arealorcaradio.es\/index.php\/2023\/11\/08\/el-presidente-de-la-region-de-murcia-fernando-lopez-miras-inaugura-el-tramo-1-de-la-ronda-central-de-lorca-cuya-inversion-ha-superado-los-56-millones-de-euros\/#article","isPartOf":{"@id":"https:\/\/arealorcaradio.es\/index.php\/2023\/11\/08\/el-presidente-de-la-region-de-murcia-fernando-lopez-miras-inaugura-el-tramo-1-de-la-ronda-central-de-lorca-cuya-inversion-ha-superado-los-56-millones-de-euros\/"},"author":{"name":"Paco S\u00e1nchez","@id":"https:\/\/arealorcaradio.es\/#\/schema\/person\/9fae605fc25b0f2c83c1ab207139bd27"},"headline":"El presidente de la Regi\u00f3n de Murcia, Fernando L\u00f3pez Miras, inaugura el tramo 1 de la Ronda Central de Lorca cuya inversi\u00f3n ha superado los 5,6 millones de euros","datePublished":"2023-11-08T12:49:37+00:00","mainEntityOfPage":{"@id":"https:\/\/arealorcaradio.es\/index.php\/2023\/11\/08\/el-presidente-de-la-region-de-murcia-fernando-lopez-miras-inaugura-el-tramo-1-de-la-ronda-central-de-lorca-cuya-inversion-ha-superado-los-56-millones-de-euros\/"},"wordCount":172,"commentCount":0,"image":{"@id":"https:\/\/arealorcaradio.es\/index.php\/2023\/11\/08\/el-presidente-de-la-region-de-murcia-fernando-lopez-miras-inaugura-el-tramo-1-de-la-ronda-central-de-lorca-cuya-inversion-ha-superado-los-56-millones-de-euros\/#primaryimage"},"thumbnailUrl":"https:\/\/arealorcaradio.es\/wp-content\/uploads\/2023\/11\/20231108_125718-scaled.jpg","articleSection":["LORCA"],"inLanguage":"es","potentialAction":[{"@type":"CommentAction","name":"Comment","target":["https:\/\/arealorcaradio.es\/index.php\/2023\/11\/08\/el-presidente-de-la-region-de-murcia-fernando-lopez-miras-inaugura-el-tramo-1-de-la-ronda-central-de-lorca-cuya-inversion-ha-superado-los-56-millones-de-euros\/#respond"]}]},{"@type":"WebPage","@id":"https:\/\/arealorcaradio.es\/index.php\/2023\/11\/08\/el-presidente-de-la-region-de-murcia-fernando-lopez-miras-inaugura-el-tramo-1-de-la-ronda-central-de-lorca-cuya-inversion-ha-superado-los-56-millones-de-euros\/","url":"https:\/\/arealorcaradio.es\/index.php\/2023\/11\/08\/el-presidente-de-la-region-de-murcia-fernando-lopez-miras-inaugura-el-tramo-1-de-la-ronda-central-de-lorca-cuya-inversion-ha-superado-los-56-millones-de-euros\/","name":"El presidente de la Regi\u00f3n de Murcia, Fernando L\u00f3pez Miras, inaugura el tramo 1 de la Ronda Central de Lorca cuya inversi\u00f3n ha superado los 5,6 millones de euros - AREA LORCA RADIO","isPartOf":{"@id":"https:\/\/arealorcaradio.es\/#website"},"primaryImageOfPage":{"@id":"https:\/\/arealorcaradio.es\/index.php\/2023\/11\/08\/el-presidente-de-la-region-de-murcia-fernando-lopez-miras-inaugura-el-tramo-1-de-la-ronda-central-de-lorca-cuya-inversion-ha-superado-los-56-millones-de-euros\/#primaryimage"},"image":{"@id":"https:\/\/arealorcaradio.es\/index.php\/2023\/11\/08\/el-presidente-de-la-region-de-murcia-fernando-lopez-miras-inaugura-el-tramo-1-de-la-ronda-central-de-lorca-cuya-inversion-ha-superado-los-56-millones-de-euros\/#primaryimage"},"thumbnailUrl":"https:\/\/arealorcaradio.es\/wp-content\/uploads\/2023\/11\/20231108_125718-scaled.jpg","datePublished":"2023-11-08T12:49:37+00:00","author":{"@id":"https:\/\/arealorcaradio.es\/#\/schema\/person\/9fae605fc25b0f2c83c1ab207139bd27"},"breadcrumb":{"@id":"https:\/\/arealorcaradio.es\/index.php\/2023\/11\/08\/el-presidente-de-la-region-de-murcia-fernando-lopez-miras-inaugura-el-tramo-1-de-la-ronda-central-de-lorca-cuya-inversion-ha-superado-los-56-millones-de-euros\/#breadcrumb"},"inLanguage":"es","potentialAction":[{"@type":"ReadAction","target":["https:\/\/arealorcaradio.es\/index.php\/2023\/11\/08\/el-presidente-de-la-region-de-murcia-fernando-lopez-miras-inaugura-el-tramo-1-de-la-ronda-central-de-lorca-cuya-inversion-ha-superado-los-56-millones-de-euros\/"]}]},{"@type":"ImageObject","inLanguage":"es","@id":"https:\/\/arealorcaradio.es\/index.php\/2023\/11\/08\/el-presidente-de-la-region-de-murcia-fernando-lopez-miras-inaugura-el-tramo-1-de-la-ronda-central-de-lorca-cuya-inversion-ha-superado-los-56-millones-de-euros\/#primaryimage","url":"https:\/\/arealorcaradio.es\/wp-content\/uploads\/2023\/11\/20231108_125718-scaled.jpg","contentUrl":"https:\/\/arealorcaradio.es\/wp-content\/uploads\/2023\/11\/20231108_125718-scaled.jpg","width":2560,"height":1920},{"@type":"BreadcrumbList","@id":"https:\/\/arealorcaradio.es\/index.php\/2023\/11\/08\/el-presidente-de-la-region-de-murcia-fernando-lopez-miras-inaugura-el-tramo-1-de-la-ronda-central-de-lorca-cuya-inversion-ha-superado-los-56-millones-de-euros\/#breadcrumb","itemListElement":[{"@type":"ListItem","position":1,"name":"Portada","item":"https:\/\/arealorcaradio.es\/"},{"@type":"ListItem","position":2,"name":"El presidente de la Regi\u00f3n de Murcia, Fernando L\u00f3pez Miras, inaugura el tramo 1 de la Ronda Central de Lorca cuya inversi\u00f3n ha superado los 5,6 millones de euros"}]},{"@type":"WebSite","@id":"https:\/\/arealorcaradio.es\/#website","url":"https:\/\/arealorcaradio.es\/","name":"AREA LORCA RADIO","description":"Descubre la programaci\u00f3n actual en \u00c1rea Lorca Radio, tu fuente de entrenamiento y noticias locales. Sintoniza ahora y mantente conectado online.","potentialAction":[{"@type":"SearchAction","target":{"@type":"EntryPoint","urlTemplate":"https:\/\/arealorcaradio.es\/?s={search_term_string}"},"query-input":{"@type":"PropertyValueSpecification","valueRequired":true,"valueName":"search_term_string"}}],"inLanguage":"es"},{"@type":"Person","@id":"https:\/\/arealorcaradio.es\/#\/schema\/person\/9fae605fc25b0f2c83c1ab207139bd27","name":"Paco S\u00e1nchez","image":{"@type":"ImageObject","inLanguage":"es","@id":"https:\/\/secure.gravatar.com\/avatar\/d67144e966420fb74aa84c9f2a0103be4724fd14db52b52d3b6bca749f257e79?s=96&d=mm&r=g","url":"https:\/\/secure.gravatar.com\/avatar\/d67144e966420fb74aa84c9f2a0103be4724fd14db52b52d3b6bca749f257e79?s=96&d=mm&r=g","contentUrl":"https:\/\/secure.gravatar.com\/avatar\/d67144e966420fb74aa84c9f2a0103be4724fd14db52b52d3b6bca749f257e79?s=96&d=mm&r=g","caption":"Paco S\u00e1nchez"},"sameAs":["https:\/\/arealorcaradio.es"],"url":"https:\/\/arealorcaradio.es\/index.php\/author\/admin_alorcaradio\/"}]}},"_links":{"self":[{"href":"https:\/\/arealorcaradio.es\/index.php\/wp-json\/wp\/v2\/posts\/1864","targetHints":{"allow":["GET"]}}],"collection":[{"href":"https:\/\/arealorcaradio.es\/index.php\/wp-json\/wp\/v2\/posts"}],"about":[{"href":"https:\/\/arealorcaradio.es\/index.php\/wp-json\/wp\/v2\/types\/post"}],"author":[{"embeddable":true,"href":"https:\/\/arealorcaradio.es\/index.php\/wp-json\/wp\/v2\/users\/1"}],"replies":[{"embeddable":true,"href":"https:\/\/arealorcaradio.es\/index.php\/wp-json\/wp\/v2\/comments?post=1864"}],"version-history":[{"count":2,"href":"https:\/\/arealorcaradio.es\/index.php\/wp-json\/wp\/v2\/posts\/1864\/revisions"}],"predecessor-version":[{"id":1878,"href":"https:\/\/arealorcaradio.es\/index.php\/wp-json\/wp\/v2\/posts\/1864\/revisions\/1878"}],"wp:featuredmedia":[{"embeddable":true,"href":"https:\/\/arealorcaradio.es\/index.php\/wp-json\/wp\/v2\/media\/1873"}],"wp:attachment":[{"href":"https:\/\/arealorcaradio.es\/index.php\/wp-json\/wp\/v2\/media?parent=1864"}],"wp:term":[{"taxonomy":"category","embeddable":true,"href":"https:\/\/arealorcaradio.es\/index.php\/wp-json\/wp\/v2\/categories?post=1864"},{"taxonomy":"post_tag","embeddable":true,"href":"https:\/\/arealorcaradio.es\/index.php\/wp-json\/wp\/v2\/tags?post=1864"}],"curies":[{"name":"wp","href":"https:\/\/api.w.org\/{rel}","templated":true}]}}