{"id":184,"date":"2023-02-28T18:18:07","date_gmt":"2023-02-28T18:18:07","guid":{"rendered":"https:\/\/arealorcaradio.es\/?p=184"},"modified":"2023-02-28T18:18:07","modified_gmt":"2023-02-28T18:18:07","slug":"la-concejala-de-izquierda-unida-verdes-gloria-martin-se-muestra-contenta-tras-la-aprobacion-en-pleno-de-las-distancias-de-las-granjas-porcinas","status":"publish","type":"post","link":"https:\/\/arealorcaradio.es\/index.php\/2023\/02\/28\/la-concejala-de-izquierda-unida-verdes-gloria-martin-se-muestra-contenta-tras-la-aprobacion-en-pleno-de-las-distancias-de-las-granjas-porcinas\/","title":{"rendered":"La concejala de Izquierda Unida Verdes Gloria Mart\u00edn se muestra contenta tras la aprobaci\u00f3n en Pleno de las distancias de las granjas porcinas"},"content":{"rendered":"<p>Gloria Mart\u00edn ha mostrado su satisfacci\u00f3n tras una larga etapa de reivindicaciones vecinales en este sentido. Escucha aqu\u00ed la entrevista que ha concedido la concejala de Izquierda Unida Verdes a Paco S\u00e1nchez en el magazine \u00c1rea Lorca Actualidad.<\/p>\n<audio class=\"wp-audio-shortcode\" id=\"audio-184-1\" preload=\"none\" style=\"width: 100%;\" controls=\"controls\"><source type=\"audio\/mpeg\" src=\"https:\/\/arealorcaradio.es\/wp-content\/uploads\/2023\/02\/280223-GLORIA-MARTIN.-NORMATIVA-GRANJAS-PORCINAS.mp3?_=1\" \/><a href=\"https:\/\/arealorcaradio.es\/wp-content\/uploads\/2023\/02\/280223-GLORIA-MARTIN.-NORMATIVA-GRANJAS-PORCINAS.mp3\">https:\/\/arealorcaradio.es\/wp-content\/uploads\/2023\/02\/280223-GLORIA-MARTIN.-NORMATIVA-GRANJAS-PORCINAS.mp3<\/a><\/audio>\n<p>&nbsp;<\/p>\n","protected":false},"excerpt":{"rendered":"<p>Gloria Mart\u00edn ha mostrado su satisfacci\u00f3n tras una larga etapa de reivindicaciones vecinales en este sentido. Escucha aqu\u00ed la entrevista que ha concedido la concejala de Izquierda Unida Verdes a Paco S\u00e1nchez en el magazine \u00c1rea Lorca Actualidad. &nbsp;<\/p>\n","protected":false},"author":1,"featured_media":186,"comment_status":"open","ping_status":"open","sticky":false,"template":"","format":"standard","meta":{"iawp_total_views":3,"footnotes":""},"categories":[5,7],"tags":[],"class_list":["post-184","post","type-post","status-publish","format-standard","has-post-thumbnail","hentry","category-actualidad","category-lorca"],"yoast_head":"<!-- This site is optimized with the Yoast SEO plugin v27.5 - https:\/\/yoast.com\/product\/yoast-seo-wordpress\/ -->\n<title>La concejala de Izquierda Unida Verdes Gloria Mart\u00edn se muestra contenta tras la aprobaci\u00f3n en Pleno de las distancias de las granjas porcinas - AREA LORCA RADIO<\/title>\n<meta name=\"robots\" content=\"index, follow, max-snippet:-1, max-image-preview:large, max-video-preview:-1\" \/>\n<link rel=\"canonical\" href=\"https:\/\/arealorcaradio.es\/index.php\/2023\/02\/28\/la-concejala-de-izquierda-unida-verdes-gloria-martin-se-muestra-contenta-tras-la-aprobacion-en-pleno-de-las-distancias-de-las-granjas-porcinas\/\" \/>\n<meta property=\"og:locale\" content=\"es_ES\" \/>\n<meta property=\"og:type\" content=\"article\" \/>\n<meta property=\"og:title\" content=\"La concejala de Izquierda Unida Verdes Gloria Mart\u00edn se muestra contenta tras la aprobaci\u00f3n en Pleno de las distancias de las granjas porcinas - AREA LORCA RADIO\" \/>\n<meta property=\"og:description\" content=\"Gloria Mart\u00edn ha mostrado su satisfacci\u00f3n tras una larga etapa de reivindicaciones vecinales en este sentido. Escucha aqu\u00ed la entrevista que ha concedido la concejala de Izquierda Unida Verdes a Paco S\u00e1nchez en el magazine \u00c1rea Lorca Actualidad. &nbsp;\" \/>\n<meta property=\"og:url\" content=\"https:\/\/arealorcaradio.es\/index.php\/2023\/02\/28\/la-concejala-de-izquierda-unida-verdes-gloria-martin-se-muestra-contenta-tras-la-aprobacion-en-pleno-de-las-distancias-de-las-granjas-porcinas\/\" \/>\n<meta property=\"og:site_name\" content=\"AREA LORCA RADIO\" \/>\n<meta property=\"article:published_time\" content=\"2023-02-28T18:18:07+00:00\" \/>\n<meta property=\"og:image\" content=\"https:\/\/arealorcaradio.es\/wp-content\/uploads\/2023\/02\/IMG-20230228-WA0026.jpg\" \/>\n\t<meta property=\"og:image:width\" content=\"1600\" \/>\n\t<meta property=\"og:image:height\" content=\"1200\" \/>\n\t<meta property=\"og:image:type\" content=\"image\/jpeg\" \/>\n<meta name=\"author\" content=\"Paco S\u00e1nchez\" \/>\n<meta name=\"twitter:card\" content=\"summary_large_image\" \/>\n<meta name=\"twitter:label1\" content=\"Escrito por\" \/>\n\t<meta name=\"twitter:data1\" content=\"Paco S\u00e1nchez\" \/>\n\t<meta name=\"twitter:label2\" content=\"Tiempo de lectura\" \/>\n\t<meta name=\"twitter:data2\" content=\"1 minuto\" \/>\n<script type=\"application\/ld+json\" class=\"yoast-schema-graph\">{\"@context\":\"https:\\\/\\\/schema.org\",\"@graph\":[{\"@type\":\"Article\",\"@id\":\"https:\\\/\\\/arealorcaradio.es\\\/index.php\\\/2023\\\/02\\\/28\\\/la-concejala-de-izquierda-unida-verdes-gloria-martin-se-muestra-contenta-tras-la-aprobacion-en-pleno-de-las-distancias-de-las-granjas-porcinas\\\/#article\",\"isPartOf\":{\"@id\":\"https:\\\/\\\/arealorcaradio.es\\\/index.php\\\/2023\\\/02\\\/28\\\/la-concejala-de-izquierda-unida-verdes-gloria-martin-se-muestra-contenta-tras-la-aprobacion-en-pleno-de-las-distancias-de-las-granjas-porcinas\\\/\"},\"author\":{\"name\":\"Paco S\u00e1nchez\",\"@id\":\"https:\\\/\\\/arealorcaradio.es\\\/#\\\/schema\\\/person\\\/9fae605fc25b0f2c83c1ab207139bd27\"},\"headline\":\"La concejala de Izquierda Unida Verdes Gloria Mart\u00edn se muestra contenta tras la aprobaci\u00f3n en Pleno de las distancias de las granjas porcinas\",\"datePublished\":\"2023-02-28T18:18:07+00:00\",\"mainEntityOfPage\":{\"@id\":\"https:\\\/\\\/arealorcaradio.es\\\/index.php\\\/2023\\\/02\\\/28\\\/la-concejala-de-izquierda-unida-verdes-gloria-martin-se-muestra-contenta-tras-la-aprobacion-en-pleno-de-las-distancias-de-las-granjas-porcinas\\\/\"},\"wordCount\":78,\"commentCount\":0,\"image\":{\"@id\":\"https:\\\/\\\/arealorcaradio.es\\\/index.php\\\/2023\\\/02\\\/28\\\/la-concejala-de-izquierda-unida-verdes-gloria-martin-se-muestra-contenta-tras-la-aprobacion-en-pleno-de-las-distancias-de-las-granjas-porcinas\\\/#primaryimage\"},\"thumbnailUrl\":\"https:\\\/\\\/arealorcaradio.es\\\/wp-content\\\/uploads\\\/2023\\\/02\\\/IMG-20230228-WA0026.jpg\",\"articleSection\":[\"ACTUALIDAD\",\"LORCA\"],\"inLanguage\":\"es\",\"potentialAction\":[{\"@type\":\"CommentAction\",\"name\":\"Comment\",\"target\":[\"https:\\\/\\\/arealorcaradio.es\\\/index.php\\\/2023\\\/02\\\/28\\\/la-concejala-de-izquierda-unida-verdes-gloria-martin-se-muestra-contenta-tras-la-aprobacion-en-pleno-de-las-distancias-de-las-granjas-porcinas\\\/#respond\"]}]},{\"@type\":\"WebPage\",\"@id\":\"https:\\\/\\\/arealorcaradio.es\\\/index.php\\\/2023\\\/02\\\/28\\\/la-concejala-de-izquierda-unida-verdes-gloria-martin-se-muestra-contenta-tras-la-aprobacion-en-pleno-de-las-distancias-de-las-granjas-porcinas\\\/\",\"url\":\"https:\\\/\\\/arealorcaradio.es\\\/index.php\\\/2023\\\/02\\\/28\\\/la-concejala-de-izquierda-unida-verdes-gloria-martin-se-muestra-contenta-tras-la-aprobacion-en-pleno-de-las-distancias-de-las-granjas-porcinas\\\/\",\"name\":\"La concejala de Izquierda Unida Verdes Gloria Mart\u00edn se muestra contenta tras la aprobaci\u00f3n en Pleno de las distancias de las granjas porcinas - AREA LORCA RADIO\",\"isPartOf\":{\"@id\":\"https:\\\/\\\/arealorcaradio.es\\\/#website\"},\"primaryImageOfPage\":{\"@id\":\"https:\\\/\\\/arealorcaradio.es\\\/index.php\\\/2023\\\/02\\\/28\\\/la-concejala-de-izquierda-unida-verdes-gloria-martin-se-muestra-contenta-tras-la-aprobacion-en-pleno-de-las-distancias-de-las-granjas-porcinas\\\/#primaryimage\"},\"image\":{\"@id\":\"https:\\\/\\\/arealorcaradio.es\\\/index.php\\\/2023\\\/02\\\/28\\\/la-concejala-de-izquierda-unida-verdes-gloria-martin-se-muestra-contenta-tras-la-aprobacion-en-pleno-de-las-distancias-de-las-granjas-porcinas\\\/#primaryimage\"},\"thumbnailUrl\":\"https:\\\/\\\/arealorcaradio.es\\\/wp-content\\\/uploads\\\/2023\\\/02\\\/IMG-20230228-WA0026.jpg\",\"datePublished\":\"2023-02-28T18:18:07+00:00\",\"author\":{\"@id\":\"https:\\\/\\\/arealorcaradio.es\\\/#\\\/schema\\\/person\\\/9fae605fc25b0f2c83c1ab207139bd27\"},\"breadcrumb\":{\"@id\":\"https:\\\/\\\/arealorcaradio.es\\\/index.php\\\/2023\\\/02\\\/28\\\/la-concejala-de-izquierda-unida-verdes-gloria-martin-se-muestra-contenta-tras-la-aprobacion-en-pleno-de-las-distancias-de-las-granjas-porcinas\\\/#breadcrumb\"},\"inLanguage\":\"es\",\"potentialAction\":[{\"@type\":\"ReadAction\",\"target\":[\"https:\\\/\\\/arealorcaradio.es\\\/index.php\\\/2023\\\/02\\\/28\\\/la-concejala-de-izquierda-unida-verdes-gloria-martin-se-muestra-contenta-tras-la-aprobacion-en-pleno-de-las-distancias-de-las-granjas-porcinas\\\/\"]}]},{\"@type\":\"ImageObject\",\"inLanguage\":\"es\",\"@id\":\"https:\\\/\\\/arealorcaradio.es\\\/index.php\\\/2023\\\/02\\\/28\\\/la-concejala-de-izquierda-unida-verdes-gloria-martin-se-muestra-contenta-tras-la-aprobacion-en-pleno-de-las-distancias-de-las-granjas-porcinas\\\/#primaryimage\",\"url\":\"https:\\\/\\\/arealorcaradio.es\\\/wp-content\\\/uploads\\\/2023\\\/02\\\/IMG-20230228-WA0026.jpg\",\"contentUrl\":\"https:\\\/\\\/arealorcaradio.es\\\/wp-content\\\/uploads\\\/2023\\\/02\\\/IMG-20230228-WA0026.jpg\",\"width\":1600,\"height\":1200},{\"@type\":\"BreadcrumbList\",\"@id\":\"https:\\\/\\\/arealorcaradio.es\\\/index.php\\\/2023\\\/02\\\/28\\\/la-concejala-de-izquierda-unida-verdes-gloria-martin-se-muestra-contenta-tras-la-aprobacion-en-pleno-de-las-distancias-de-las-granjas-porcinas\\\/#breadcrumb\",\"itemListElement\":[{\"@type\":\"ListItem\",\"position\":1,\"name\":\"Portada\",\"item\":\"https:\\\/\\\/arealorcaradio.es\\\/\"},{\"@type\":\"ListItem\",\"position\":2,\"name\":\"La concejala de Izquierda Unida Verdes Gloria Mart\u00edn se muestra contenta tras la aprobaci\u00f3n en Pleno de las distancias de las granjas porcinas\"}]},{\"@type\":\"WebSite\",\"@id\":\"https:\\\/\\\/arealorcaradio.es\\\/#website\",\"url\":\"https:\\\/\\\/arealorcaradio.es\\\/\",\"name\":\"AREA LORCA RADIO\",\"description\":\"Descubre la programaci\u00f3n actual en \u00c1rea Lorca Radio, tu fuente de entrenamiento y noticias locales. Sintoniza ahora y mantente conectado online.\",\"potentialAction\":[{\"@type\":\"SearchAction\",\"target\":{\"@type\":\"EntryPoint\",\"urlTemplate\":\"https:\\\/\\\/arealorcaradio.es\\\/?s={search_term_string}\"},\"query-input\":{\"@type\":\"PropertyValueSpecification\",\"valueRequired\":true,\"valueName\":\"search_term_string\"}}],\"inLanguage\":\"es\"},{\"@type\":\"Person\",\"@id\":\"https:\\\/\\\/arealorcaradio.es\\\/#\\\/schema\\\/person\\\/9fae605fc25b0f2c83c1ab207139bd27\",\"name\":\"Paco S\u00e1nchez\",\"image\":{\"@type\":\"ImageObject\",\"inLanguage\":\"es\",\"@id\":\"https:\\\/\\\/secure.gravatar.com\\\/avatar\\\/d67144e966420fb74aa84c9f2a0103be4724fd14db52b52d3b6bca749f257e79?s=96&d=mm&r=g\",\"url\":\"https:\\\/\\\/secure.gravatar.com\\\/avatar\\\/d67144e966420fb74aa84c9f2a0103be4724fd14db52b52d3b6bca749f257e79?s=96&d=mm&r=g\",\"contentUrl\":\"https:\\\/\\\/secure.gravatar.com\\\/avatar\\\/d67144e966420fb74aa84c9f2a0103be4724fd14db52b52d3b6bca749f257e79?s=96&d=mm&r=g\",\"caption\":\"Paco S\u00e1nchez\"},\"sameAs\":[\"https:\\\/\\\/arealorcaradio.es\"],\"url\":\"https:\\\/\\\/arealorcaradio.es\\\/index.php\\\/author\\\/admin_alorcaradio\\\/\"}]}<\/script>\n<!-- \/ Yoast SEO plugin. -->","yoast_head_json":{"title":"La concejala de Izquierda Unida Verdes Gloria Mart\u00edn se muestra contenta tras la aprobaci\u00f3n en Pleno de las distancias de las granjas porcinas - AREA LORCA RADIO","robots":{"index":"index","follow":"follow","max-snippet":"max-snippet:-1","max-image-preview":"max-image-preview:large","max-video-preview":"max-video-preview:-1"},"canonical":"https:\/\/arealorcaradio.es\/index.php\/2023\/02\/28\/la-concejala-de-izquierda-unida-verdes-gloria-martin-se-muestra-contenta-tras-la-aprobacion-en-pleno-de-las-distancias-de-las-granjas-porcinas\/","og_locale":"es_ES","og_type":"article","og_title":"La concejala de Izquierda Unida Verdes Gloria Mart\u00edn se muestra contenta tras la aprobaci\u00f3n en Pleno de las distancias de las granjas porcinas - AREA LORCA RADIO","og_description":"Gloria Mart\u00edn ha mostrado su satisfacci\u00f3n tras una larga etapa de reivindicaciones vecinales en este sentido. Escucha aqu\u00ed la entrevista que ha concedido la concejala de Izquierda Unida Verdes a Paco S\u00e1nchez en el magazine \u00c1rea Lorca Actualidad. &nbsp;","og_url":"https:\/\/arealorcaradio.es\/index.php\/2023\/02\/28\/la-concejala-de-izquierda-unida-verdes-gloria-martin-se-muestra-contenta-tras-la-aprobacion-en-pleno-de-las-distancias-de-las-granjas-porcinas\/","og_site_name":"AREA LORCA RADIO","article_published_time":"2023-02-28T18:18:07+00:00","og_image":[{"width":1600,"height":1200,"url":"https:\/\/arealorcaradio.es\/wp-content\/uploads\/2023\/02\/IMG-20230228-WA0026.jpg","type":"image\/jpeg"}],"author":"Paco S\u00e1nchez","twitter_card":"summary_large_image","twitter_misc":{"Escrito por":"Paco S\u00e1nchez","Tiempo de lectura":"1 minuto"},"schema":{"@context":"https:\/\/schema.org","@graph":[{"@type":"Article","@id":"https:\/\/arealorcaradio.es\/index.php\/2023\/02\/28\/la-concejala-de-izquierda-unida-verdes-gloria-martin-se-muestra-contenta-tras-la-aprobacion-en-pleno-de-las-distancias-de-las-granjas-porcinas\/#article","isPartOf":{"@id":"https:\/\/arealorcaradio.es\/index.php\/2023\/02\/28\/la-concejala-de-izquierda-unida-verdes-gloria-martin-se-muestra-contenta-tras-la-aprobacion-en-pleno-de-las-distancias-de-las-granjas-porcinas\/"},"author":{"name":"Paco S\u00e1nchez","@id":"https:\/\/arealorcaradio.es\/#\/schema\/person\/9fae605fc25b0f2c83c1ab207139bd27"},"headline":"La concejala de Izquierda Unida Verdes Gloria Mart\u00edn se muestra contenta tras la aprobaci\u00f3n en Pleno de las distancias de las granjas porcinas","datePublished":"2023-02-28T18:18:07+00:00","mainEntityOfPage":{"@id":"https:\/\/arealorcaradio.es\/index.php\/2023\/02\/28\/la-concejala-de-izquierda-unida-verdes-gloria-martin-se-muestra-contenta-tras-la-aprobacion-en-pleno-de-las-distancias-de-las-granjas-porcinas\/"},"wordCount":78,"commentCount":0,"image":{"@id":"https:\/\/arealorcaradio.es\/index.php\/2023\/02\/28\/la-concejala-de-izquierda-unida-verdes-gloria-martin-se-muestra-contenta-tras-la-aprobacion-en-pleno-de-las-distancias-de-las-granjas-porcinas\/#primaryimage"},"thumbnailUrl":"https:\/\/arealorcaradio.es\/wp-content\/uploads\/2023\/02\/IMG-20230228-WA0026.jpg","articleSection":["ACTUALIDAD","LORCA"],"inLanguage":"es","potentialAction":[{"@type":"CommentAction","name":"Comment","target":["https:\/\/arealorcaradio.es\/index.php\/2023\/02\/28\/la-concejala-de-izquierda-unida-verdes-gloria-martin-se-muestra-contenta-tras-la-aprobacion-en-pleno-de-las-distancias-de-las-granjas-porcinas\/#respond"]}]},{"@type":"WebPage","@id":"https:\/\/arealorcaradio.es\/index.php\/2023\/02\/28\/la-concejala-de-izquierda-unida-verdes-gloria-martin-se-muestra-contenta-tras-la-aprobacion-en-pleno-de-las-distancias-de-las-granjas-porcinas\/","url":"https:\/\/arealorcaradio.es\/index.php\/2023\/02\/28\/la-concejala-de-izquierda-unida-verdes-gloria-martin-se-muestra-contenta-tras-la-aprobacion-en-pleno-de-las-distancias-de-las-granjas-porcinas\/","name":"La concejala de Izquierda Unida Verdes Gloria Mart\u00edn se muestra contenta tras la aprobaci\u00f3n en Pleno de las distancias de las granjas porcinas - AREA LORCA RADIO","isPartOf":{"@id":"https:\/\/arealorcaradio.es\/#website"},"primaryImageOfPage":{"@id":"https:\/\/arealorcaradio.es\/index.php\/2023\/02\/28\/la-concejala-de-izquierda-unida-verdes-gloria-martin-se-muestra-contenta-tras-la-aprobacion-en-pleno-de-las-distancias-de-las-granjas-porcinas\/#primaryimage"},"image":{"@id":"https:\/\/arealorcaradio.es\/index.php\/2023\/02\/28\/la-concejala-de-izquierda-unida-verdes-gloria-martin-se-muestra-contenta-tras-la-aprobacion-en-pleno-de-las-distancias-de-las-granjas-porcinas\/#primaryimage"},"thumbnailUrl":"https:\/\/arealorcaradio.es\/wp-content\/uploads\/2023\/02\/IMG-20230228-WA0026.jpg","datePublished":"2023-02-28T18:18:07+00:00","author":{"@id":"https:\/\/arealorcaradio.es\/#\/schema\/person\/9fae605fc25b0f2c83c1ab207139bd27"},"breadcrumb":{"@id":"https:\/\/arealorcaradio.es\/index.php\/2023\/02\/28\/la-concejala-de-izquierda-unida-verdes-gloria-martin-se-muestra-contenta-tras-la-aprobacion-en-pleno-de-las-distancias-de-las-granjas-porcinas\/#breadcrumb"},"inLanguage":"es","potentialAction":[{"@type":"ReadAction","target":["https:\/\/arealorcaradio.es\/index.php\/2023\/02\/28\/la-concejala-de-izquierda-unida-verdes-gloria-martin-se-muestra-contenta-tras-la-aprobacion-en-pleno-de-las-distancias-de-las-granjas-porcinas\/"]}]},{"@type":"ImageObject","inLanguage":"es","@id":"https:\/\/arealorcaradio.es\/index.php\/2023\/02\/28\/la-concejala-de-izquierda-unida-verdes-gloria-martin-se-muestra-contenta-tras-la-aprobacion-en-pleno-de-las-distancias-de-las-granjas-porcinas\/#primaryimage","url":"https:\/\/arealorcaradio.es\/wp-content\/uploads\/2023\/02\/IMG-20230228-WA0026.jpg","contentUrl":"https:\/\/arealorcaradio.es\/wp-content\/uploads\/2023\/02\/IMG-20230228-WA0026.jpg","width":1600,"height":1200},{"@type":"BreadcrumbList","@id":"https:\/\/arealorcaradio.es\/index.php\/2023\/02\/28\/la-concejala-de-izquierda-unida-verdes-gloria-martin-se-muestra-contenta-tras-la-aprobacion-en-pleno-de-las-distancias-de-las-granjas-porcinas\/#breadcrumb","itemListElement":[{"@type":"ListItem","position":1,"name":"Portada","item":"https:\/\/arealorcaradio.es\/"},{"@type":"ListItem","position":2,"name":"La concejala de Izquierda Unida Verdes Gloria Mart\u00edn se muestra contenta tras la aprobaci\u00f3n en Pleno de las distancias de las granjas porcinas"}]},{"@type":"WebSite","@id":"https:\/\/arealorcaradio.es\/#website","url":"https:\/\/arealorcaradio.es\/","name":"AREA LORCA RADIO","description":"Descubre la programaci\u00f3n actual en \u00c1rea Lorca Radio, tu fuente de entrenamiento y noticias locales. Sintoniza ahora y mantente conectado online.","potentialAction":[{"@type":"SearchAction","target":{"@type":"EntryPoint","urlTemplate":"https:\/\/arealorcaradio.es\/?s={search_term_string}"},"query-input":{"@type":"PropertyValueSpecification","valueRequired":true,"valueName":"search_term_string"}}],"inLanguage":"es"},{"@type":"Person","@id":"https:\/\/arealorcaradio.es\/#\/schema\/person\/9fae605fc25b0f2c83c1ab207139bd27","name":"Paco S\u00e1nchez","image":{"@type":"ImageObject","inLanguage":"es","@id":"https:\/\/secure.gravatar.com\/avatar\/d67144e966420fb74aa84c9f2a0103be4724fd14db52b52d3b6bca749f257e79?s=96&d=mm&r=g","url":"https:\/\/secure.gravatar.com\/avatar\/d67144e966420fb74aa84c9f2a0103be4724fd14db52b52d3b6bca749f257e79?s=96&d=mm&r=g","contentUrl":"https:\/\/secure.gravatar.com\/avatar\/d67144e966420fb74aa84c9f2a0103be4724fd14db52b52d3b6bca749f257e79?s=96&d=mm&r=g","caption":"Paco S\u00e1nchez"},"sameAs":["https:\/\/arealorcaradio.es"],"url":"https:\/\/arealorcaradio.es\/index.php\/author\/admin_alorcaradio\/"}]}},"_links":{"self":[{"href":"https:\/\/arealorcaradio.es\/index.php\/wp-json\/wp\/v2\/posts\/184","targetHints":{"allow":["GET"]}}],"collection":[{"href":"https:\/\/arealorcaradio.es\/index.php\/wp-json\/wp\/v2\/posts"}],"about":[{"href":"https:\/\/arealorcaradio.es\/index.php\/wp-json\/wp\/v2\/types\/post"}],"author":[{"embeddable":true,"href":"https:\/\/arealorcaradio.es\/index.php\/wp-json\/wp\/v2\/users\/1"}],"replies":[{"embeddable":true,"href":"https:\/\/arealorcaradio.es\/index.php\/wp-json\/wp\/v2\/comments?post=184"}],"version-history":[{"count":2,"href":"https:\/\/arealorcaradio.es\/index.php\/wp-json\/wp\/v2\/posts\/184\/revisions"}],"predecessor-version":[{"id":188,"href":"https:\/\/arealorcaradio.es\/index.php\/wp-json\/wp\/v2\/posts\/184\/revisions\/188"}],"wp:featuredmedia":[{"embeddable":true,"href":"https:\/\/arealorcaradio.es\/index.php\/wp-json\/wp\/v2\/media\/186"}],"wp:attachment":[{"href":"https:\/\/arealorcaradio.es\/index.php\/wp-json\/wp\/v2\/media?parent=184"}],"wp:term":[{"taxonomy":"category","embeddable":true,"href":"https:\/\/arealorcaradio.es\/index.php\/wp-json\/wp\/v2\/categories?post=184"},{"taxonomy":"post_tag","embeddable":true,"href":"https:\/\/arealorcaradio.es\/index.php\/wp-json\/wp\/v2\/tags?post=184"}],"curies":[{"name":"wp","href":"https:\/\/api.w.org\/{rel}","templated":true}]}}