{"id":1830,"date":"2023-11-02T22:51:32","date_gmt":"2023-11-02T22:51:32","guid":{"rendered":"https:\/\/arealorcaradio.es\/?p=1830"},"modified":"2023-11-02T22:51:32","modified_gmt":"2023-11-02T22:51:32","slug":"la-virgen-de-las-huertas-contara-con-un-nuevo-manto-realizado-con-un-traje-de-luces-donado-en-1987-por-el-torero-pepin-jimenez-a-la-patrona-de-lorca","status":"publish","type":"post","link":"https:\/\/arealorcaradio.es\/index.php\/2023\/11\/02\/la-virgen-de-las-huertas-contara-con-un-nuevo-manto-realizado-con-un-traje-de-luces-donado-en-1987-por-el-torero-pepin-jimenez-a-la-patrona-de-lorca\/","title":{"rendered":"La Virgen de las Huertas contar\u00e1 con un nuevo manto realizado con un traje de luces donado en 1987 por el torero Pep\u00edn Jim\u00e9nez a la Patrona de Lorca"},"content":{"rendered":"<p>\u00c1REA LORCA RADIO.<\/p>\n<p>Escucha aqu\u00ed la entrevista que ha concedido a Paco S\u00e1nchez en el magazine \u00c1rea Lorca Actualidad, la camarera de la Virgen de las Huertas, Isabel Gim\u00e9nez, qui\u00e9n cuenta con detalle como surgi\u00f3 esta posibilidad de realizar el nuevo manto de la Patrona de Lorca.<\/p>\n<audio class=\"wp-audio-shortcode\" id=\"audio-1830-1\" preload=\"none\" style=\"width: 100%;\" controls=\"controls\"><source type=\"audio\/mpeg\" src=\"https:\/\/arealorcaradio.es\/wp-content\/uploads\/2023\/11\/021123-ISABEL-GIMENEZ.-MANTO-VIRGEN-VESTIDO-PEPIN.mp3?_=1\" \/><a href=\"https:\/\/arealorcaradio.es\/wp-content\/uploads\/2023\/11\/021123-ISABEL-GIMENEZ.-MANTO-VIRGEN-VESTIDO-PEPIN.mp3\">https:\/\/arealorcaradio.es\/wp-content\/uploads\/2023\/11\/021123-ISABEL-GIMENEZ.-MANTO-VIRGEN-VESTIDO-PEPIN.mp3<\/a><\/audio>\n<p class=\"v1MsoNormal\">La Real Hermandad de la Virgen de las Huertas, en colaboraci\u00f3n con el Club Taurino de Lorca, la Pe\u00f1a &#8216;Pep\u00edn Jim\u00e9nez de Lorca&#8217; y diferentes figuras del toreo lorquino han anunciado el inicio de la elaboraci\u00f3n de un nuevo manto para la Patrona de la ciudad, Santa Mar\u00eda la Real de las Huertas, y que lucir\u00e1 por primera vez el pr\u00f3ximo 8 de septiembre, con motivo de su festividad.<\/p>\n<p class=\"v1MsoNormal\">En esta presentaci\u00f3n a la que ha asistido el Alcalde de Lorca, Fulgencio Gil J\u00f3dar, se ha destacado que este manto, que ser\u00e1 confeccionado por la bordadora lorquina, Joaquina Alcid Torrecillas, es una muestra del compromiso constante de la Hermandad por enriquecer el ajuar de la Patrona de Lorca. El manto, de color grana y con unas dimensiones de 2,10 metros de ancho por 1,75 metros de largo, se realizar\u00e1 con un traje de luces donado por el torero lorquino, Jos\u00e9 Jim\u00e9nez Alc\u00e1zar, m\u00e1s conocido como &#8216;Pep\u00edn Jim\u00e9nez&#8217;, en el a\u00f1o 1987.<\/p>\n<p class=\"v1MsoNormal\">El vestido, de color grana y oro, fue estrenado por el maestro Pep\u00edn Jim\u00e9nez en el a\u00f1o 1981 en una corrida de todos que tuvo lugar en la plaza de toros de \u00abLas Ventas\u00bb, en Madrid. El color grana es un color lit\u00fargico que simboliza el don del Esp\u00edritu Santo, as\u00ed como la sangre y el fuego. Este se utiliza el Domingo de Ramos, Viernes Santo, Pentecost\u00e9s y en la festividad de Todos los Santos y los m\u00e1rtires.<\/p>\n<p class=\"v1MsoNormal\"><img loading=\"lazy\" decoding=\"async\" class=\"alignnone size-medium wp-image-1834\" src=\"https:\/\/arealorcaradio.es\/wp-content\/uploads\/2023\/11\/MANTO-PATRONA-2-300x200.jpeg\" alt=\"\" width=\"300\" height=\"200\" srcset=\"https:\/\/arealorcaradio.es\/wp-content\/uploads\/2023\/11\/MANTO-PATRONA-2-300x200.jpeg 300w, https:\/\/arealorcaradio.es\/wp-content\/uploads\/2023\/11\/MANTO-PATRONA-2-1024x683.jpeg 1024w, https:\/\/arealorcaradio.es\/wp-content\/uploads\/2023\/11\/MANTO-PATRONA-2-768x512.jpeg 768w, https:\/\/arealorcaradio.es\/wp-content\/uploads\/2023\/11\/MANTO-PATRONA-2-1536x1024.jpeg 1536w, https:\/\/arealorcaradio.es\/wp-content\/uploads\/2023\/11\/MANTO-PATRONA-2.jpeg 1620w\" sizes=\"auto, (max-width: 300px) 100vw, 300px\" \/> <img loading=\"lazy\" decoding=\"async\" class=\"alignnone size-medium wp-image-1835\" src=\"https:\/\/arealorcaradio.es\/wp-content\/uploads\/2023\/11\/MANTO-PATRONA-1-300x200.jpeg\" alt=\"\" width=\"300\" height=\"200\" srcset=\"https:\/\/arealorcaradio.es\/wp-content\/uploads\/2023\/11\/MANTO-PATRONA-1-300x200.jpeg 300w, https:\/\/arealorcaradio.es\/wp-content\/uploads\/2023\/11\/MANTO-PATRONA-1-1024x683.jpeg 1024w, https:\/\/arealorcaradio.es\/wp-content\/uploads\/2023\/11\/MANTO-PATRONA-1-768x512.jpeg 768w, https:\/\/arealorcaradio.es\/wp-content\/uploads\/2023\/11\/MANTO-PATRONA-1-1536x1024.jpeg 1536w, https:\/\/arealorcaradio.es\/wp-content\/uploads\/2023\/11\/MANTO-PATRONA-1.jpeg 1620w\" sizes=\"auto, (max-width: 300px) 100vw, 300px\" \/> <img loading=\"lazy\" decoding=\"async\" class=\"alignnone size-medium wp-image-1836\" src=\"https:\/\/arealorcaradio.es\/wp-content\/uploads\/2023\/11\/MANTO-PATRONA-3-300x200.jpeg\" alt=\"\" width=\"300\" height=\"200\" srcset=\"https:\/\/arealorcaradio.es\/wp-content\/uploads\/2023\/11\/MANTO-PATRONA-3-300x200.jpeg 300w, https:\/\/arealorcaradio.es\/wp-content\/uploads\/2023\/11\/MANTO-PATRONA-3-1024x683.jpeg 1024w, https:\/\/arealorcaradio.es\/wp-content\/uploads\/2023\/11\/MANTO-PATRONA-3-768x512.jpeg 768w, https:\/\/arealorcaradio.es\/wp-content\/uploads\/2023\/11\/MANTO-PATRONA-3-1536x1024.jpeg 1536w, https:\/\/arealorcaradio.es\/wp-content\/uploads\/2023\/11\/MANTO-PATRONA-3.jpeg 1620w\" sizes=\"auto, (max-width: 300px) 100vw, 300px\" \/><\/p>\n<p class=\"v1MsoNormal\">Fulgencio Gil ha expresado su entusiasmo por este proyecto, resaltando su importancia para nuestra ciudad. \u00abEsta es una extraordinaria noticia que nos llena de alegr\u00eda a todos los lorquinos. El nuevo manto de la Virgen de las Huertas es un homenaje a nuestra Patrona y una celebraci\u00f3n de nuestra rica tradici\u00f3n taurina y devoci\u00f3n local\u00bb y ha a\u00f1adido que \u00abdurante todo el a\u00f1o, as\u00ed como en diferentes eventos lit\u00fargicos, la Virgen de las Huertas lucir\u00e1 este hermoso manto que ha sido elaborado con el traje de luces del maestro Pep\u00edn Jim\u00e9nez, una figura destacada del toreo lorquino y un gran devoto de nuestra Patrona\u00bb.<\/p>\n<p class=\"v1MsoNormal\">Por su parte, la camarera de la Virgen de las Huertas, Isabel Gim\u00e9nez, ha expresado su agradecimiento al maestro Pep\u00edn Jim\u00e9nez por su continua devoci\u00f3n a la Patrona y ha reconocido su papel fundamental como una figura destacada de Lorca, influyendo en las nuevas generaciones de toreros locales.<\/p>\n<p>&nbsp;<\/p>\n","protected":false},"excerpt":{"rendered":"<p>\u00c1REA LORCA RADIO. Escucha aqu\u00ed la entrevista que ha concedido a Paco S\u00e1nchez en el magazine \u00c1rea Lorca Actualidad, la camarera de la Virgen de las Huertas, Isabel Gim\u00e9nez, qui\u00e9n cuenta con detalle como surgi\u00f3 esta posibilidad de realizar el nuevo manto de la Patrona de Lorca. La Real Hermandad de la Virgen de las [&hellip;]<\/p>\n","protected":false},"author":1,"featured_media":1832,"comment_status":"open","ping_status":"open","sticky":false,"template":"","format":"standard","meta":{"iawp_total_views":1,"footnotes":""},"categories":[5,7],"tags":[],"class_list":["post-1830","post","type-post","status-publish","format-standard","has-post-thumbnail","hentry","category-actualidad","category-lorca"],"yoast_head":"<!-- This site is optimized with the Yoast SEO plugin v27.5 - https:\/\/yoast.com\/product\/yoast-seo-wordpress\/ -->\n<title>La Virgen de las Huertas contar\u00e1 con un nuevo manto realizado con un traje de luces donado en 1987 por el torero Pep\u00edn Jim\u00e9nez a la Patrona de Lorca - AREA LORCA RADIO<\/title>\n<meta name=\"robots\" content=\"index, follow, max-snippet:-1, max-image-preview:large, max-video-preview:-1\" \/>\n<link rel=\"canonical\" href=\"https:\/\/arealorcaradio.es\/index.php\/2023\/11\/02\/la-virgen-de-las-huertas-contara-con-un-nuevo-manto-realizado-con-un-traje-de-luces-donado-en-1987-por-el-torero-pepin-jimenez-a-la-patrona-de-lorca\/\" \/>\n<meta property=\"og:locale\" content=\"es_ES\" \/>\n<meta property=\"og:type\" content=\"article\" \/>\n<meta property=\"og:title\" content=\"La Virgen de las Huertas contar\u00e1 con un nuevo manto realizado con un traje de luces donado en 1987 por el torero Pep\u00edn Jim\u00e9nez a la Patrona de Lorca - AREA LORCA RADIO\" \/>\n<meta property=\"og:description\" content=\"\u00c1REA LORCA RADIO. Escucha aqu\u00ed la entrevista que ha concedido a Paco S\u00e1nchez en el magazine \u00c1rea Lorca Actualidad, la camarera de la Virgen de las Huertas, Isabel Gim\u00e9nez, qui\u00e9n cuenta con detalle como surgi\u00f3 esta posibilidad de realizar el nuevo manto de la Patrona de Lorca. La Real Hermandad de la Virgen de las [&hellip;]\" \/>\n<meta property=\"og:url\" content=\"https:\/\/arealorcaradio.es\/index.php\/2023\/11\/02\/la-virgen-de-las-huertas-contara-con-un-nuevo-manto-realizado-con-un-traje-de-luces-donado-en-1987-por-el-torero-pepin-jimenez-a-la-patrona-de-lorca\/\" \/>\n<meta property=\"og:site_name\" content=\"AREA LORCA RADIO\" \/>\n<meta property=\"article:published_time\" content=\"2023-11-02T22:51:32+00:00\" \/>\n<meta property=\"og:image\" content=\"https:\/\/arealorcaradio.es\/wp-content\/uploads\/2023\/11\/MANTO-PATRONA.jpeg\" \/>\n\t<meta property=\"og:image:width\" content=\"1600\" \/>\n\t<meta property=\"og:image:height\" content=\"1066\" \/>\n\t<meta property=\"og:image:type\" content=\"image\/jpeg\" \/>\n<meta name=\"author\" content=\"Paco S\u00e1nchez\" \/>\n<meta name=\"twitter:card\" content=\"summary_large_image\" \/>\n<meta name=\"twitter:label1\" content=\"Escrito por\" \/>\n\t<meta name=\"twitter:data1\" content=\"Paco S\u00e1nchez\" \/>\n\t<meta name=\"twitter:label2\" content=\"Tiempo de lectura\" \/>\n\t<meta name=\"twitter:data2\" content=\"3 minutos\" \/>\n<script type=\"application\/ld+json\" class=\"yoast-schema-graph\">{\"@context\":\"https:\\\/\\\/schema.org\",\"@graph\":[{\"@type\":\"Article\",\"@id\":\"https:\\\/\\\/arealorcaradio.es\\\/index.php\\\/2023\\\/11\\\/02\\\/la-virgen-de-las-huertas-contara-con-un-nuevo-manto-realizado-con-un-traje-de-luces-donado-en-1987-por-el-torero-pepin-jimenez-a-la-patrona-de-lorca\\\/#article\",\"isPartOf\":{\"@id\":\"https:\\\/\\\/arealorcaradio.es\\\/index.php\\\/2023\\\/11\\\/02\\\/la-virgen-de-las-huertas-contara-con-un-nuevo-manto-realizado-con-un-traje-de-luces-donado-en-1987-por-el-torero-pepin-jimenez-a-la-patrona-de-lorca\\\/\"},\"author\":{\"name\":\"Paco S\u00e1nchez\",\"@id\":\"https:\\\/\\\/arealorcaradio.es\\\/#\\\/schema\\\/person\\\/9fae605fc25b0f2c83c1ab207139bd27\"},\"headline\":\"La Virgen de las Huertas contar\u00e1 con un nuevo manto realizado con un traje de luces donado en 1987 por el torero Pep\u00edn Jim\u00e9nez a la Patrona de Lorca\",\"datePublished\":\"2023-11-02T22:51:32+00:00\",\"mainEntityOfPage\":{\"@id\":\"https:\\\/\\\/arealorcaradio.es\\\/index.php\\\/2023\\\/11\\\/02\\\/la-virgen-de-las-huertas-contara-con-un-nuevo-manto-realizado-con-un-traje-de-luces-donado-en-1987-por-el-torero-pepin-jimenez-a-la-patrona-de-lorca\\\/\"},\"wordCount\":513,\"commentCount\":0,\"image\":{\"@id\":\"https:\\\/\\\/arealorcaradio.es\\\/index.php\\\/2023\\\/11\\\/02\\\/la-virgen-de-las-huertas-contara-con-un-nuevo-manto-realizado-con-un-traje-de-luces-donado-en-1987-por-el-torero-pepin-jimenez-a-la-patrona-de-lorca\\\/#primaryimage\"},\"thumbnailUrl\":\"https:\\\/\\\/arealorcaradio.es\\\/wp-content\\\/uploads\\\/2023\\\/11\\\/MANTO-PATRONA.jpeg\",\"articleSection\":[\"ACTUALIDAD\",\"LORCA\"],\"inLanguage\":\"es\",\"potentialAction\":[{\"@type\":\"CommentAction\",\"name\":\"Comment\",\"target\":[\"https:\\\/\\\/arealorcaradio.es\\\/index.php\\\/2023\\\/11\\\/02\\\/la-virgen-de-las-huertas-contara-con-un-nuevo-manto-realizado-con-un-traje-de-luces-donado-en-1987-por-el-torero-pepin-jimenez-a-la-patrona-de-lorca\\\/#respond\"]}]},{\"@type\":\"WebPage\",\"@id\":\"https:\\\/\\\/arealorcaradio.es\\\/index.php\\\/2023\\\/11\\\/02\\\/la-virgen-de-las-huertas-contara-con-un-nuevo-manto-realizado-con-un-traje-de-luces-donado-en-1987-por-el-torero-pepin-jimenez-a-la-patrona-de-lorca\\\/\",\"url\":\"https:\\\/\\\/arealorcaradio.es\\\/index.php\\\/2023\\\/11\\\/02\\\/la-virgen-de-las-huertas-contara-con-un-nuevo-manto-realizado-con-un-traje-de-luces-donado-en-1987-por-el-torero-pepin-jimenez-a-la-patrona-de-lorca\\\/\",\"name\":\"La Virgen de las Huertas contar\u00e1 con un nuevo manto realizado con un traje de luces donado en 1987 por el torero Pep\u00edn Jim\u00e9nez a la Patrona de Lorca - AREA LORCA RADIO\",\"isPartOf\":{\"@id\":\"https:\\\/\\\/arealorcaradio.es\\\/#website\"},\"primaryImageOfPage\":{\"@id\":\"https:\\\/\\\/arealorcaradio.es\\\/index.php\\\/2023\\\/11\\\/02\\\/la-virgen-de-las-huertas-contara-con-un-nuevo-manto-realizado-con-un-traje-de-luces-donado-en-1987-por-el-torero-pepin-jimenez-a-la-patrona-de-lorca\\\/#primaryimage\"},\"image\":{\"@id\":\"https:\\\/\\\/arealorcaradio.es\\\/index.php\\\/2023\\\/11\\\/02\\\/la-virgen-de-las-huertas-contara-con-un-nuevo-manto-realizado-con-un-traje-de-luces-donado-en-1987-por-el-torero-pepin-jimenez-a-la-patrona-de-lorca\\\/#primaryimage\"},\"thumbnailUrl\":\"https:\\\/\\\/arealorcaradio.es\\\/wp-content\\\/uploads\\\/2023\\\/11\\\/MANTO-PATRONA.jpeg\",\"datePublished\":\"2023-11-02T22:51:32+00:00\",\"author\":{\"@id\":\"https:\\\/\\\/arealorcaradio.es\\\/#\\\/schema\\\/person\\\/9fae605fc25b0f2c83c1ab207139bd27\"},\"breadcrumb\":{\"@id\":\"https:\\\/\\\/arealorcaradio.es\\\/index.php\\\/2023\\\/11\\\/02\\\/la-virgen-de-las-huertas-contara-con-un-nuevo-manto-realizado-con-un-traje-de-luces-donado-en-1987-por-el-torero-pepin-jimenez-a-la-patrona-de-lorca\\\/#breadcrumb\"},\"inLanguage\":\"es\",\"potentialAction\":[{\"@type\":\"ReadAction\",\"target\":[\"https:\\\/\\\/arealorcaradio.es\\\/index.php\\\/2023\\\/11\\\/02\\\/la-virgen-de-las-huertas-contara-con-un-nuevo-manto-realizado-con-un-traje-de-luces-donado-en-1987-por-el-torero-pepin-jimenez-a-la-patrona-de-lorca\\\/\"]}]},{\"@type\":\"ImageObject\",\"inLanguage\":\"es\",\"@id\":\"https:\\\/\\\/arealorcaradio.es\\\/index.php\\\/2023\\\/11\\\/02\\\/la-virgen-de-las-huertas-contara-con-un-nuevo-manto-realizado-con-un-traje-de-luces-donado-en-1987-por-el-torero-pepin-jimenez-a-la-patrona-de-lorca\\\/#primaryimage\",\"url\":\"https:\\\/\\\/arealorcaradio.es\\\/wp-content\\\/uploads\\\/2023\\\/11\\\/MANTO-PATRONA.jpeg\",\"contentUrl\":\"https:\\\/\\\/arealorcaradio.es\\\/wp-content\\\/uploads\\\/2023\\\/11\\\/MANTO-PATRONA.jpeg\",\"width\":1600,\"height\":1066},{\"@type\":\"BreadcrumbList\",\"@id\":\"https:\\\/\\\/arealorcaradio.es\\\/index.php\\\/2023\\\/11\\\/02\\\/la-virgen-de-las-huertas-contara-con-un-nuevo-manto-realizado-con-un-traje-de-luces-donado-en-1987-por-el-torero-pepin-jimenez-a-la-patrona-de-lorca\\\/#breadcrumb\",\"itemListElement\":[{\"@type\":\"ListItem\",\"position\":1,\"name\":\"Portada\",\"item\":\"https:\\\/\\\/arealorcaradio.es\\\/\"},{\"@type\":\"ListItem\",\"position\":2,\"name\":\"La Virgen de las Huertas contar\u00e1 con un nuevo manto realizado con un traje de luces donado en 1987 por el torero Pep\u00edn Jim\u00e9nez a la Patrona de Lorca\"}]},{\"@type\":\"WebSite\",\"@id\":\"https:\\\/\\\/arealorcaradio.es\\\/#website\",\"url\":\"https:\\\/\\\/arealorcaradio.es\\\/\",\"name\":\"AREA LORCA RADIO\",\"description\":\"Descubre la programaci\u00f3n actual en \u00c1rea Lorca Radio, tu fuente de entrenamiento y noticias locales. Sintoniza ahora y mantente conectado online.\",\"potentialAction\":[{\"@type\":\"SearchAction\",\"target\":{\"@type\":\"EntryPoint\",\"urlTemplate\":\"https:\\\/\\\/arealorcaradio.es\\\/?s={search_term_string}\"},\"query-input\":{\"@type\":\"PropertyValueSpecification\",\"valueRequired\":true,\"valueName\":\"search_term_string\"}}],\"inLanguage\":\"es\"},{\"@type\":\"Person\",\"@id\":\"https:\\\/\\\/arealorcaradio.es\\\/#\\\/schema\\\/person\\\/9fae605fc25b0f2c83c1ab207139bd27\",\"name\":\"Paco S\u00e1nchez\",\"image\":{\"@type\":\"ImageObject\",\"inLanguage\":\"es\",\"@id\":\"https:\\\/\\\/secure.gravatar.com\\\/avatar\\\/d67144e966420fb74aa84c9f2a0103be4724fd14db52b52d3b6bca749f257e79?s=96&d=mm&r=g\",\"url\":\"https:\\\/\\\/secure.gravatar.com\\\/avatar\\\/d67144e966420fb74aa84c9f2a0103be4724fd14db52b52d3b6bca749f257e79?s=96&d=mm&r=g\",\"contentUrl\":\"https:\\\/\\\/secure.gravatar.com\\\/avatar\\\/d67144e966420fb74aa84c9f2a0103be4724fd14db52b52d3b6bca749f257e79?s=96&d=mm&r=g\",\"caption\":\"Paco S\u00e1nchez\"},\"sameAs\":[\"https:\\\/\\\/arealorcaradio.es\"],\"url\":\"https:\\\/\\\/arealorcaradio.es\\\/index.php\\\/author\\\/admin_alorcaradio\\\/\"}]}<\/script>\n<!-- \/ Yoast SEO plugin. -->","yoast_head_json":{"title":"La Virgen de las Huertas contar\u00e1 con un nuevo manto realizado con un traje de luces donado en 1987 por el torero Pep\u00edn Jim\u00e9nez a la Patrona de Lorca - AREA LORCA RADIO","robots":{"index":"index","follow":"follow","max-snippet":"max-snippet:-1","max-image-preview":"max-image-preview:large","max-video-preview":"max-video-preview:-1"},"canonical":"https:\/\/arealorcaradio.es\/index.php\/2023\/11\/02\/la-virgen-de-las-huertas-contara-con-un-nuevo-manto-realizado-con-un-traje-de-luces-donado-en-1987-por-el-torero-pepin-jimenez-a-la-patrona-de-lorca\/","og_locale":"es_ES","og_type":"article","og_title":"La Virgen de las Huertas contar\u00e1 con un nuevo manto realizado con un traje de luces donado en 1987 por el torero Pep\u00edn Jim\u00e9nez a la Patrona de Lorca - AREA LORCA RADIO","og_description":"\u00c1REA LORCA RADIO. Escucha aqu\u00ed la entrevista que ha concedido a Paco S\u00e1nchez en el magazine \u00c1rea Lorca Actualidad, la camarera de la Virgen de las Huertas, Isabel Gim\u00e9nez, qui\u00e9n cuenta con detalle como surgi\u00f3 esta posibilidad de realizar el nuevo manto de la Patrona de Lorca. La Real Hermandad de la Virgen de las [&hellip;]","og_url":"https:\/\/arealorcaradio.es\/index.php\/2023\/11\/02\/la-virgen-de-las-huertas-contara-con-un-nuevo-manto-realizado-con-un-traje-de-luces-donado-en-1987-por-el-torero-pepin-jimenez-a-la-patrona-de-lorca\/","og_site_name":"AREA LORCA RADIO","article_published_time":"2023-11-02T22:51:32+00:00","og_image":[{"width":1600,"height":1066,"url":"https:\/\/arealorcaradio.es\/wp-content\/uploads\/2023\/11\/MANTO-PATRONA.jpeg","type":"image\/jpeg"}],"author":"Paco S\u00e1nchez","twitter_card":"summary_large_image","twitter_misc":{"Escrito por":"Paco S\u00e1nchez","Tiempo de lectura":"3 minutos"},"schema":{"@context":"https:\/\/schema.org","@graph":[{"@type":"Article","@id":"https:\/\/arealorcaradio.es\/index.php\/2023\/11\/02\/la-virgen-de-las-huertas-contara-con-un-nuevo-manto-realizado-con-un-traje-de-luces-donado-en-1987-por-el-torero-pepin-jimenez-a-la-patrona-de-lorca\/#article","isPartOf":{"@id":"https:\/\/arealorcaradio.es\/index.php\/2023\/11\/02\/la-virgen-de-las-huertas-contara-con-un-nuevo-manto-realizado-con-un-traje-de-luces-donado-en-1987-por-el-torero-pepin-jimenez-a-la-patrona-de-lorca\/"},"author":{"name":"Paco S\u00e1nchez","@id":"https:\/\/arealorcaradio.es\/#\/schema\/person\/9fae605fc25b0f2c83c1ab207139bd27"},"headline":"La Virgen de las Huertas contar\u00e1 con un nuevo manto realizado con un traje de luces donado en 1987 por el torero Pep\u00edn Jim\u00e9nez a la Patrona de Lorca","datePublished":"2023-11-02T22:51:32+00:00","mainEntityOfPage":{"@id":"https:\/\/arealorcaradio.es\/index.php\/2023\/11\/02\/la-virgen-de-las-huertas-contara-con-un-nuevo-manto-realizado-con-un-traje-de-luces-donado-en-1987-por-el-torero-pepin-jimenez-a-la-patrona-de-lorca\/"},"wordCount":513,"commentCount":0,"image":{"@id":"https:\/\/arealorcaradio.es\/index.php\/2023\/11\/02\/la-virgen-de-las-huertas-contara-con-un-nuevo-manto-realizado-con-un-traje-de-luces-donado-en-1987-por-el-torero-pepin-jimenez-a-la-patrona-de-lorca\/#primaryimage"},"thumbnailUrl":"https:\/\/arealorcaradio.es\/wp-content\/uploads\/2023\/11\/MANTO-PATRONA.jpeg","articleSection":["ACTUALIDAD","LORCA"],"inLanguage":"es","potentialAction":[{"@type":"CommentAction","name":"Comment","target":["https:\/\/arealorcaradio.es\/index.php\/2023\/11\/02\/la-virgen-de-las-huertas-contara-con-un-nuevo-manto-realizado-con-un-traje-de-luces-donado-en-1987-por-el-torero-pepin-jimenez-a-la-patrona-de-lorca\/#respond"]}]},{"@type":"WebPage","@id":"https:\/\/arealorcaradio.es\/index.php\/2023\/11\/02\/la-virgen-de-las-huertas-contara-con-un-nuevo-manto-realizado-con-un-traje-de-luces-donado-en-1987-por-el-torero-pepin-jimenez-a-la-patrona-de-lorca\/","url":"https:\/\/arealorcaradio.es\/index.php\/2023\/11\/02\/la-virgen-de-las-huertas-contara-con-un-nuevo-manto-realizado-con-un-traje-de-luces-donado-en-1987-por-el-torero-pepin-jimenez-a-la-patrona-de-lorca\/","name":"La Virgen de las Huertas contar\u00e1 con un nuevo manto realizado con un traje de luces donado en 1987 por el torero Pep\u00edn Jim\u00e9nez a la Patrona de Lorca - AREA LORCA RADIO","isPartOf":{"@id":"https:\/\/arealorcaradio.es\/#website"},"primaryImageOfPage":{"@id":"https:\/\/arealorcaradio.es\/index.php\/2023\/11\/02\/la-virgen-de-las-huertas-contara-con-un-nuevo-manto-realizado-con-un-traje-de-luces-donado-en-1987-por-el-torero-pepin-jimenez-a-la-patrona-de-lorca\/#primaryimage"},"image":{"@id":"https:\/\/arealorcaradio.es\/index.php\/2023\/11\/02\/la-virgen-de-las-huertas-contara-con-un-nuevo-manto-realizado-con-un-traje-de-luces-donado-en-1987-por-el-torero-pepin-jimenez-a-la-patrona-de-lorca\/#primaryimage"},"thumbnailUrl":"https:\/\/arealorcaradio.es\/wp-content\/uploads\/2023\/11\/MANTO-PATRONA.jpeg","datePublished":"2023-11-02T22:51:32+00:00","author":{"@id":"https:\/\/arealorcaradio.es\/#\/schema\/person\/9fae605fc25b0f2c83c1ab207139bd27"},"breadcrumb":{"@id":"https:\/\/arealorcaradio.es\/index.php\/2023\/11\/02\/la-virgen-de-las-huertas-contara-con-un-nuevo-manto-realizado-con-un-traje-de-luces-donado-en-1987-por-el-torero-pepin-jimenez-a-la-patrona-de-lorca\/#breadcrumb"},"inLanguage":"es","potentialAction":[{"@type":"ReadAction","target":["https:\/\/arealorcaradio.es\/index.php\/2023\/11\/02\/la-virgen-de-las-huertas-contara-con-un-nuevo-manto-realizado-con-un-traje-de-luces-donado-en-1987-por-el-torero-pepin-jimenez-a-la-patrona-de-lorca\/"]}]},{"@type":"ImageObject","inLanguage":"es","@id":"https:\/\/arealorcaradio.es\/index.php\/2023\/11\/02\/la-virgen-de-las-huertas-contara-con-un-nuevo-manto-realizado-con-un-traje-de-luces-donado-en-1987-por-el-torero-pepin-jimenez-a-la-patrona-de-lorca\/#primaryimage","url":"https:\/\/arealorcaradio.es\/wp-content\/uploads\/2023\/11\/MANTO-PATRONA.jpeg","contentUrl":"https:\/\/arealorcaradio.es\/wp-content\/uploads\/2023\/11\/MANTO-PATRONA.jpeg","width":1600,"height":1066},{"@type":"BreadcrumbList","@id":"https:\/\/arealorcaradio.es\/index.php\/2023\/11\/02\/la-virgen-de-las-huertas-contara-con-un-nuevo-manto-realizado-con-un-traje-de-luces-donado-en-1987-por-el-torero-pepin-jimenez-a-la-patrona-de-lorca\/#breadcrumb","itemListElement":[{"@type":"ListItem","position":1,"name":"Portada","item":"https:\/\/arealorcaradio.es\/"},{"@type":"ListItem","position":2,"name":"La Virgen de las Huertas contar\u00e1 con un nuevo manto realizado con un traje de luces donado en 1987 por el torero Pep\u00edn Jim\u00e9nez a la Patrona de Lorca"}]},{"@type":"WebSite","@id":"https:\/\/arealorcaradio.es\/#website","url":"https:\/\/arealorcaradio.es\/","name":"AREA LORCA RADIO","description":"Descubre la programaci\u00f3n actual en \u00c1rea Lorca Radio, tu fuente de entrenamiento y noticias locales. Sintoniza ahora y mantente conectado online.","potentialAction":[{"@type":"SearchAction","target":{"@type":"EntryPoint","urlTemplate":"https:\/\/arealorcaradio.es\/?s={search_term_string}"},"query-input":{"@type":"PropertyValueSpecification","valueRequired":true,"valueName":"search_term_string"}}],"inLanguage":"es"},{"@type":"Person","@id":"https:\/\/arealorcaradio.es\/#\/schema\/person\/9fae605fc25b0f2c83c1ab207139bd27","name":"Paco S\u00e1nchez","image":{"@type":"ImageObject","inLanguage":"es","@id":"https:\/\/secure.gravatar.com\/avatar\/d67144e966420fb74aa84c9f2a0103be4724fd14db52b52d3b6bca749f257e79?s=96&d=mm&r=g","url":"https:\/\/secure.gravatar.com\/avatar\/d67144e966420fb74aa84c9f2a0103be4724fd14db52b52d3b6bca749f257e79?s=96&d=mm&r=g","contentUrl":"https:\/\/secure.gravatar.com\/avatar\/d67144e966420fb74aa84c9f2a0103be4724fd14db52b52d3b6bca749f257e79?s=96&d=mm&r=g","caption":"Paco S\u00e1nchez"},"sameAs":["https:\/\/arealorcaradio.es"],"url":"https:\/\/arealorcaradio.es\/index.php\/author\/admin_alorcaradio\/"}]}},"_links":{"self":[{"href":"https:\/\/arealorcaradio.es\/index.php\/wp-json\/wp\/v2\/posts\/1830","targetHints":{"allow":["GET"]}}],"collection":[{"href":"https:\/\/arealorcaradio.es\/index.php\/wp-json\/wp\/v2\/posts"}],"about":[{"href":"https:\/\/arealorcaradio.es\/index.php\/wp-json\/wp\/v2\/types\/post"}],"author":[{"embeddable":true,"href":"https:\/\/arealorcaradio.es\/index.php\/wp-json\/wp\/v2\/users\/1"}],"replies":[{"embeddable":true,"href":"https:\/\/arealorcaradio.es\/index.php\/wp-json\/wp\/v2\/comments?post=1830"}],"version-history":[{"count":2,"href":"https:\/\/arealorcaradio.es\/index.php\/wp-json\/wp\/v2\/posts\/1830\/revisions"}],"predecessor-version":[{"id":1837,"href":"https:\/\/arealorcaradio.es\/index.php\/wp-json\/wp\/v2\/posts\/1830\/revisions\/1837"}],"wp:featuredmedia":[{"embeddable":true,"href":"https:\/\/arealorcaradio.es\/index.php\/wp-json\/wp\/v2\/media\/1832"}],"wp:attachment":[{"href":"https:\/\/arealorcaradio.es\/index.php\/wp-json\/wp\/v2\/media?parent=1830"}],"wp:term":[{"taxonomy":"category","embeddable":true,"href":"https:\/\/arealorcaradio.es\/index.php\/wp-json\/wp\/v2\/categories?post=1830"},{"taxonomy":"post_tag","embeddable":true,"href":"https:\/\/arealorcaradio.es\/index.php\/wp-json\/wp\/v2\/tags?post=1830"}],"curies":[{"name":"wp","href":"https:\/\/api.w.org\/{rel}","templated":true}]}}