{"id":1778,"date":"2023-10-26T17:11:43","date_gmt":"2023-10-26T17:11:43","guid":{"rendered":"https:\/\/arealorcaradio.es\/?p=1778"},"modified":"2023-10-26T17:11:43","modified_gmt":"2023-10-26T17:11:43","slug":"leroy-merlin-abre-en-el-cc-parque-almenara-de-lorca-un-nuevo-punto-de-venta-en-espana","status":"publish","type":"post","link":"https:\/\/arealorcaradio.es\/index.php\/2023\/10\/26\/leroy-merlin-abre-en-el-cc-parque-almenara-de-lorca-un-nuevo-punto-de-venta-en-espana\/","title":{"rendered":"Leroy Merlin abre en el CC Parque Almenara de Lorca un nuevo punto de venta en Espa\u00f1a"},"content":{"rendered":"<p>\u00c1REA LORCA RADIO.<\/p>\n<p>Escucha aqu\u00ed la entrevista que ha concedido a Paco S\u00e1nchez en el magazine \u00c1rea Lorca Actualidad, la directora de la Tienda Leroy Merlin COMPACT Lorca, Miriam Men\u00e9ndez.<\/p>\n<audio class=\"wp-audio-shortcode\" id=\"audio-1778-1\" preload=\"none\" style=\"width: 100%;\" controls=\"controls\"><source type=\"audio\/mpeg\" src=\"https:\/\/arealorcaradio.es\/wp-content\/uploads\/2023\/10\/261023-MIRIAM-MENENDEZ.-DTRA.-LEROY-MERLIN.mp3?_=1\" \/><a href=\"https:\/\/arealorcaradio.es\/wp-content\/uploads\/2023\/10\/261023-MIRIAM-MENENDEZ.-DTRA.-LEROY-MERLIN.mp3\">https:\/\/arealorcaradio.es\/wp-content\/uploads\/2023\/10\/261023-MIRIAM-MENENDEZ.-DTRA.-LEROY-MERLIN.mp3<\/a><\/audio>\n<p>Al acto de inauguraci\u00f3n asist\u00edan el director general de la compa\u00f1\u00eda, Alain Ryckeboer, la directora de la nueva tienda, Miriam Men\u00e9ndez, y el alcalde de la localidad, Fulgencio Gil. Adem\u00e1s, el director de Recursos Humanos de Leroy Merlin, Eloy del Moral, el director regional Regi\u00f3n Sureste, Javier Mart\u00ednez, el director de Expansi\u00f3n, Luis de Vicente; el responsable de Expansi\u00f3n, Borja Arambarri, la concejala de Desarrollo Local, Rosa Mar\u00eda Medina y el concejal de Comercio, Santiago Parra.<\/p>\n<p><img loading=\"lazy\" decoding=\"async\" class=\"alignnone size-medium wp-image-1783\" src=\"https:\/\/arealorcaradio.es\/wp-content\/uploads\/2023\/10\/20231024_120316-300x225.jpg\" alt=\"\" width=\"300\" height=\"225\" srcset=\"https:\/\/arealorcaradio.es\/wp-content\/uploads\/2023\/10\/20231024_120316-300x225.jpg 300w, https:\/\/arealorcaradio.es\/wp-content\/uploads\/2023\/10\/20231024_120316-1024x768.jpg 1024w, https:\/\/arealorcaradio.es\/wp-content\/uploads\/2023\/10\/20231024_120316-768x576.jpg 768w, https:\/\/arealorcaradio.es\/wp-content\/uploads\/2023\/10\/20231024_120316-1536x1152.jpg 1536w, https:\/\/arealorcaradio.es\/wp-content\/uploads\/2023\/10\/20231024_120316-2048x1536.jpg 2048w, https:\/\/arealorcaradio.es\/wp-content\/uploads\/2023\/10\/20231024_120316-86x64.jpg 86w\" sizes=\"auto, (max-width: 300px) 100vw, 300px\" \/> <img loading=\"lazy\" decoding=\"async\" class=\"alignnone size-medium wp-image-1784\" src=\"https:\/\/arealorcaradio.es\/wp-content\/uploads\/2023\/10\/20231024_120531-300x225.jpg\" alt=\"\" width=\"300\" height=\"225\" srcset=\"https:\/\/arealorcaradio.es\/wp-content\/uploads\/2023\/10\/20231024_120531-300x225.jpg 300w, https:\/\/arealorcaradio.es\/wp-content\/uploads\/2023\/10\/20231024_120531-1024x768.jpg 1024w, https:\/\/arealorcaradio.es\/wp-content\/uploads\/2023\/10\/20231024_120531-768x576.jpg 768w, https:\/\/arealorcaradio.es\/wp-content\/uploads\/2023\/10\/20231024_120531-1536x1152.jpg 1536w, https:\/\/arealorcaradio.es\/wp-content\/uploads\/2023\/10\/20231024_120531-2048x1536.jpg 2048w, https:\/\/arealorcaradio.es\/wp-content\/uploads\/2023\/10\/20231024_120531-86x64.jpg 86w\" sizes=\"auto, (max-width: 300px) 100vw, 300px\" \/> <img loading=\"lazy\" decoding=\"async\" class=\"alignnone size-medium wp-image-1785\" src=\"https:\/\/arealorcaradio.es\/wp-content\/uploads\/2023\/10\/20231024_121307-300x225.jpg\" alt=\"\" width=\"300\" height=\"225\" srcset=\"https:\/\/arealorcaradio.es\/wp-content\/uploads\/2023\/10\/20231024_121307-300x225.jpg 300w, https:\/\/arealorcaradio.es\/wp-content\/uploads\/2023\/10\/20231024_121307-1024x768.jpg 1024w, https:\/\/arealorcaradio.es\/wp-content\/uploads\/2023\/10\/20231024_121307-768x576.jpg 768w, https:\/\/arealorcaradio.es\/wp-content\/uploads\/2023\/10\/20231024_121307-1536x1152.jpg 1536w, https:\/\/arealorcaradio.es\/wp-content\/uploads\/2023\/10\/20231024_121307-2048x1536.jpg 2048w, https:\/\/arealorcaradio.es\/wp-content\/uploads\/2023\/10\/20231024_121307-86x64.jpg 86w\" sizes=\"auto, (max-width: 300px) 100vw, 300px\" \/><\/p>\n<p>\u201cNos enorgullece celebrar la apertura de esta nueva tienda con la que esperamos superarlas las expectativas de los vecinos de Lorca, ayud\u00e1ndoles a crear el hogar de sus sue\u00f1os\u201d ha destacado Alain Ryckeboer, director general de Leroy Merlin Espa\u00f1a \u201cProyectos como este fortalecen nuestro objetivo de contribuir a la econom\u00eda nacional y local, un sello distintivo de nuestra compa\u00f1\u00eda que nos hacen ser un referente tanto para nuestros clientes, como para nuestros empleados\u201d, a\u00f1ade. Una apertura que genera 65 puestos de trabajo Leroy Merlin COMPACT Lorca, est\u00e1 ubicada en el Centro Comercial Almenara, uno de los principales centros de ocio y comercio de la regi\u00f3n. Tendr\u00e1 un horario comercial de 8:30h a 22:00h de lunes a s\u00e1bados y de 10:00h a 22:00h los domingos y festivos de apertura.<\/p>\n<p><img loading=\"lazy\" decoding=\"async\" class=\"alignnone size-medium wp-image-1786\" src=\"https:\/\/arealorcaradio.es\/wp-content\/uploads\/2023\/10\/20231024_120907-300x225.jpg\" alt=\"\" width=\"300\" height=\"225\" srcset=\"https:\/\/arealorcaradio.es\/wp-content\/uploads\/2023\/10\/20231024_120907-300x225.jpg 300w, https:\/\/arealorcaradio.es\/wp-content\/uploads\/2023\/10\/20231024_120907-1024x768.jpg 1024w, https:\/\/arealorcaradio.es\/wp-content\/uploads\/2023\/10\/20231024_120907-768x576.jpg 768w, https:\/\/arealorcaradio.es\/wp-content\/uploads\/2023\/10\/20231024_120907-1536x1152.jpg 1536w, https:\/\/arealorcaradio.es\/wp-content\/uploads\/2023\/10\/20231024_120907-2048x1536.jpg 2048w, https:\/\/arealorcaradio.es\/wp-content\/uploads\/2023\/10\/20231024_120907-86x64.jpg 86w\" sizes=\"auto, (max-width: 300px) 100vw, 300px\" \/> <img loading=\"lazy\" decoding=\"async\" class=\"alignnone size-medium wp-image-1787\" src=\"https:\/\/arealorcaradio.es\/wp-content\/uploads\/2023\/10\/20231024_120600-300x225.jpg\" alt=\"\" width=\"300\" height=\"225\" srcset=\"https:\/\/arealorcaradio.es\/wp-content\/uploads\/2023\/10\/20231024_120600-300x225.jpg 300w, https:\/\/arealorcaradio.es\/wp-content\/uploads\/2023\/10\/20231024_120600-1024x768.jpg 1024w, https:\/\/arealorcaradio.es\/wp-content\/uploads\/2023\/10\/20231024_120600-768x576.jpg 768w, https:\/\/arealorcaradio.es\/wp-content\/uploads\/2023\/10\/20231024_120600-1536x1152.jpg 1536w, https:\/\/arealorcaradio.es\/wp-content\/uploads\/2023\/10\/20231024_120600-2048x1536.jpg 2048w, https:\/\/arealorcaradio.es\/wp-content\/uploads\/2023\/10\/20231024_120600-86x64.jpg 86w\" sizes=\"auto, (max-width: 300px) 100vw, 300px\" \/> <img loading=\"lazy\" decoding=\"async\" class=\"alignnone size-medium wp-image-1788\" src=\"https:\/\/arealorcaradio.es\/wp-content\/uploads\/2023\/10\/20231024_121939-300x225.jpg\" alt=\"\" width=\"300\" height=\"225\" srcset=\"https:\/\/arealorcaradio.es\/wp-content\/uploads\/2023\/10\/20231024_121939-300x225.jpg 300w, https:\/\/arealorcaradio.es\/wp-content\/uploads\/2023\/10\/20231024_121939-1024x768.jpg 1024w, https:\/\/arealorcaradio.es\/wp-content\/uploads\/2023\/10\/20231024_121939-768x576.jpg 768w, https:\/\/arealorcaradio.es\/wp-content\/uploads\/2023\/10\/20231024_121939-1536x1152.jpg 1536w, https:\/\/arealorcaradio.es\/wp-content\/uploads\/2023\/10\/20231024_121939-2048x1536.jpg 2048w, https:\/\/arealorcaradio.es\/wp-content\/uploads\/2023\/10\/20231024_121939-86x64.jpg 86w\" sizes=\"auto, (max-width: 300px) 100vw, 300px\" \/><\/p>\n<p>Consciente de los segmentos de clientes a los que se dirige, la nueva tienda apuesta de manera m\u00e1s espec\u00edfica por el mundo de los proyectos, con colaboradores especializados, y con un profundo conocimiento que garantiza el mejor asesoramiento en todas las fases de venta del proyecto o reforma. Asimismo, las soluciones de exterior, como el acondicionamiento de jardines y el<br \/>\nmantenimiento de piscinas, son otras de las propuestas destacadas del nuevo punto de venta.<\/p>\n<p><img loading=\"lazy\" decoding=\"async\" class=\"alignnone size-medium wp-image-1789\" src=\"https:\/\/arealorcaradio.es\/wp-content\/uploads\/2023\/10\/20231024_122035-300x223.jpg\" alt=\"\" width=\"300\" height=\"223\" srcset=\"https:\/\/arealorcaradio.es\/wp-content\/uploads\/2023\/10\/20231024_122035-300x223.jpg 300w, https:\/\/arealorcaradio.es\/wp-content\/uploads\/2023\/10\/20231024_122035-1024x760.jpg 1024w, https:\/\/arealorcaradio.es\/wp-content\/uploads\/2023\/10\/20231024_122035-768x570.jpg 768w, https:\/\/arealorcaradio.es\/wp-content\/uploads\/2023\/10\/20231024_122035-1536x1140.jpg 1536w, https:\/\/arealorcaradio.es\/wp-content\/uploads\/2023\/10\/20231024_122035-2048x1520.jpg 2048w, https:\/\/arealorcaradio.es\/wp-content\/uploads\/2023\/10\/20231024_122035-86x64.jpg 86w\" sizes=\"auto, (max-width: 300px) 100vw, 300px\" \/><\/p>\n<p>Adem\u00e1s, en l\u00ednea con su objetivo de ofrecer la mejor experiencia de compra transversal y personalizada, sus clientes podr\u00e1n tener acceso a la amplia gama de productos tambi\u00e9n a trav\u00e9s de las opciones de Click&amp;Collect y Pick Up.<\/p>\n<p>Esta nueva apertura se suma a las ya inauguradas en Valencia (Leroy Merlin Project) y Fuengirola (Naterial) durante 2023. Asimismo, la compa\u00f1\u00eda anunci\u00f3 la apertura en 2024 de un nuevo establecimiento en Linares (Leroy Merlin Gran Superficie), con el objetivo de continuar siendo accesibles y mantenerse cerca de sus clientes.<\/p>\n","protected":false},"excerpt":{"rendered":"<p>\u00c1REA LORCA RADIO. Escucha aqu\u00ed la entrevista que ha concedido a Paco S\u00e1nchez en el magazine \u00c1rea Lorca Actualidad, la directora de la Tienda Leroy Merlin COMPACT Lorca, Miriam Men\u00e9ndez. Al acto de inauguraci\u00f3n asist\u00edan el director general de la compa\u00f1\u00eda, Alain Ryckeboer, la directora de la nueva tienda, Miriam Men\u00e9ndez, y el alcalde de [&hellip;]<\/p>\n","protected":false},"author":1,"featured_media":1780,"comment_status":"open","ping_status":"open","sticky":false,"template":"","format":"standard","meta":{"iawp_total_views":11,"footnotes":""},"categories":[7],"tags":[],"class_list":["post-1778","post","type-post","status-publish","format-standard","has-post-thumbnail","hentry","category-lorca"],"yoast_head":"<!-- This site is optimized with the Yoast SEO plugin v27.5 - https:\/\/yoast.com\/product\/yoast-seo-wordpress\/ -->\n<title>Leroy Merlin abre en el CC Parque Almenara de Lorca un nuevo punto de venta en Espa\u00f1a - AREA LORCA RADIO<\/title>\n<meta name=\"robots\" content=\"index, follow, max-snippet:-1, max-image-preview:large, max-video-preview:-1\" \/>\n<link rel=\"canonical\" href=\"https:\/\/arealorcaradio.es\/index.php\/2023\/10\/26\/leroy-merlin-abre-en-el-cc-parque-almenara-de-lorca-un-nuevo-punto-de-venta-en-espana\/\" \/>\n<meta property=\"og:locale\" content=\"es_ES\" \/>\n<meta property=\"og:type\" content=\"article\" \/>\n<meta property=\"og:title\" content=\"Leroy Merlin abre en el CC Parque Almenara de Lorca un nuevo punto de venta en Espa\u00f1a - AREA LORCA RADIO\" \/>\n<meta property=\"og:description\" content=\"\u00c1REA LORCA RADIO. Escucha aqu\u00ed la entrevista que ha concedido a Paco S\u00e1nchez en el magazine \u00c1rea Lorca Actualidad, la directora de la Tienda Leroy Merlin COMPACT Lorca, Miriam Men\u00e9ndez. Al acto de inauguraci\u00f3n asist\u00edan el director general de la compa\u00f1\u00eda, Alain Ryckeboer, la directora de la nueva tienda, Miriam Men\u00e9ndez, y el alcalde de [&hellip;]\" \/>\n<meta property=\"og:url\" content=\"https:\/\/arealorcaradio.es\/index.php\/2023\/10\/26\/leroy-merlin-abre-en-el-cc-parque-almenara-de-lorca-un-nuevo-punto-de-venta-en-espana\/\" \/>\n<meta property=\"og:site_name\" content=\"AREA LORCA RADIO\" \/>\n<meta property=\"article:published_time\" content=\"2023-10-26T17:11:43+00:00\" \/>\n<meta property=\"og:image\" content=\"https:\/\/arealorcaradio.es\/wp-content\/uploads\/2023\/10\/Empleados-Leroy-Merlin-COMPACT-Lorca.jpg\" \/>\n\t<meta property=\"og:image:width\" content=\"2189\" \/>\n\t<meta property=\"og:image:height\" content=\"1460\" \/>\n\t<meta property=\"og:image:type\" content=\"image\/jpeg\" \/>\n<meta name=\"author\" content=\"Paco S\u00e1nchez\" \/>\n<meta name=\"twitter:card\" content=\"summary_large_image\" \/>\n<meta name=\"twitter:label1\" content=\"Escrito por\" \/>\n\t<meta name=\"twitter:data1\" content=\"Paco S\u00e1nchez\" \/>\n\t<meta name=\"twitter:label2\" content=\"Tiempo de lectura\" \/>\n\t<meta name=\"twitter:data2\" content=\"4 minutos\" \/>\n<script type=\"application\/ld+json\" class=\"yoast-schema-graph\">{\"@context\":\"https:\\\/\\\/schema.org\",\"@graph\":[{\"@type\":\"Article\",\"@id\":\"https:\\\/\\\/arealorcaradio.es\\\/index.php\\\/2023\\\/10\\\/26\\\/leroy-merlin-abre-en-el-cc-parque-almenara-de-lorca-un-nuevo-punto-de-venta-en-espana\\\/#article\",\"isPartOf\":{\"@id\":\"https:\\\/\\\/arealorcaradio.es\\\/index.php\\\/2023\\\/10\\\/26\\\/leroy-merlin-abre-en-el-cc-parque-almenara-de-lorca-un-nuevo-punto-de-venta-en-espana\\\/\"},\"author\":{\"name\":\"Paco S\u00e1nchez\",\"@id\":\"https:\\\/\\\/arealorcaradio.es\\\/#\\\/schema\\\/person\\\/9fae605fc25b0f2c83c1ab207139bd27\"},\"headline\":\"Leroy Merlin abre en el CC Parque Almenara de Lorca un nuevo punto de venta en Espa\u00f1a\",\"datePublished\":\"2023-10-26T17:11:43+00:00\",\"mainEntityOfPage\":{\"@id\":\"https:\\\/\\\/arealorcaradio.es\\\/index.php\\\/2023\\\/10\\\/26\\\/leroy-merlin-abre-en-el-cc-parque-almenara-de-lorca-un-nuevo-punto-de-venta-en-espana\\\/\"},\"wordCount\":453,\"commentCount\":0,\"image\":{\"@id\":\"https:\\\/\\\/arealorcaradio.es\\\/index.php\\\/2023\\\/10\\\/26\\\/leroy-merlin-abre-en-el-cc-parque-almenara-de-lorca-un-nuevo-punto-de-venta-en-espana\\\/#primaryimage\"},\"thumbnailUrl\":\"https:\\\/\\\/arealorcaradio.es\\\/wp-content\\\/uploads\\\/2023\\\/10\\\/Empleados-Leroy-Merlin-COMPACT-Lorca.jpg\",\"articleSection\":[\"LORCA\"],\"inLanguage\":\"es\",\"potentialAction\":[{\"@type\":\"CommentAction\",\"name\":\"Comment\",\"target\":[\"https:\\\/\\\/arealorcaradio.es\\\/index.php\\\/2023\\\/10\\\/26\\\/leroy-merlin-abre-en-el-cc-parque-almenara-de-lorca-un-nuevo-punto-de-venta-en-espana\\\/#respond\"]}]},{\"@type\":\"WebPage\",\"@id\":\"https:\\\/\\\/arealorcaradio.es\\\/index.php\\\/2023\\\/10\\\/26\\\/leroy-merlin-abre-en-el-cc-parque-almenara-de-lorca-un-nuevo-punto-de-venta-en-espana\\\/\",\"url\":\"https:\\\/\\\/arealorcaradio.es\\\/index.php\\\/2023\\\/10\\\/26\\\/leroy-merlin-abre-en-el-cc-parque-almenara-de-lorca-un-nuevo-punto-de-venta-en-espana\\\/\",\"name\":\"Leroy Merlin abre en el CC Parque Almenara de Lorca un nuevo punto de venta en Espa\u00f1a - AREA LORCA RADIO\",\"isPartOf\":{\"@id\":\"https:\\\/\\\/arealorcaradio.es\\\/#website\"},\"primaryImageOfPage\":{\"@id\":\"https:\\\/\\\/arealorcaradio.es\\\/index.php\\\/2023\\\/10\\\/26\\\/leroy-merlin-abre-en-el-cc-parque-almenara-de-lorca-un-nuevo-punto-de-venta-en-espana\\\/#primaryimage\"},\"image\":{\"@id\":\"https:\\\/\\\/arealorcaradio.es\\\/index.php\\\/2023\\\/10\\\/26\\\/leroy-merlin-abre-en-el-cc-parque-almenara-de-lorca-un-nuevo-punto-de-venta-en-espana\\\/#primaryimage\"},\"thumbnailUrl\":\"https:\\\/\\\/arealorcaradio.es\\\/wp-content\\\/uploads\\\/2023\\\/10\\\/Empleados-Leroy-Merlin-COMPACT-Lorca.jpg\",\"datePublished\":\"2023-10-26T17:11:43+00:00\",\"author\":{\"@id\":\"https:\\\/\\\/arealorcaradio.es\\\/#\\\/schema\\\/person\\\/9fae605fc25b0f2c83c1ab207139bd27\"},\"breadcrumb\":{\"@id\":\"https:\\\/\\\/arealorcaradio.es\\\/index.php\\\/2023\\\/10\\\/26\\\/leroy-merlin-abre-en-el-cc-parque-almenara-de-lorca-un-nuevo-punto-de-venta-en-espana\\\/#breadcrumb\"},\"inLanguage\":\"es\",\"potentialAction\":[{\"@type\":\"ReadAction\",\"target\":[\"https:\\\/\\\/arealorcaradio.es\\\/index.php\\\/2023\\\/10\\\/26\\\/leroy-merlin-abre-en-el-cc-parque-almenara-de-lorca-un-nuevo-punto-de-venta-en-espana\\\/\"]}]},{\"@type\":\"ImageObject\",\"inLanguage\":\"es\",\"@id\":\"https:\\\/\\\/arealorcaradio.es\\\/index.php\\\/2023\\\/10\\\/26\\\/leroy-merlin-abre-en-el-cc-parque-almenara-de-lorca-un-nuevo-punto-de-venta-en-espana\\\/#primaryimage\",\"url\":\"https:\\\/\\\/arealorcaradio.es\\\/wp-content\\\/uploads\\\/2023\\\/10\\\/Empleados-Leroy-Merlin-COMPACT-Lorca.jpg\",\"contentUrl\":\"https:\\\/\\\/arealorcaradio.es\\\/wp-content\\\/uploads\\\/2023\\\/10\\\/Empleados-Leroy-Merlin-COMPACT-Lorca.jpg\",\"width\":2189,\"height\":1460},{\"@type\":\"BreadcrumbList\",\"@id\":\"https:\\\/\\\/arealorcaradio.es\\\/index.php\\\/2023\\\/10\\\/26\\\/leroy-merlin-abre-en-el-cc-parque-almenara-de-lorca-un-nuevo-punto-de-venta-en-espana\\\/#breadcrumb\",\"itemListElement\":[{\"@type\":\"ListItem\",\"position\":1,\"name\":\"Portada\",\"item\":\"https:\\\/\\\/arealorcaradio.es\\\/\"},{\"@type\":\"ListItem\",\"position\":2,\"name\":\"Leroy Merlin abre en el CC Parque Almenara de Lorca un nuevo punto de venta en Espa\u00f1a\"}]},{\"@type\":\"WebSite\",\"@id\":\"https:\\\/\\\/arealorcaradio.es\\\/#website\",\"url\":\"https:\\\/\\\/arealorcaradio.es\\\/\",\"name\":\"AREA LORCA RADIO\",\"description\":\"Descubre la programaci\u00f3n actual en \u00c1rea Lorca Radio, tu fuente de entrenamiento y noticias locales. Sintoniza ahora y mantente conectado online.\",\"potentialAction\":[{\"@type\":\"SearchAction\",\"target\":{\"@type\":\"EntryPoint\",\"urlTemplate\":\"https:\\\/\\\/arealorcaradio.es\\\/?s={search_term_string}\"},\"query-input\":{\"@type\":\"PropertyValueSpecification\",\"valueRequired\":true,\"valueName\":\"search_term_string\"}}],\"inLanguage\":\"es\"},{\"@type\":\"Person\",\"@id\":\"https:\\\/\\\/arealorcaradio.es\\\/#\\\/schema\\\/person\\\/9fae605fc25b0f2c83c1ab207139bd27\",\"name\":\"Paco S\u00e1nchez\",\"image\":{\"@type\":\"ImageObject\",\"inLanguage\":\"es\",\"@id\":\"https:\\\/\\\/secure.gravatar.com\\\/avatar\\\/d67144e966420fb74aa84c9f2a0103be4724fd14db52b52d3b6bca749f257e79?s=96&d=mm&r=g\",\"url\":\"https:\\\/\\\/secure.gravatar.com\\\/avatar\\\/d67144e966420fb74aa84c9f2a0103be4724fd14db52b52d3b6bca749f257e79?s=96&d=mm&r=g\",\"contentUrl\":\"https:\\\/\\\/secure.gravatar.com\\\/avatar\\\/d67144e966420fb74aa84c9f2a0103be4724fd14db52b52d3b6bca749f257e79?s=96&d=mm&r=g\",\"caption\":\"Paco S\u00e1nchez\"},\"sameAs\":[\"https:\\\/\\\/arealorcaradio.es\"],\"url\":\"https:\\\/\\\/arealorcaradio.es\\\/index.php\\\/author\\\/admin_alorcaradio\\\/\"}]}<\/script>\n<!-- \/ Yoast SEO plugin. -->","yoast_head_json":{"title":"Leroy Merlin abre en el CC Parque Almenara de Lorca un nuevo punto de venta en Espa\u00f1a - AREA LORCA RADIO","robots":{"index":"index","follow":"follow","max-snippet":"max-snippet:-1","max-image-preview":"max-image-preview:large","max-video-preview":"max-video-preview:-1"},"canonical":"https:\/\/arealorcaradio.es\/index.php\/2023\/10\/26\/leroy-merlin-abre-en-el-cc-parque-almenara-de-lorca-un-nuevo-punto-de-venta-en-espana\/","og_locale":"es_ES","og_type":"article","og_title":"Leroy Merlin abre en el CC Parque Almenara de Lorca un nuevo punto de venta en Espa\u00f1a - AREA LORCA RADIO","og_description":"\u00c1REA LORCA RADIO. Escucha aqu\u00ed la entrevista que ha concedido a Paco S\u00e1nchez en el magazine \u00c1rea Lorca Actualidad, la directora de la Tienda Leroy Merlin COMPACT Lorca, Miriam Men\u00e9ndez. Al acto de inauguraci\u00f3n asist\u00edan el director general de la compa\u00f1\u00eda, Alain Ryckeboer, la directora de la nueva tienda, Miriam Men\u00e9ndez, y el alcalde de [&hellip;]","og_url":"https:\/\/arealorcaradio.es\/index.php\/2023\/10\/26\/leroy-merlin-abre-en-el-cc-parque-almenara-de-lorca-un-nuevo-punto-de-venta-en-espana\/","og_site_name":"AREA LORCA RADIO","article_published_time":"2023-10-26T17:11:43+00:00","og_image":[{"width":2189,"height":1460,"url":"https:\/\/arealorcaradio.es\/wp-content\/uploads\/2023\/10\/Empleados-Leroy-Merlin-COMPACT-Lorca.jpg","type":"image\/jpeg"}],"author":"Paco S\u00e1nchez","twitter_card":"summary_large_image","twitter_misc":{"Escrito por":"Paco S\u00e1nchez","Tiempo de lectura":"4 minutos"},"schema":{"@context":"https:\/\/schema.org","@graph":[{"@type":"Article","@id":"https:\/\/arealorcaradio.es\/index.php\/2023\/10\/26\/leroy-merlin-abre-en-el-cc-parque-almenara-de-lorca-un-nuevo-punto-de-venta-en-espana\/#article","isPartOf":{"@id":"https:\/\/arealorcaradio.es\/index.php\/2023\/10\/26\/leroy-merlin-abre-en-el-cc-parque-almenara-de-lorca-un-nuevo-punto-de-venta-en-espana\/"},"author":{"name":"Paco S\u00e1nchez","@id":"https:\/\/arealorcaradio.es\/#\/schema\/person\/9fae605fc25b0f2c83c1ab207139bd27"},"headline":"Leroy Merlin abre en el CC Parque Almenara de Lorca un nuevo punto de venta en Espa\u00f1a","datePublished":"2023-10-26T17:11:43+00:00","mainEntityOfPage":{"@id":"https:\/\/arealorcaradio.es\/index.php\/2023\/10\/26\/leroy-merlin-abre-en-el-cc-parque-almenara-de-lorca-un-nuevo-punto-de-venta-en-espana\/"},"wordCount":453,"commentCount":0,"image":{"@id":"https:\/\/arealorcaradio.es\/index.php\/2023\/10\/26\/leroy-merlin-abre-en-el-cc-parque-almenara-de-lorca-un-nuevo-punto-de-venta-en-espana\/#primaryimage"},"thumbnailUrl":"https:\/\/arealorcaradio.es\/wp-content\/uploads\/2023\/10\/Empleados-Leroy-Merlin-COMPACT-Lorca.jpg","articleSection":["LORCA"],"inLanguage":"es","potentialAction":[{"@type":"CommentAction","name":"Comment","target":["https:\/\/arealorcaradio.es\/index.php\/2023\/10\/26\/leroy-merlin-abre-en-el-cc-parque-almenara-de-lorca-un-nuevo-punto-de-venta-en-espana\/#respond"]}]},{"@type":"WebPage","@id":"https:\/\/arealorcaradio.es\/index.php\/2023\/10\/26\/leroy-merlin-abre-en-el-cc-parque-almenara-de-lorca-un-nuevo-punto-de-venta-en-espana\/","url":"https:\/\/arealorcaradio.es\/index.php\/2023\/10\/26\/leroy-merlin-abre-en-el-cc-parque-almenara-de-lorca-un-nuevo-punto-de-venta-en-espana\/","name":"Leroy Merlin abre en el CC Parque Almenara de Lorca un nuevo punto de venta en Espa\u00f1a - AREA LORCA RADIO","isPartOf":{"@id":"https:\/\/arealorcaradio.es\/#website"},"primaryImageOfPage":{"@id":"https:\/\/arealorcaradio.es\/index.php\/2023\/10\/26\/leroy-merlin-abre-en-el-cc-parque-almenara-de-lorca-un-nuevo-punto-de-venta-en-espana\/#primaryimage"},"image":{"@id":"https:\/\/arealorcaradio.es\/index.php\/2023\/10\/26\/leroy-merlin-abre-en-el-cc-parque-almenara-de-lorca-un-nuevo-punto-de-venta-en-espana\/#primaryimage"},"thumbnailUrl":"https:\/\/arealorcaradio.es\/wp-content\/uploads\/2023\/10\/Empleados-Leroy-Merlin-COMPACT-Lorca.jpg","datePublished":"2023-10-26T17:11:43+00:00","author":{"@id":"https:\/\/arealorcaradio.es\/#\/schema\/person\/9fae605fc25b0f2c83c1ab207139bd27"},"breadcrumb":{"@id":"https:\/\/arealorcaradio.es\/index.php\/2023\/10\/26\/leroy-merlin-abre-en-el-cc-parque-almenara-de-lorca-un-nuevo-punto-de-venta-en-espana\/#breadcrumb"},"inLanguage":"es","potentialAction":[{"@type":"ReadAction","target":["https:\/\/arealorcaradio.es\/index.php\/2023\/10\/26\/leroy-merlin-abre-en-el-cc-parque-almenara-de-lorca-un-nuevo-punto-de-venta-en-espana\/"]}]},{"@type":"ImageObject","inLanguage":"es","@id":"https:\/\/arealorcaradio.es\/index.php\/2023\/10\/26\/leroy-merlin-abre-en-el-cc-parque-almenara-de-lorca-un-nuevo-punto-de-venta-en-espana\/#primaryimage","url":"https:\/\/arealorcaradio.es\/wp-content\/uploads\/2023\/10\/Empleados-Leroy-Merlin-COMPACT-Lorca.jpg","contentUrl":"https:\/\/arealorcaradio.es\/wp-content\/uploads\/2023\/10\/Empleados-Leroy-Merlin-COMPACT-Lorca.jpg","width":2189,"height":1460},{"@type":"BreadcrumbList","@id":"https:\/\/arealorcaradio.es\/index.php\/2023\/10\/26\/leroy-merlin-abre-en-el-cc-parque-almenara-de-lorca-un-nuevo-punto-de-venta-en-espana\/#breadcrumb","itemListElement":[{"@type":"ListItem","position":1,"name":"Portada","item":"https:\/\/arealorcaradio.es\/"},{"@type":"ListItem","position":2,"name":"Leroy Merlin abre en el CC Parque Almenara de Lorca un nuevo punto de venta en Espa\u00f1a"}]},{"@type":"WebSite","@id":"https:\/\/arealorcaradio.es\/#website","url":"https:\/\/arealorcaradio.es\/","name":"AREA LORCA RADIO","description":"Descubre la programaci\u00f3n actual en \u00c1rea Lorca Radio, tu fuente de entrenamiento y noticias locales. Sintoniza ahora y mantente conectado online.","potentialAction":[{"@type":"SearchAction","target":{"@type":"EntryPoint","urlTemplate":"https:\/\/arealorcaradio.es\/?s={search_term_string}"},"query-input":{"@type":"PropertyValueSpecification","valueRequired":true,"valueName":"search_term_string"}}],"inLanguage":"es"},{"@type":"Person","@id":"https:\/\/arealorcaradio.es\/#\/schema\/person\/9fae605fc25b0f2c83c1ab207139bd27","name":"Paco S\u00e1nchez","image":{"@type":"ImageObject","inLanguage":"es","@id":"https:\/\/secure.gravatar.com\/avatar\/d67144e966420fb74aa84c9f2a0103be4724fd14db52b52d3b6bca749f257e79?s=96&d=mm&r=g","url":"https:\/\/secure.gravatar.com\/avatar\/d67144e966420fb74aa84c9f2a0103be4724fd14db52b52d3b6bca749f257e79?s=96&d=mm&r=g","contentUrl":"https:\/\/secure.gravatar.com\/avatar\/d67144e966420fb74aa84c9f2a0103be4724fd14db52b52d3b6bca749f257e79?s=96&d=mm&r=g","caption":"Paco S\u00e1nchez"},"sameAs":["https:\/\/arealorcaradio.es"],"url":"https:\/\/arealorcaradio.es\/index.php\/author\/admin_alorcaradio\/"}]}},"_links":{"self":[{"href":"https:\/\/arealorcaradio.es\/index.php\/wp-json\/wp\/v2\/posts\/1778","targetHints":{"allow":["GET"]}}],"collection":[{"href":"https:\/\/arealorcaradio.es\/index.php\/wp-json\/wp\/v2\/posts"}],"about":[{"href":"https:\/\/arealorcaradio.es\/index.php\/wp-json\/wp\/v2\/types\/post"}],"author":[{"embeddable":true,"href":"https:\/\/arealorcaradio.es\/index.php\/wp-json\/wp\/v2\/users\/1"}],"replies":[{"embeddable":true,"href":"https:\/\/arealorcaradio.es\/index.php\/wp-json\/wp\/v2\/comments?post=1778"}],"version-history":[{"count":5,"href":"https:\/\/arealorcaradio.es\/index.php\/wp-json\/wp\/v2\/posts\/1778\/revisions"}],"predecessor-version":[{"id":1792,"href":"https:\/\/arealorcaradio.es\/index.php\/wp-json\/wp\/v2\/posts\/1778\/revisions\/1792"}],"wp:featuredmedia":[{"embeddable":true,"href":"https:\/\/arealorcaradio.es\/index.php\/wp-json\/wp\/v2\/media\/1780"}],"wp:attachment":[{"href":"https:\/\/arealorcaradio.es\/index.php\/wp-json\/wp\/v2\/media?parent=1778"}],"wp:term":[{"taxonomy":"category","embeddable":true,"href":"https:\/\/arealorcaradio.es\/index.php\/wp-json\/wp\/v2\/categories?post=1778"},{"taxonomy":"post_tag","embeddable":true,"href":"https:\/\/arealorcaradio.es\/index.php\/wp-json\/wp\/v2\/tags?post=1778"}],"curies":[{"name":"wp","href":"https:\/\/api.w.org\/{rel}","templated":true}]}}