{"id":1597,"date":"2023-10-05T18:08:12","date_gmt":"2023-10-05T18:08:12","guid":{"rendered":"https:\/\/arealorcaradio.es\/?p=1597"},"modified":"2023-10-05T18:08:12","modified_gmt":"2023-10-05T18:08:12","slug":"la-asociacion-cultural-patrimonio-y-cultura-de-puerto-lumbreras-sorprendida-por-la-baja-proteccion-cultural-otorgada-por-la-comunidad-autonoma-a-la-villa-romana-de-cabildo-1","status":"publish","type":"post","link":"https:\/\/arealorcaradio.es\/index.php\/2023\/10\/05\/la-asociacion-cultural-patrimonio-y-cultura-de-puerto-lumbreras-sorprendida-por-la-baja-proteccion-cultural-otorgada-por-la-comunidad-autonoma-a-la-villa-romana-de-cabildo-1\/","title":{"rendered":"La Asociaci\u00f3n Cultural Patrimonio y Cultura de Puerto Lumbreras sorprendida por la baja protecci\u00f3n cultural otorgada por la Comunidad Aut\u00f3noma a la Villa Romana de Cabildo 1"},"content":{"rendered":"<p>\u00c1REA LORCA RADIO.<\/p>\n<p>Escucha aqu\u00ed la entrevista que ha concedido Antonio Merlos, presidente de la Asociaci\u00f3n Cultural Patrimonio y Cultura de Puerto Lumbreras a Paco S\u00e1nchez en el magazine \u00c1rea Lorca Actualidad. En ella habla de la decisi\u00f3n de la decisi\u00f3n incomprensible de la Direcci\u00f3n General de Patrimonio Cultural de la Comunidad Aut\u00f3noma al no catalogar como BIC todo el Cabildo I. Adem\u00e1s, Antonio Merlos, habla de la \u00faltima salida de campo, as\u00ed como del 300 aniversario de la Iglesia de Nuestra Se\u00f1ora del Rosario de Puerto Lumbreras.<\/p>\n<audio class=\"wp-audio-shortcode\" id=\"audio-1597-1\" preload=\"none\" style=\"width: 100%;\" controls=\"controls\"><source type=\"audio\/mpeg\" src=\"https:\/\/arealorcaradio.es\/wp-content\/uploads\/2023\/10\/051023-ANTONIO-MERLOS.-SC-BALSA-ROMANA-Y-300-ANOS.mp3?_=1\" \/><a href=\"https:\/\/arealorcaradio.es\/wp-content\/uploads\/2023\/10\/051023-ANTONIO-MERLOS.-SC-BALSA-ROMANA-Y-300-ANOS.mp3\">https:\/\/arealorcaradio.es\/wp-content\/uploads\/2023\/10\/051023-ANTONIO-MERLOS.-SC-BALSA-ROMANA-Y-300-ANOS.mp3<\/a><\/audio>\n<p><img loading=\"lazy\" decoding=\"async\" class=\"alignnone size-medium wp-image-1599\" src=\"https:\/\/arealorcaradio.es\/wp-content\/uploads\/2023\/10\/Salida-de-Campo-Puerto-Lumbreras-300x225.jpg\" alt=\"\" width=\"300\" height=\"225\" srcset=\"https:\/\/arealorcaradio.es\/wp-content\/uploads\/2023\/10\/Salida-de-Campo-Puerto-Lumbreras-300x225.jpg 300w, https:\/\/arealorcaradio.es\/wp-content\/uploads\/2023\/10\/Salida-de-Campo-Puerto-Lumbreras-86x64.jpg 86w, https:\/\/arealorcaradio.es\/wp-content\/uploads\/2023\/10\/Salida-de-Campo-Puerto-Lumbreras.jpg 720w\" sizes=\"auto, (max-width: 300px) 100vw, 300px\" \/>\u00a0 <img loading=\"lazy\" decoding=\"async\" class=\"alignnone wp-image-1600\" src=\"https:\/\/arealorcaradio.es\/wp-content\/uploads\/2023\/10\/parroquia-de-nuestra-senora-del-rosario-puerto-lumbreras-201x300.jpg\" alt=\"\" width=\"151\" height=\"225\" srcset=\"https:\/\/arealorcaradio.es\/wp-content\/uploads\/2023\/10\/parroquia-de-nuestra-senora-del-rosario-puerto-lumbreras-201x300.jpg 201w, https:\/\/arealorcaradio.es\/wp-content\/uploads\/2023\/10\/parroquia-de-nuestra-senora-del-rosario-puerto-lumbreras-685x1024.jpg 685w, https:\/\/arealorcaradio.es\/wp-content\/uploads\/2023\/10\/parroquia-de-nuestra-senora-del-rosario-puerto-lumbreras-768x1148.jpg 768w, https:\/\/arealorcaradio.es\/wp-content\/uploads\/2023\/10\/parroquia-de-nuestra-senora-del-rosario-puerto-lumbreras.jpg 1024w\" sizes=\"auto, (max-width: 151px) 100vw, 151px\" \/><\/p>\n","protected":false},"excerpt":{"rendered":"<p>\u00c1REA LORCA RADIO. Escucha aqu\u00ed la entrevista que ha concedido Antonio Merlos, presidente de la Asociaci\u00f3n Cultural Patrimonio y Cultura de Puerto Lumbreras a Paco S\u00e1nchez en el magazine \u00c1rea Lorca Actualidad. En ella habla de la decisi\u00f3n de la decisi\u00f3n incomprensible de la Direcci\u00f3n General de Patrimonio Cultural de la Comunidad Aut\u00f3noma al no [&hellip;]<\/p>\n","protected":false},"author":1,"featured_media":1601,"comment_status":"open","ping_status":"open","sticky":false,"template":"","format":"standard","meta":{"iawp_total_views":6,"footnotes":""},"categories":[5,9],"tags":[],"class_list":["post-1597","post","type-post","status-publish","format-standard","has-post-thumbnail","hentry","category-actualidad","category-puerto-lumbreras"],"yoast_head":"<!-- This site is optimized with the Yoast SEO plugin v27.5 - https:\/\/yoast.com\/product\/yoast-seo-wordpress\/ -->\n<title>La Asociaci\u00f3n Cultural Patrimonio y Cultura de Puerto Lumbreras sorprendida por la baja protecci\u00f3n cultural otorgada por la Comunidad Aut\u00f3noma a la Villa Romana de Cabildo 1 - AREA LORCA RADIO<\/title>\n<meta name=\"robots\" content=\"index, follow, max-snippet:-1, max-image-preview:large, max-video-preview:-1\" \/>\n<link rel=\"canonical\" href=\"https:\/\/arealorcaradio.es\/index.php\/2023\/10\/05\/la-asociacion-cultural-patrimonio-y-cultura-de-puerto-lumbreras-sorprendida-por-la-baja-proteccion-cultural-otorgada-por-la-comunidad-autonoma-a-la-villa-romana-de-cabildo-1\/\" \/>\n<meta property=\"og:locale\" content=\"es_ES\" \/>\n<meta property=\"og:type\" content=\"article\" \/>\n<meta property=\"og:title\" content=\"La Asociaci\u00f3n Cultural Patrimonio y Cultura de Puerto Lumbreras sorprendida por la baja protecci\u00f3n cultural otorgada por la Comunidad Aut\u00f3noma a la Villa Romana de Cabildo 1 - AREA LORCA RADIO\" \/>\n<meta property=\"og:description\" content=\"\u00c1REA LORCA RADIO. Escucha aqu\u00ed la entrevista que ha concedido Antonio Merlos, presidente de la Asociaci\u00f3n Cultural Patrimonio y Cultura de Puerto Lumbreras a Paco S\u00e1nchez en el magazine \u00c1rea Lorca Actualidad. En ella habla de la decisi\u00f3n de la decisi\u00f3n incomprensible de la Direcci\u00f3n General de Patrimonio Cultural de la Comunidad Aut\u00f3noma al no [&hellip;]\" \/>\n<meta property=\"og:url\" content=\"https:\/\/arealorcaradio.es\/index.php\/2023\/10\/05\/la-asociacion-cultural-patrimonio-y-cultura-de-puerto-lumbreras-sorprendida-por-la-baja-proteccion-cultural-otorgada-por-la-comunidad-autonoma-a-la-villa-romana-de-cabildo-1\/\" \/>\n<meta property=\"og:site_name\" content=\"AREA LORCA RADIO\" \/>\n<meta property=\"article:published_time\" content=\"2023-10-05T18:08:12+00:00\" \/>\n<meta property=\"og:image\" content=\"https:\/\/arealorcaradio.es\/wp-content\/uploads\/2023\/10\/Balsa-Romana-PL.jpg\" \/>\n\t<meta property=\"og:image:width\" content=\"720\" \/>\n\t<meta property=\"og:image:height\" content=\"540\" \/>\n\t<meta property=\"og:image:type\" content=\"image\/jpeg\" \/>\n<meta name=\"author\" content=\"Paco S\u00e1nchez\" \/>\n<meta name=\"twitter:card\" content=\"summary_large_image\" \/>\n<meta name=\"twitter:label1\" content=\"Escrito por\" \/>\n\t<meta name=\"twitter:data1\" content=\"Paco S\u00e1nchez\" \/>\n\t<meta name=\"twitter:label2\" content=\"Tiempo de lectura\" \/>\n\t<meta name=\"twitter:data2\" content=\"1 minuto\" \/>\n<script type=\"application\/ld+json\" class=\"yoast-schema-graph\">{\"@context\":\"https:\\\/\\\/schema.org\",\"@graph\":[{\"@type\":\"Article\",\"@id\":\"https:\\\/\\\/arealorcaradio.es\\\/index.php\\\/2023\\\/10\\\/05\\\/la-asociacion-cultural-patrimonio-y-cultura-de-puerto-lumbreras-sorprendida-por-la-baja-proteccion-cultural-otorgada-por-la-comunidad-autonoma-a-la-villa-romana-de-cabildo-1\\\/#article\",\"isPartOf\":{\"@id\":\"https:\\\/\\\/arealorcaradio.es\\\/index.php\\\/2023\\\/10\\\/05\\\/la-asociacion-cultural-patrimonio-y-cultura-de-puerto-lumbreras-sorprendida-por-la-baja-proteccion-cultural-otorgada-por-la-comunidad-autonoma-a-la-villa-romana-de-cabildo-1\\\/\"},\"author\":{\"name\":\"Paco S\u00e1nchez\",\"@id\":\"https:\\\/\\\/arealorcaradio.es\\\/#\\\/schema\\\/person\\\/9fae605fc25b0f2c83c1ab207139bd27\"},\"headline\":\"La Asociaci\u00f3n Cultural Patrimonio y Cultura de Puerto Lumbreras sorprendida por la baja protecci\u00f3n cultural otorgada por la Comunidad Aut\u00f3noma a la Villa Romana de Cabildo 1\",\"datePublished\":\"2023-10-05T18:08:12+00:00\",\"mainEntityOfPage\":{\"@id\":\"https:\\\/\\\/arealorcaradio.es\\\/index.php\\\/2023\\\/10\\\/05\\\/la-asociacion-cultural-patrimonio-y-cultura-de-puerto-lumbreras-sorprendida-por-la-baja-proteccion-cultural-otorgada-por-la-comunidad-autonoma-a-la-villa-romana-de-cabildo-1\\\/\"},\"wordCount\":136,\"commentCount\":0,\"image\":{\"@id\":\"https:\\\/\\\/arealorcaradio.es\\\/index.php\\\/2023\\\/10\\\/05\\\/la-asociacion-cultural-patrimonio-y-cultura-de-puerto-lumbreras-sorprendida-por-la-baja-proteccion-cultural-otorgada-por-la-comunidad-autonoma-a-la-villa-romana-de-cabildo-1\\\/#primaryimage\"},\"thumbnailUrl\":\"https:\\\/\\\/arealorcaradio.es\\\/wp-content\\\/uploads\\\/2023\\\/10\\\/Balsa-Romana-PL.jpg\",\"articleSection\":[\"ACTUALIDAD\",\"PUERTO LUMBRERAS\"],\"inLanguage\":\"es\",\"potentialAction\":[{\"@type\":\"CommentAction\",\"name\":\"Comment\",\"target\":[\"https:\\\/\\\/arealorcaradio.es\\\/index.php\\\/2023\\\/10\\\/05\\\/la-asociacion-cultural-patrimonio-y-cultura-de-puerto-lumbreras-sorprendida-por-la-baja-proteccion-cultural-otorgada-por-la-comunidad-autonoma-a-la-villa-romana-de-cabildo-1\\\/#respond\"]}]},{\"@type\":\"WebPage\",\"@id\":\"https:\\\/\\\/arealorcaradio.es\\\/index.php\\\/2023\\\/10\\\/05\\\/la-asociacion-cultural-patrimonio-y-cultura-de-puerto-lumbreras-sorprendida-por-la-baja-proteccion-cultural-otorgada-por-la-comunidad-autonoma-a-la-villa-romana-de-cabildo-1\\\/\",\"url\":\"https:\\\/\\\/arealorcaradio.es\\\/index.php\\\/2023\\\/10\\\/05\\\/la-asociacion-cultural-patrimonio-y-cultura-de-puerto-lumbreras-sorprendida-por-la-baja-proteccion-cultural-otorgada-por-la-comunidad-autonoma-a-la-villa-romana-de-cabildo-1\\\/\",\"name\":\"La Asociaci\u00f3n Cultural Patrimonio y Cultura de Puerto Lumbreras sorprendida por la baja protecci\u00f3n cultural otorgada por la Comunidad Aut\u00f3noma a la Villa Romana de Cabildo 1 - AREA LORCA RADIO\",\"isPartOf\":{\"@id\":\"https:\\\/\\\/arealorcaradio.es\\\/#website\"},\"primaryImageOfPage\":{\"@id\":\"https:\\\/\\\/arealorcaradio.es\\\/index.php\\\/2023\\\/10\\\/05\\\/la-asociacion-cultural-patrimonio-y-cultura-de-puerto-lumbreras-sorprendida-por-la-baja-proteccion-cultural-otorgada-por-la-comunidad-autonoma-a-la-villa-romana-de-cabildo-1\\\/#primaryimage\"},\"image\":{\"@id\":\"https:\\\/\\\/arealorcaradio.es\\\/index.php\\\/2023\\\/10\\\/05\\\/la-asociacion-cultural-patrimonio-y-cultura-de-puerto-lumbreras-sorprendida-por-la-baja-proteccion-cultural-otorgada-por-la-comunidad-autonoma-a-la-villa-romana-de-cabildo-1\\\/#primaryimage\"},\"thumbnailUrl\":\"https:\\\/\\\/arealorcaradio.es\\\/wp-content\\\/uploads\\\/2023\\\/10\\\/Balsa-Romana-PL.jpg\",\"datePublished\":\"2023-10-05T18:08:12+00:00\",\"author\":{\"@id\":\"https:\\\/\\\/arealorcaradio.es\\\/#\\\/schema\\\/person\\\/9fae605fc25b0f2c83c1ab207139bd27\"},\"breadcrumb\":{\"@id\":\"https:\\\/\\\/arealorcaradio.es\\\/index.php\\\/2023\\\/10\\\/05\\\/la-asociacion-cultural-patrimonio-y-cultura-de-puerto-lumbreras-sorprendida-por-la-baja-proteccion-cultural-otorgada-por-la-comunidad-autonoma-a-la-villa-romana-de-cabildo-1\\\/#breadcrumb\"},\"inLanguage\":\"es\",\"potentialAction\":[{\"@type\":\"ReadAction\",\"target\":[\"https:\\\/\\\/arealorcaradio.es\\\/index.php\\\/2023\\\/10\\\/05\\\/la-asociacion-cultural-patrimonio-y-cultura-de-puerto-lumbreras-sorprendida-por-la-baja-proteccion-cultural-otorgada-por-la-comunidad-autonoma-a-la-villa-romana-de-cabildo-1\\\/\"]}]},{\"@type\":\"ImageObject\",\"inLanguage\":\"es\",\"@id\":\"https:\\\/\\\/arealorcaradio.es\\\/index.php\\\/2023\\\/10\\\/05\\\/la-asociacion-cultural-patrimonio-y-cultura-de-puerto-lumbreras-sorprendida-por-la-baja-proteccion-cultural-otorgada-por-la-comunidad-autonoma-a-la-villa-romana-de-cabildo-1\\\/#primaryimage\",\"url\":\"https:\\\/\\\/arealorcaradio.es\\\/wp-content\\\/uploads\\\/2023\\\/10\\\/Balsa-Romana-PL.jpg\",\"contentUrl\":\"https:\\\/\\\/arealorcaradio.es\\\/wp-content\\\/uploads\\\/2023\\\/10\\\/Balsa-Romana-PL.jpg\",\"width\":720,\"height\":540},{\"@type\":\"BreadcrumbList\",\"@id\":\"https:\\\/\\\/arealorcaradio.es\\\/index.php\\\/2023\\\/10\\\/05\\\/la-asociacion-cultural-patrimonio-y-cultura-de-puerto-lumbreras-sorprendida-por-la-baja-proteccion-cultural-otorgada-por-la-comunidad-autonoma-a-la-villa-romana-de-cabildo-1\\\/#breadcrumb\",\"itemListElement\":[{\"@type\":\"ListItem\",\"position\":1,\"name\":\"Portada\",\"item\":\"https:\\\/\\\/arealorcaradio.es\\\/\"},{\"@type\":\"ListItem\",\"position\":2,\"name\":\"La Asociaci\u00f3n Cultural Patrimonio y Cultura de Puerto Lumbreras sorprendida por la baja protecci\u00f3n cultural otorgada por la Comunidad Aut\u00f3noma a la Villa Romana de Cabildo 1\"}]},{\"@type\":\"WebSite\",\"@id\":\"https:\\\/\\\/arealorcaradio.es\\\/#website\",\"url\":\"https:\\\/\\\/arealorcaradio.es\\\/\",\"name\":\"AREA LORCA RADIO\",\"description\":\"Descubre la programaci\u00f3n actual en \u00c1rea Lorca Radio, tu fuente de entrenamiento y noticias locales. Sintoniza ahora y mantente conectado online.\",\"potentialAction\":[{\"@type\":\"SearchAction\",\"target\":{\"@type\":\"EntryPoint\",\"urlTemplate\":\"https:\\\/\\\/arealorcaradio.es\\\/?s={search_term_string}\"},\"query-input\":{\"@type\":\"PropertyValueSpecification\",\"valueRequired\":true,\"valueName\":\"search_term_string\"}}],\"inLanguage\":\"es\"},{\"@type\":\"Person\",\"@id\":\"https:\\\/\\\/arealorcaradio.es\\\/#\\\/schema\\\/person\\\/9fae605fc25b0f2c83c1ab207139bd27\",\"name\":\"Paco S\u00e1nchez\",\"image\":{\"@type\":\"ImageObject\",\"inLanguage\":\"es\",\"@id\":\"https:\\\/\\\/secure.gravatar.com\\\/avatar\\\/d67144e966420fb74aa84c9f2a0103be4724fd14db52b52d3b6bca749f257e79?s=96&d=mm&r=g\",\"url\":\"https:\\\/\\\/secure.gravatar.com\\\/avatar\\\/d67144e966420fb74aa84c9f2a0103be4724fd14db52b52d3b6bca749f257e79?s=96&d=mm&r=g\",\"contentUrl\":\"https:\\\/\\\/secure.gravatar.com\\\/avatar\\\/d67144e966420fb74aa84c9f2a0103be4724fd14db52b52d3b6bca749f257e79?s=96&d=mm&r=g\",\"caption\":\"Paco S\u00e1nchez\"},\"sameAs\":[\"https:\\\/\\\/arealorcaradio.es\"],\"url\":\"https:\\\/\\\/arealorcaradio.es\\\/index.php\\\/author\\\/admin_alorcaradio\\\/\"}]}<\/script>\n<!-- \/ Yoast SEO plugin. -->","yoast_head_json":{"title":"La Asociaci\u00f3n Cultural Patrimonio y Cultura de Puerto Lumbreras sorprendida por la baja protecci\u00f3n cultural otorgada por la Comunidad Aut\u00f3noma a la Villa Romana de Cabildo 1 - AREA LORCA RADIO","robots":{"index":"index","follow":"follow","max-snippet":"max-snippet:-1","max-image-preview":"max-image-preview:large","max-video-preview":"max-video-preview:-1"},"canonical":"https:\/\/arealorcaradio.es\/index.php\/2023\/10\/05\/la-asociacion-cultural-patrimonio-y-cultura-de-puerto-lumbreras-sorprendida-por-la-baja-proteccion-cultural-otorgada-por-la-comunidad-autonoma-a-la-villa-romana-de-cabildo-1\/","og_locale":"es_ES","og_type":"article","og_title":"La Asociaci\u00f3n Cultural Patrimonio y Cultura de Puerto Lumbreras sorprendida por la baja protecci\u00f3n cultural otorgada por la Comunidad Aut\u00f3noma a la Villa Romana de Cabildo 1 - AREA LORCA RADIO","og_description":"\u00c1REA LORCA RADIO. Escucha aqu\u00ed la entrevista que ha concedido Antonio Merlos, presidente de la Asociaci\u00f3n Cultural Patrimonio y Cultura de Puerto Lumbreras a Paco S\u00e1nchez en el magazine \u00c1rea Lorca Actualidad. En ella habla de la decisi\u00f3n de la decisi\u00f3n incomprensible de la Direcci\u00f3n General de Patrimonio Cultural de la Comunidad Aut\u00f3noma al no [&hellip;]","og_url":"https:\/\/arealorcaradio.es\/index.php\/2023\/10\/05\/la-asociacion-cultural-patrimonio-y-cultura-de-puerto-lumbreras-sorprendida-por-la-baja-proteccion-cultural-otorgada-por-la-comunidad-autonoma-a-la-villa-romana-de-cabildo-1\/","og_site_name":"AREA LORCA RADIO","article_published_time":"2023-10-05T18:08:12+00:00","og_image":[{"width":720,"height":540,"url":"https:\/\/arealorcaradio.es\/wp-content\/uploads\/2023\/10\/Balsa-Romana-PL.jpg","type":"image\/jpeg"}],"author":"Paco S\u00e1nchez","twitter_card":"summary_large_image","twitter_misc":{"Escrito por":"Paco S\u00e1nchez","Tiempo de lectura":"1 minuto"},"schema":{"@context":"https:\/\/schema.org","@graph":[{"@type":"Article","@id":"https:\/\/arealorcaradio.es\/index.php\/2023\/10\/05\/la-asociacion-cultural-patrimonio-y-cultura-de-puerto-lumbreras-sorprendida-por-la-baja-proteccion-cultural-otorgada-por-la-comunidad-autonoma-a-la-villa-romana-de-cabildo-1\/#article","isPartOf":{"@id":"https:\/\/arealorcaradio.es\/index.php\/2023\/10\/05\/la-asociacion-cultural-patrimonio-y-cultura-de-puerto-lumbreras-sorprendida-por-la-baja-proteccion-cultural-otorgada-por-la-comunidad-autonoma-a-la-villa-romana-de-cabildo-1\/"},"author":{"name":"Paco S\u00e1nchez","@id":"https:\/\/arealorcaradio.es\/#\/schema\/person\/9fae605fc25b0f2c83c1ab207139bd27"},"headline":"La Asociaci\u00f3n Cultural Patrimonio y Cultura de Puerto Lumbreras sorprendida por la baja protecci\u00f3n cultural otorgada por la Comunidad Aut\u00f3noma a la Villa Romana de Cabildo 1","datePublished":"2023-10-05T18:08:12+00:00","mainEntityOfPage":{"@id":"https:\/\/arealorcaradio.es\/index.php\/2023\/10\/05\/la-asociacion-cultural-patrimonio-y-cultura-de-puerto-lumbreras-sorprendida-por-la-baja-proteccion-cultural-otorgada-por-la-comunidad-autonoma-a-la-villa-romana-de-cabildo-1\/"},"wordCount":136,"commentCount":0,"image":{"@id":"https:\/\/arealorcaradio.es\/index.php\/2023\/10\/05\/la-asociacion-cultural-patrimonio-y-cultura-de-puerto-lumbreras-sorprendida-por-la-baja-proteccion-cultural-otorgada-por-la-comunidad-autonoma-a-la-villa-romana-de-cabildo-1\/#primaryimage"},"thumbnailUrl":"https:\/\/arealorcaradio.es\/wp-content\/uploads\/2023\/10\/Balsa-Romana-PL.jpg","articleSection":["ACTUALIDAD","PUERTO LUMBRERAS"],"inLanguage":"es","potentialAction":[{"@type":"CommentAction","name":"Comment","target":["https:\/\/arealorcaradio.es\/index.php\/2023\/10\/05\/la-asociacion-cultural-patrimonio-y-cultura-de-puerto-lumbreras-sorprendida-por-la-baja-proteccion-cultural-otorgada-por-la-comunidad-autonoma-a-la-villa-romana-de-cabildo-1\/#respond"]}]},{"@type":"WebPage","@id":"https:\/\/arealorcaradio.es\/index.php\/2023\/10\/05\/la-asociacion-cultural-patrimonio-y-cultura-de-puerto-lumbreras-sorprendida-por-la-baja-proteccion-cultural-otorgada-por-la-comunidad-autonoma-a-la-villa-romana-de-cabildo-1\/","url":"https:\/\/arealorcaradio.es\/index.php\/2023\/10\/05\/la-asociacion-cultural-patrimonio-y-cultura-de-puerto-lumbreras-sorprendida-por-la-baja-proteccion-cultural-otorgada-por-la-comunidad-autonoma-a-la-villa-romana-de-cabildo-1\/","name":"La Asociaci\u00f3n Cultural Patrimonio y Cultura de Puerto Lumbreras sorprendida por la baja protecci\u00f3n cultural otorgada por la Comunidad Aut\u00f3noma a la Villa Romana de Cabildo 1 - AREA LORCA RADIO","isPartOf":{"@id":"https:\/\/arealorcaradio.es\/#website"},"primaryImageOfPage":{"@id":"https:\/\/arealorcaradio.es\/index.php\/2023\/10\/05\/la-asociacion-cultural-patrimonio-y-cultura-de-puerto-lumbreras-sorprendida-por-la-baja-proteccion-cultural-otorgada-por-la-comunidad-autonoma-a-la-villa-romana-de-cabildo-1\/#primaryimage"},"image":{"@id":"https:\/\/arealorcaradio.es\/index.php\/2023\/10\/05\/la-asociacion-cultural-patrimonio-y-cultura-de-puerto-lumbreras-sorprendida-por-la-baja-proteccion-cultural-otorgada-por-la-comunidad-autonoma-a-la-villa-romana-de-cabildo-1\/#primaryimage"},"thumbnailUrl":"https:\/\/arealorcaradio.es\/wp-content\/uploads\/2023\/10\/Balsa-Romana-PL.jpg","datePublished":"2023-10-05T18:08:12+00:00","author":{"@id":"https:\/\/arealorcaradio.es\/#\/schema\/person\/9fae605fc25b0f2c83c1ab207139bd27"},"breadcrumb":{"@id":"https:\/\/arealorcaradio.es\/index.php\/2023\/10\/05\/la-asociacion-cultural-patrimonio-y-cultura-de-puerto-lumbreras-sorprendida-por-la-baja-proteccion-cultural-otorgada-por-la-comunidad-autonoma-a-la-villa-romana-de-cabildo-1\/#breadcrumb"},"inLanguage":"es","potentialAction":[{"@type":"ReadAction","target":["https:\/\/arealorcaradio.es\/index.php\/2023\/10\/05\/la-asociacion-cultural-patrimonio-y-cultura-de-puerto-lumbreras-sorprendida-por-la-baja-proteccion-cultural-otorgada-por-la-comunidad-autonoma-a-la-villa-romana-de-cabildo-1\/"]}]},{"@type":"ImageObject","inLanguage":"es","@id":"https:\/\/arealorcaradio.es\/index.php\/2023\/10\/05\/la-asociacion-cultural-patrimonio-y-cultura-de-puerto-lumbreras-sorprendida-por-la-baja-proteccion-cultural-otorgada-por-la-comunidad-autonoma-a-la-villa-romana-de-cabildo-1\/#primaryimage","url":"https:\/\/arealorcaradio.es\/wp-content\/uploads\/2023\/10\/Balsa-Romana-PL.jpg","contentUrl":"https:\/\/arealorcaradio.es\/wp-content\/uploads\/2023\/10\/Balsa-Romana-PL.jpg","width":720,"height":540},{"@type":"BreadcrumbList","@id":"https:\/\/arealorcaradio.es\/index.php\/2023\/10\/05\/la-asociacion-cultural-patrimonio-y-cultura-de-puerto-lumbreras-sorprendida-por-la-baja-proteccion-cultural-otorgada-por-la-comunidad-autonoma-a-la-villa-romana-de-cabildo-1\/#breadcrumb","itemListElement":[{"@type":"ListItem","position":1,"name":"Portada","item":"https:\/\/arealorcaradio.es\/"},{"@type":"ListItem","position":2,"name":"La Asociaci\u00f3n Cultural Patrimonio y Cultura de Puerto Lumbreras sorprendida por la baja protecci\u00f3n cultural otorgada por la Comunidad Aut\u00f3noma a la Villa Romana de Cabildo 1"}]},{"@type":"WebSite","@id":"https:\/\/arealorcaradio.es\/#website","url":"https:\/\/arealorcaradio.es\/","name":"AREA LORCA RADIO","description":"Descubre la programaci\u00f3n actual en \u00c1rea Lorca Radio, tu fuente de entrenamiento y noticias locales. Sintoniza ahora y mantente conectado online.","potentialAction":[{"@type":"SearchAction","target":{"@type":"EntryPoint","urlTemplate":"https:\/\/arealorcaradio.es\/?s={search_term_string}"},"query-input":{"@type":"PropertyValueSpecification","valueRequired":true,"valueName":"search_term_string"}}],"inLanguage":"es"},{"@type":"Person","@id":"https:\/\/arealorcaradio.es\/#\/schema\/person\/9fae605fc25b0f2c83c1ab207139bd27","name":"Paco S\u00e1nchez","image":{"@type":"ImageObject","inLanguage":"es","@id":"https:\/\/secure.gravatar.com\/avatar\/d67144e966420fb74aa84c9f2a0103be4724fd14db52b52d3b6bca749f257e79?s=96&d=mm&r=g","url":"https:\/\/secure.gravatar.com\/avatar\/d67144e966420fb74aa84c9f2a0103be4724fd14db52b52d3b6bca749f257e79?s=96&d=mm&r=g","contentUrl":"https:\/\/secure.gravatar.com\/avatar\/d67144e966420fb74aa84c9f2a0103be4724fd14db52b52d3b6bca749f257e79?s=96&d=mm&r=g","caption":"Paco S\u00e1nchez"},"sameAs":["https:\/\/arealorcaradio.es"],"url":"https:\/\/arealorcaradio.es\/index.php\/author\/admin_alorcaradio\/"}]}},"_links":{"self":[{"href":"https:\/\/arealorcaradio.es\/index.php\/wp-json\/wp\/v2\/posts\/1597","targetHints":{"allow":["GET"]}}],"collection":[{"href":"https:\/\/arealorcaradio.es\/index.php\/wp-json\/wp\/v2\/posts"}],"about":[{"href":"https:\/\/arealorcaradio.es\/index.php\/wp-json\/wp\/v2\/types\/post"}],"author":[{"embeddable":true,"href":"https:\/\/arealorcaradio.es\/index.php\/wp-json\/wp\/v2\/users\/1"}],"replies":[{"embeddable":true,"href":"https:\/\/arealorcaradio.es\/index.php\/wp-json\/wp\/v2\/comments?post=1597"}],"version-history":[{"count":3,"href":"https:\/\/arealorcaradio.es\/index.php\/wp-json\/wp\/v2\/posts\/1597\/revisions"}],"predecessor-version":[{"id":1625,"href":"https:\/\/arealorcaradio.es\/index.php\/wp-json\/wp\/v2\/posts\/1597\/revisions\/1625"}],"wp:featuredmedia":[{"embeddable":true,"href":"https:\/\/arealorcaradio.es\/index.php\/wp-json\/wp\/v2\/media\/1601"}],"wp:attachment":[{"href":"https:\/\/arealorcaradio.es\/index.php\/wp-json\/wp\/v2\/media?parent=1597"}],"wp:term":[{"taxonomy":"category","embeddable":true,"href":"https:\/\/arealorcaradio.es\/index.php\/wp-json\/wp\/v2\/categories?post=1597"},{"taxonomy":"post_tag","embeddable":true,"href":"https:\/\/arealorcaradio.es\/index.php\/wp-json\/wp\/v2\/tags?post=1597"}],"curies":[{"name":"wp","href":"https:\/\/api.w.org\/{rel}","templated":true}]}}