{"id":1546,"date":"2023-09-29T17:48:22","date_gmt":"2023-09-29T17:48:22","guid":{"rendered":"https:\/\/arealorcaradio.es\/?p=1546"},"modified":"2023-09-29T17:48:22","modified_gmt":"2023-09-29T17:48:22","slug":"el-piloto-beni-garcia-llega-al-regional-de-motocross-de-molina-de-segura-con-buenas-sensaciones-tras-ser-segundo-en-tarazona-de-la-mancha","status":"publish","type":"post","link":"https:\/\/arealorcaradio.es\/index.php\/2023\/09\/29\/el-piloto-beni-garcia-llega-al-regional-de-motocross-de-molina-de-segura-con-buenas-sensaciones-tras-ser-segundo-en-tarazona-de-la-mancha\/","title":{"rendered":"El piloto Beni Garc\u00eda llega al regional de Motocross de Molina de Segura con buenas sensaciones tras ser segundo en Tarazona de la Mancha"},"content":{"rendered":"<p>\u00c1REA LORCA RADIO.<\/p>\n<p>Escucha aqu\u00ed la entrevista que ha concedido el piloto de 14 a\u00f1os, Beni Garc\u00eda a Paco S\u00e1nchez en el programa \u00c1rea Lorca Deportes. El piloto prepara de forma muy optimista el Campeonato de Murcia de MX80, segundo en la actualidad de esta edici\u00f3n. Molina de Segura, Le\u00f3n y Lleida, pr\u00f3ximas citas, estas dos \u00faltimas del Campeonato de Espa\u00f1a.<\/p>\n<audio class=\"wp-audio-shortcode\" id=\"audio-1546-1\" preload=\"none\" style=\"width: 100%;\" controls=\"controls\"><source type=\"audio\/mpeg\" src=\"https:\/\/arealorcaradio.es\/wp-content\/uploads\/2023\/09\/290923-BENI-GARCIA.-MOTOCROSS.mp3?_=1\" \/><a href=\"https:\/\/arealorcaradio.es\/wp-content\/uploads\/2023\/09\/290923-BENI-GARCIA.-MOTOCROSS.mp3\">https:\/\/arealorcaradio.es\/wp-content\/uploads\/2023\/09\/290923-BENI-GARCIA.-MOTOCROSS.mp3<\/a><\/audio>\n<p><img loading=\"lazy\" decoding=\"async\" class=\"alignnone size-medium wp-image-1549\" src=\"https:\/\/arealorcaradio.es\/wp-content\/uploads\/2023\/09\/20230929_165408-300x225.jpg\" alt=\"\" width=\"300\" height=\"225\" srcset=\"https:\/\/arealorcaradio.es\/wp-content\/uploads\/2023\/09\/20230929_165408-300x225.jpg 300w, https:\/\/arealorcaradio.es\/wp-content\/uploads\/2023\/09\/20230929_165408-1024x768.jpg 1024w, https:\/\/arealorcaradio.es\/wp-content\/uploads\/2023\/09\/20230929_165408-768x576.jpg 768w, https:\/\/arealorcaradio.es\/wp-content\/uploads\/2023\/09\/20230929_165408-1536x1152.jpg 1536w, https:\/\/arealorcaradio.es\/wp-content\/uploads\/2023\/09\/20230929_165408-2048x1536.jpg 2048w, https:\/\/arealorcaradio.es\/wp-content\/uploads\/2023\/09\/20230929_165408-86x64.jpg 86w\" sizes=\"auto, (max-width: 300px) 100vw, 300px\" \/> <img loading=\"lazy\" decoding=\"async\" class=\"alignnone size-medium wp-image-1550\" src=\"https:\/\/arealorcaradio.es\/wp-content\/uploads\/2023\/09\/IMG-20230925-WA0014-300x300.jpg\" alt=\"\" width=\"300\" height=\"300\" srcset=\"https:\/\/arealorcaradio.es\/wp-content\/uploads\/2023\/09\/IMG-20230925-WA0014-300x300.jpg 300w, https:\/\/arealorcaradio.es\/wp-content\/uploads\/2023\/09\/IMG-20230925-WA0014-150x150.jpg 150w, https:\/\/arealorcaradio.es\/wp-content\/uploads\/2023\/09\/IMG-20230925-WA0014.jpg 701w\" sizes=\"auto, (max-width: 300px) 100vw, 300px\" \/> <img loading=\"lazy\" decoding=\"async\" class=\"alignnone size-medium wp-image-1552\" src=\"https:\/\/arealorcaradio.es\/wp-content\/uploads\/2023\/09\/IMG-20230925-WA0016-300x300.jpg\" alt=\"\" width=\"300\" height=\"300\" srcset=\"https:\/\/arealorcaradio.es\/wp-content\/uploads\/2023\/09\/IMG-20230925-WA0016-300x300.jpg 300w, https:\/\/arealorcaradio.es\/wp-content\/uploads\/2023\/09\/IMG-20230925-WA0016-150x150.jpg 150w, https:\/\/arealorcaradio.es\/wp-content\/uploads\/2023\/09\/IMG-20230925-WA0016-768x768.jpg 768w, https:\/\/arealorcaradio.es\/wp-content\/uploads\/2023\/09\/IMG-20230925-WA0016.jpg 876w\" sizes=\"auto, (max-width: 300px) 100vw, 300px\" \/><\/p>\n<p><img loading=\"lazy\" decoding=\"async\" class=\"alignnone size-medium wp-image-1555\" src=\"https:\/\/arealorcaradio.es\/wp-content\/uploads\/2023\/09\/IMG-20230929-WA0009-222x300.jpg\" alt=\"\" width=\"222\" height=\"300\" srcset=\"https:\/\/arealorcaradio.es\/wp-content\/uploads\/2023\/09\/IMG-20230929-WA0009-222x300.jpg 222w, https:\/\/arealorcaradio.es\/wp-content\/uploads\/2023\/09\/IMG-20230929-WA0009-756x1024.jpg 756w, https:\/\/arealorcaradio.es\/wp-content\/uploads\/2023\/09\/IMG-20230929-WA0009-768x1040.jpg 768w, https:\/\/arealorcaradio.es\/wp-content\/uploads\/2023\/09\/IMG-20230929-WA0009.jpg 999w\" sizes=\"auto, (max-width: 222px) 100vw, 222px\" \/><\/p>\n","protected":false},"excerpt":{"rendered":"<p>\u00c1REA LORCA RADIO. Escucha aqu\u00ed la entrevista que ha concedido el piloto de 14 a\u00f1os, Beni Garc\u00eda a Paco S\u00e1nchez en el programa \u00c1rea Lorca Deportes. El piloto prepara de forma muy optimista el Campeonato de Murcia de MX80, segundo en la actualidad de esta edici\u00f3n. Molina de Segura, Le\u00f3n y Lleida, pr\u00f3ximas citas, estas [&hellip;]<\/p>\n","protected":false},"author":1,"featured_media":1548,"comment_status":"open","ping_status":"open","sticky":false,"template":"","format":"standard","meta":{"iawp_total_views":16,"footnotes":""},"categories":[4,7],"tags":[],"class_list":["post-1546","post","type-post","status-publish","format-standard","has-post-thumbnail","hentry","category-deportes","category-lorca"],"yoast_head":"<!-- This site is optimized with the Yoast SEO plugin v27.5 - https:\/\/yoast.com\/product\/yoast-seo-wordpress\/ -->\n<title>El piloto Beni Garc\u00eda llega al regional de Motocross de Molina de Segura con buenas sensaciones tras ser segundo en Tarazona de la Mancha - AREA LORCA RADIO<\/title>\n<meta name=\"robots\" content=\"index, follow, max-snippet:-1, max-image-preview:large, max-video-preview:-1\" \/>\n<link rel=\"canonical\" href=\"https:\/\/arealorcaradio.es\/index.php\/2023\/09\/29\/el-piloto-beni-garcia-llega-al-regional-de-motocross-de-molina-de-segura-con-buenas-sensaciones-tras-ser-segundo-en-tarazona-de-la-mancha\/\" \/>\n<meta property=\"og:locale\" content=\"es_ES\" \/>\n<meta property=\"og:type\" content=\"article\" \/>\n<meta property=\"og:title\" content=\"El piloto Beni Garc\u00eda llega al regional de Motocross de Molina de Segura con buenas sensaciones tras ser segundo en Tarazona de la Mancha - AREA LORCA RADIO\" \/>\n<meta property=\"og:description\" content=\"\u00c1REA LORCA RADIO. Escucha aqu\u00ed la entrevista que ha concedido el piloto de 14 a\u00f1os, Beni Garc\u00eda a Paco S\u00e1nchez en el programa \u00c1rea Lorca Deportes. El piloto prepara de forma muy optimista el Campeonato de Murcia de MX80, segundo en la actualidad de esta edici\u00f3n. Molina de Segura, Le\u00f3n y Lleida, pr\u00f3ximas citas, estas [&hellip;]\" \/>\n<meta property=\"og:url\" content=\"https:\/\/arealorcaradio.es\/index.php\/2023\/09\/29\/el-piloto-beni-garcia-llega-al-regional-de-motocross-de-molina-de-segura-con-buenas-sensaciones-tras-ser-segundo-en-tarazona-de-la-mancha\/\" \/>\n<meta property=\"og:site_name\" content=\"AREA LORCA RADIO\" \/>\n<meta property=\"article:published_time\" content=\"2023-09-29T17:48:22+00:00\" \/>\n<meta property=\"og:image\" content=\"https:\/\/arealorcaradio.es\/wp-content\/uploads\/2023\/09\/20230929_165347-scaled.jpg\" \/>\n\t<meta property=\"og:image:width\" content=\"2560\" \/>\n\t<meta property=\"og:image:height\" content=\"1920\" \/>\n\t<meta property=\"og:image:type\" content=\"image\/jpeg\" \/>\n<meta name=\"author\" content=\"Paco S\u00e1nchez\" \/>\n<meta name=\"twitter:card\" content=\"summary_large_image\" \/>\n<meta name=\"twitter:label1\" content=\"Escrito por\" \/>\n\t<meta name=\"twitter:data1\" content=\"Paco S\u00e1nchez\" \/>\n\t<meta name=\"twitter:label2\" content=\"Tiempo de lectura\" \/>\n\t<meta name=\"twitter:data2\" content=\"2 minutos\" \/>\n<script type=\"application\/ld+json\" class=\"yoast-schema-graph\">{\"@context\":\"https:\\\/\\\/schema.org\",\"@graph\":[{\"@type\":\"Article\",\"@id\":\"https:\\\/\\\/arealorcaradio.es\\\/index.php\\\/2023\\\/09\\\/29\\\/el-piloto-beni-garcia-llega-al-regional-de-motocross-de-molina-de-segura-con-buenas-sensaciones-tras-ser-segundo-en-tarazona-de-la-mancha\\\/#article\",\"isPartOf\":{\"@id\":\"https:\\\/\\\/arealorcaradio.es\\\/index.php\\\/2023\\\/09\\\/29\\\/el-piloto-beni-garcia-llega-al-regional-de-motocross-de-molina-de-segura-con-buenas-sensaciones-tras-ser-segundo-en-tarazona-de-la-mancha\\\/\"},\"author\":{\"name\":\"Paco S\u00e1nchez\",\"@id\":\"https:\\\/\\\/arealorcaradio.es\\\/#\\\/schema\\\/person\\\/9fae605fc25b0f2c83c1ab207139bd27\"},\"headline\":\"El piloto Beni Garc\u00eda llega al regional de Motocross de Molina de Segura con buenas sensaciones tras ser segundo en Tarazona de la Mancha\",\"datePublished\":\"2023-09-29T17:48:22+00:00\",\"mainEntityOfPage\":{\"@id\":\"https:\\\/\\\/arealorcaradio.es\\\/index.php\\\/2023\\\/09\\\/29\\\/el-piloto-beni-garcia-llega-al-regional-de-motocross-de-molina-de-segura-con-buenas-sensaciones-tras-ser-segundo-en-tarazona-de-la-mancha\\\/\"},\"wordCount\":103,\"commentCount\":0,\"image\":{\"@id\":\"https:\\\/\\\/arealorcaradio.es\\\/index.php\\\/2023\\\/09\\\/29\\\/el-piloto-beni-garcia-llega-al-regional-de-motocross-de-molina-de-segura-con-buenas-sensaciones-tras-ser-segundo-en-tarazona-de-la-mancha\\\/#primaryimage\"},\"thumbnailUrl\":\"https:\\\/\\\/arealorcaradio.es\\\/wp-content\\\/uploads\\\/2023\\\/09\\\/20230929_165347-scaled.jpg\",\"articleSection\":[\"DEPORTES\",\"LORCA\"],\"inLanguage\":\"es\",\"potentialAction\":[{\"@type\":\"CommentAction\",\"name\":\"Comment\",\"target\":[\"https:\\\/\\\/arealorcaradio.es\\\/index.php\\\/2023\\\/09\\\/29\\\/el-piloto-beni-garcia-llega-al-regional-de-motocross-de-molina-de-segura-con-buenas-sensaciones-tras-ser-segundo-en-tarazona-de-la-mancha\\\/#respond\"]}]},{\"@type\":\"WebPage\",\"@id\":\"https:\\\/\\\/arealorcaradio.es\\\/index.php\\\/2023\\\/09\\\/29\\\/el-piloto-beni-garcia-llega-al-regional-de-motocross-de-molina-de-segura-con-buenas-sensaciones-tras-ser-segundo-en-tarazona-de-la-mancha\\\/\",\"url\":\"https:\\\/\\\/arealorcaradio.es\\\/index.php\\\/2023\\\/09\\\/29\\\/el-piloto-beni-garcia-llega-al-regional-de-motocross-de-molina-de-segura-con-buenas-sensaciones-tras-ser-segundo-en-tarazona-de-la-mancha\\\/\",\"name\":\"El piloto Beni Garc\u00eda llega al regional de Motocross de Molina de Segura con buenas sensaciones tras ser segundo en Tarazona de la Mancha - AREA LORCA RADIO\",\"isPartOf\":{\"@id\":\"https:\\\/\\\/arealorcaradio.es\\\/#website\"},\"primaryImageOfPage\":{\"@id\":\"https:\\\/\\\/arealorcaradio.es\\\/index.php\\\/2023\\\/09\\\/29\\\/el-piloto-beni-garcia-llega-al-regional-de-motocross-de-molina-de-segura-con-buenas-sensaciones-tras-ser-segundo-en-tarazona-de-la-mancha\\\/#primaryimage\"},\"image\":{\"@id\":\"https:\\\/\\\/arealorcaradio.es\\\/index.php\\\/2023\\\/09\\\/29\\\/el-piloto-beni-garcia-llega-al-regional-de-motocross-de-molina-de-segura-con-buenas-sensaciones-tras-ser-segundo-en-tarazona-de-la-mancha\\\/#primaryimage\"},\"thumbnailUrl\":\"https:\\\/\\\/arealorcaradio.es\\\/wp-content\\\/uploads\\\/2023\\\/09\\\/20230929_165347-scaled.jpg\",\"datePublished\":\"2023-09-29T17:48:22+00:00\",\"author\":{\"@id\":\"https:\\\/\\\/arealorcaradio.es\\\/#\\\/schema\\\/person\\\/9fae605fc25b0f2c83c1ab207139bd27\"},\"breadcrumb\":{\"@id\":\"https:\\\/\\\/arealorcaradio.es\\\/index.php\\\/2023\\\/09\\\/29\\\/el-piloto-beni-garcia-llega-al-regional-de-motocross-de-molina-de-segura-con-buenas-sensaciones-tras-ser-segundo-en-tarazona-de-la-mancha\\\/#breadcrumb\"},\"inLanguage\":\"es\",\"potentialAction\":[{\"@type\":\"ReadAction\",\"target\":[\"https:\\\/\\\/arealorcaradio.es\\\/index.php\\\/2023\\\/09\\\/29\\\/el-piloto-beni-garcia-llega-al-regional-de-motocross-de-molina-de-segura-con-buenas-sensaciones-tras-ser-segundo-en-tarazona-de-la-mancha\\\/\"]}]},{\"@type\":\"ImageObject\",\"inLanguage\":\"es\",\"@id\":\"https:\\\/\\\/arealorcaradio.es\\\/index.php\\\/2023\\\/09\\\/29\\\/el-piloto-beni-garcia-llega-al-regional-de-motocross-de-molina-de-segura-con-buenas-sensaciones-tras-ser-segundo-en-tarazona-de-la-mancha\\\/#primaryimage\",\"url\":\"https:\\\/\\\/arealorcaradio.es\\\/wp-content\\\/uploads\\\/2023\\\/09\\\/20230929_165347-scaled.jpg\",\"contentUrl\":\"https:\\\/\\\/arealorcaradio.es\\\/wp-content\\\/uploads\\\/2023\\\/09\\\/20230929_165347-scaled.jpg\",\"width\":2560,\"height\":1920},{\"@type\":\"BreadcrumbList\",\"@id\":\"https:\\\/\\\/arealorcaradio.es\\\/index.php\\\/2023\\\/09\\\/29\\\/el-piloto-beni-garcia-llega-al-regional-de-motocross-de-molina-de-segura-con-buenas-sensaciones-tras-ser-segundo-en-tarazona-de-la-mancha\\\/#breadcrumb\",\"itemListElement\":[{\"@type\":\"ListItem\",\"position\":1,\"name\":\"Portada\",\"item\":\"https:\\\/\\\/arealorcaradio.es\\\/\"},{\"@type\":\"ListItem\",\"position\":2,\"name\":\"El piloto Beni Garc\u00eda llega al regional de Motocross de Molina de Segura con buenas sensaciones tras ser segundo en Tarazona de la Mancha\"}]},{\"@type\":\"WebSite\",\"@id\":\"https:\\\/\\\/arealorcaradio.es\\\/#website\",\"url\":\"https:\\\/\\\/arealorcaradio.es\\\/\",\"name\":\"AREA LORCA RADIO\",\"description\":\"Descubre la programaci\u00f3n actual en \u00c1rea Lorca Radio, tu fuente de entrenamiento y noticias locales. Sintoniza ahora y mantente conectado online.\",\"potentialAction\":[{\"@type\":\"SearchAction\",\"target\":{\"@type\":\"EntryPoint\",\"urlTemplate\":\"https:\\\/\\\/arealorcaradio.es\\\/?s={search_term_string}\"},\"query-input\":{\"@type\":\"PropertyValueSpecification\",\"valueRequired\":true,\"valueName\":\"search_term_string\"}}],\"inLanguage\":\"es\"},{\"@type\":\"Person\",\"@id\":\"https:\\\/\\\/arealorcaradio.es\\\/#\\\/schema\\\/person\\\/9fae605fc25b0f2c83c1ab207139bd27\",\"name\":\"Paco S\u00e1nchez\",\"image\":{\"@type\":\"ImageObject\",\"inLanguage\":\"es\",\"@id\":\"https:\\\/\\\/secure.gravatar.com\\\/avatar\\\/d67144e966420fb74aa84c9f2a0103be4724fd14db52b52d3b6bca749f257e79?s=96&d=mm&r=g\",\"url\":\"https:\\\/\\\/secure.gravatar.com\\\/avatar\\\/d67144e966420fb74aa84c9f2a0103be4724fd14db52b52d3b6bca749f257e79?s=96&d=mm&r=g\",\"contentUrl\":\"https:\\\/\\\/secure.gravatar.com\\\/avatar\\\/d67144e966420fb74aa84c9f2a0103be4724fd14db52b52d3b6bca749f257e79?s=96&d=mm&r=g\",\"caption\":\"Paco S\u00e1nchez\"},\"sameAs\":[\"https:\\\/\\\/arealorcaradio.es\"],\"url\":\"https:\\\/\\\/arealorcaradio.es\\\/index.php\\\/author\\\/admin_alorcaradio\\\/\"}]}<\/script>\n<!-- \/ Yoast SEO plugin. -->","yoast_head_json":{"title":"El piloto Beni Garc\u00eda llega al regional de Motocross de Molina de Segura con buenas sensaciones tras ser segundo en Tarazona de la Mancha - AREA LORCA RADIO","robots":{"index":"index","follow":"follow","max-snippet":"max-snippet:-1","max-image-preview":"max-image-preview:large","max-video-preview":"max-video-preview:-1"},"canonical":"https:\/\/arealorcaradio.es\/index.php\/2023\/09\/29\/el-piloto-beni-garcia-llega-al-regional-de-motocross-de-molina-de-segura-con-buenas-sensaciones-tras-ser-segundo-en-tarazona-de-la-mancha\/","og_locale":"es_ES","og_type":"article","og_title":"El piloto Beni Garc\u00eda llega al regional de Motocross de Molina de Segura con buenas sensaciones tras ser segundo en Tarazona de la Mancha - AREA LORCA RADIO","og_description":"\u00c1REA LORCA RADIO. Escucha aqu\u00ed la entrevista que ha concedido el piloto de 14 a\u00f1os, Beni Garc\u00eda a Paco S\u00e1nchez en el programa \u00c1rea Lorca Deportes. El piloto prepara de forma muy optimista el Campeonato de Murcia de MX80, segundo en la actualidad de esta edici\u00f3n. Molina de Segura, Le\u00f3n y Lleida, pr\u00f3ximas citas, estas [&hellip;]","og_url":"https:\/\/arealorcaradio.es\/index.php\/2023\/09\/29\/el-piloto-beni-garcia-llega-al-regional-de-motocross-de-molina-de-segura-con-buenas-sensaciones-tras-ser-segundo-en-tarazona-de-la-mancha\/","og_site_name":"AREA LORCA RADIO","article_published_time":"2023-09-29T17:48:22+00:00","og_image":[{"width":2560,"height":1920,"url":"https:\/\/arealorcaradio.es\/wp-content\/uploads\/2023\/09\/20230929_165347-scaled.jpg","type":"image\/jpeg"}],"author":"Paco S\u00e1nchez","twitter_card":"summary_large_image","twitter_misc":{"Escrito por":"Paco S\u00e1nchez","Tiempo de lectura":"2 minutos"},"schema":{"@context":"https:\/\/schema.org","@graph":[{"@type":"Article","@id":"https:\/\/arealorcaradio.es\/index.php\/2023\/09\/29\/el-piloto-beni-garcia-llega-al-regional-de-motocross-de-molina-de-segura-con-buenas-sensaciones-tras-ser-segundo-en-tarazona-de-la-mancha\/#article","isPartOf":{"@id":"https:\/\/arealorcaradio.es\/index.php\/2023\/09\/29\/el-piloto-beni-garcia-llega-al-regional-de-motocross-de-molina-de-segura-con-buenas-sensaciones-tras-ser-segundo-en-tarazona-de-la-mancha\/"},"author":{"name":"Paco S\u00e1nchez","@id":"https:\/\/arealorcaradio.es\/#\/schema\/person\/9fae605fc25b0f2c83c1ab207139bd27"},"headline":"El piloto Beni Garc\u00eda llega al regional de Motocross de Molina de Segura con buenas sensaciones tras ser segundo en Tarazona de la Mancha","datePublished":"2023-09-29T17:48:22+00:00","mainEntityOfPage":{"@id":"https:\/\/arealorcaradio.es\/index.php\/2023\/09\/29\/el-piloto-beni-garcia-llega-al-regional-de-motocross-de-molina-de-segura-con-buenas-sensaciones-tras-ser-segundo-en-tarazona-de-la-mancha\/"},"wordCount":103,"commentCount":0,"image":{"@id":"https:\/\/arealorcaradio.es\/index.php\/2023\/09\/29\/el-piloto-beni-garcia-llega-al-regional-de-motocross-de-molina-de-segura-con-buenas-sensaciones-tras-ser-segundo-en-tarazona-de-la-mancha\/#primaryimage"},"thumbnailUrl":"https:\/\/arealorcaradio.es\/wp-content\/uploads\/2023\/09\/20230929_165347-scaled.jpg","articleSection":["DEPORTES","LORCA"],"inLanguage":"es","potentialAction":[{"@type":"CommentAction","name":"Comment","target":["https:\/\/arealorcaradio.es\/index.php\/2023\/09\/29\/el-piloto-beni-garcia-llega-al-regional-de-motocross-de-molina-de-segura-con-buenas-sensaciones-tras-ser-segundo-en-tarazona-de-la-mancha\/#respond"]}]},{"@type":"WebPage","@id":"https:\/\/arealorcaradio.es\/index.php\/2023\/09\/29\/el-piloto-beni-garcia-llega-al-regional-de-motocross-de-molina-de-segura-con-buenas-sensaciones-tras-ser-segundo-en-tarazona-de-la-mancha\/","url":"https:\/\/arealorcaradio.es\/index.php\/2023\/09\/29\/el-piloto-beni-garcia-llega-al-regional-de-motocross-de-molina-de-segura-con-buenas-sensaciones-tras-ser-segundo-en-tarazona-de-la-mancha\/","name":"El piloto Beni Garc\u00eda llega al regional de Motocross de Molina de Segura con buenas sensaciones tras ser segundo en Tarazona de la Mancha - AREA LORCA RADIO","isPartOf":{"@id":"https:\/\/arealorcaradio.es\/#website"},"primaryImageOfPage":{"@id":"https:\/\/arealorcaradio.es\/index.php\/2023\/09\/29\/el-piloto-beni-garcia-llega-al-regional-de-motocross-de-molina-de-segura-con-buenas-sensaciones-tras-ser-segundo-en-tarazona-de-la-mancha\/#primaryimage"},"image":{"@id":"https:\/\/arealorcaradio.es\/index.php\/2023\/09\/29\/el-piloto-beni-garcia-llega-al-regional-de-motocross-de-molina-de-segura-con-buenas-sensaciones-tras-ser-segundo-en-tarazona-de-la-mancha\/#primaryimage"},"thumbnailUrl":"https:\/\/arealorcaradio.es\/wp-content\/uploads\/2023\/09\/20230929_165347-scaled.jpg","datePublished":"2023-09-29T17:48:22+00:00","author":{"@id":"https:\/\/arealorcaradio.es\/#\/schema\/person\/9fae605fc25b0f2c83c1ab207139bd27"},"breadcrumb":{"@id":"https:\/\/arealorcaradio.es\/index.php\/2023\/09\/29\/el-piloto-beni-garcia-llega-al-regional-de-motocross-de-molina-de-segura-con-buenas-sensaciones-tras-ser-segundo-en-tarazona-de-la-mancha\/#breadcrumb"},"inLanguage":"es","potentialAction":[{"@type":"ReadAction","target":["https:\/\/arealorcaradio.es\/index.php\/2023\/09\/29\/el-piloto-beni-garcia-llega-al-regional-de-motocross-de-molina-de-segura-con-buenas-sensaciones-tras-ser-segundo-en-tarazona-de-la-mancha\/"]}]},{"@type":"ImageObject","inLanguage":"es","@id":"https:\/\/arealorcaradio.es\/index.php\/2023\/09\/29\/el-piloto-beni-garcia-llega-al-regional-de-motocross-de-molina-de-segura-con-buenas-sensaciones-tras-ser-segundo-en-tarazona-de-la-mancha\/#primaryimage","url":"https:\/\/arealorcaradio.es\/wp-content\/uploads\/2023\/09\/20230929_165347-scaled.jpg","contentUrl":"https:\/\/arealorcaradio.es\/wp-content\/uploads\/2023\/09\/20230929_165347-scaled.jpg","width":2560,"height":1920},{"@type":"BreadcrumbList","@id":"https:\/\/arealorcaradio.es\/index.php\/2023\/09\/29\/el-piloto-beni-garcia-llega-al-regional-de-motocross-de-molina-de-segura-con-buenas-sensaciones-tras-ser-segundo-en-tarazona-de-la-mancha\/#breadcrumb","itemListElement":[{"@type":"ListItem","position":1,"name":"Portada","item":"https:\/\/arealorcaradio.es\/"},{"@type":"ListItem","position":2,"name":"El piloto Beni Garc\u00eda llega al regional de Motocross de Molina de Segura con buenas sensaciones tras ser segundo en Tarazona de la Mancha"}]},{"@type":"WebSite","@id":"https:\/\/arealorcaradio.es\/#website","url":"https:\/\/arealorcaradio.es\/","name":"AREA LORCA RADIO","description":"Descubre la programaci\u00f3n actual en \u00c1rea Lorca Radio, tu fuente de entrenamiento y noticias locales. Sintoniza ahora y mantente conectado online.","potentialAction":[{"@type":"SearchAction","target":{"@type":"EntryPoint","urlTemplate":"https:\/\/arealorcaradio.es\/?s={search_term_string}"},"query-input":{"@type":"PropertyValueSpecification","valueRequired":true,"valueName":"search_term_string"}}],"inLanguage":"es"},{"@type":"Person","@id":"https:\/\/arealorcaradio.es\/#\/schema\/person\/9fae605fc25b0f2c83c1ab207139bd27","name":"Paco S\u00e1nchez","image":{"@type":"ImageObject","inLanguage":"es","@id":"https:\/\/secure.gravatar.com\/avatar\/d67144e966420fb74aa84c9f2a0103be4724fd14db52b52d3b6bca749f257e79?s=96&d=mm&r=g","url":"https:\/\/secure.gravatar.com\/avatar\/d67144e966420fb74aa84c9f2a0103be4724fd14db52b52d3b6bca749f257e79?s=96&d=mm&r=g","contentUrl":"https:\/\/secure.gravatar.com\/avatar\/d67144e966420fb74aa84c9f2a0103be4724fd14db52b52d3b6bca749f257e79?s=96&d=mm&r=g","caption":"Paco S\u00e1nchez"},"sameAs":["https:\/\/arealorcaradio.es"],"url":"https:\/\/arealorcaradio.es\/index.php\/author\/admin_alorcaradio\/"}]}},"_links":{"self":[{"href":"https:\/\/arealorcaradio.es\/index.php\/wp-json\/wp\/v2\/posts\/1546","targetHints":{"allow":["GET"]}}],"collection":[{"href":"https:\/\/arealorcaradio.es\/index.php\/wp-json\/wp\/v2\/posts"}],"about":[{"href":"https:\/\/arealorcaradio.es\/index.php\/wp-json\/wp\/v2\/types\/post"}],"author":[{"embeddable":true,"href":"https:\/\/arealorcaradio.es\/index.php\/wp-json\/wp\/v2\/users\/1"}],"replies":[{"embeddable":true,"href":"https:\/\/arealorcaradio.es\/index.php\/wp-json\/wp\/v2\/comments?post=1546"}],"version-history":[{"count":3,"href":"https:\/\/arealorcaradio.es\/index.php\/wp-json\/wp\/v2\/posts\/1546\/revisions"}],"predecessor-version":[{"id":1556,"href":"https:\/\/arealorcaradio.es\/index.php\/wp-json\/wp\/v2\/posts\/1546\/revisions\/1556"}],"wp:featuredmedia":[{"embeddable":true,"href":"https:\/\/arealorcaradio.es\/index.php\/wp-json\/wp\/v2\/media\/1548"}],"wp:attachment":[{"href":"https:\/\/arealorcaradio.es\/index.php\/wp-json\/wp\/v2\/media?parent=1546"}],"wp:term":[{"taxonomy":"category","embeddable":true,"href":"https:\/\/arealorcaradio.es\/index.php\/wp-json\/wp\/v2\/categories?post=1546"},{"taxonomy":"post_tag","embeddable":true,"href":"https:\/\/arealorcaradio.es\/index.php\/wp-json\/wp\/v2\/tags?post=1546"}],"curies":[{"name":"wp","href":"https:\/\/api.w.org\/{rel}","templated":true}]}}