{"id":1538,"date":"2023-09-28T20:33:21","date_gmt":"2023-09-28T20:33:21","guid":{"rendered":"https:\/\/arealorcaradio.es\/?p=1538"},"modified":"2023-09-28T20:33:21","modified_gmt":"2023-09-28T20:33:21","slug":"cuando-se-cumplen-once-anos-de-la-riada-de-san-wenceslao-vecinos-de-campillo-y-torrecilla-volveran-a-concentrarse-pidiendo-soluciones","status":"publish","type":"post","link":"https:\/\/arealorcaradio.es\/index.php\/2023\/09\/28\/cuando-se-cumplen-once-anos-de-la-riada-de-san-wenceslao-vecinos-de-campillo-y-torrecilla-volveran-a-concentrarse-pidiendo-soluciones\/","title":{"rendered":"Cuando se cumplen once a\u00f1os de la riada de San Wenceslao vecinos de Campillo y Torrecilla volver\u00e1n a concentrarse pidiendo soluciones"},"content":{"rendered":"<p>Escucha aqu\u00ed la entrevista que han concedido a Paco S\u00e1nchez, Joaqu\u00edn Giner y Cayetano Padilla, representantes de la Plataforma de Afectados por la Inundaci\u00f3n, quienes han organizado para este pr\u00f3ximo domingo a las 11 horas una concentraci\u00f3n que partir\u00e1 desde Alameda de Cervantes hacia Avenida Juan Calos I, Muso Valiente, Calle \u00c1lamo y concluir\u00e1 en Plaza de Espa\u00f1a donde se leer\u00e1 un manifiesto. Los vecinos de Campillo, Torrecilla y Purias principalmente, contin\u00faan muy preocupados por la inoperancia de la CHS y por el propio gobierno de la Regi\u00f3n de Murcia.<\/p>\n<audio class=\"wp-audio-shortcode\" id=\"audio-1538-1\" preload=\"none\" style=\"width: 100%;\" controls=\"controls\"><source type=\"audio\/mpeg\" src=\"https:\/\/arealorcaradio.es\/wp-content\/uploads\/2023\/09\/280923-JOAQUIN-Y-CAYETANO.-SAN-WENCESLAO.mp3?_=1\" \/><a href=\"https:\/\/arealorcaradio.es\/wp-content\/uploads\/2023\/09\/280923-JOAQUIN-Y-CAYETANO.-SAN-WENCESLAO.mp3\">https:\/\/arealorcaradio.es\/wp-content\/uploads\/2023\/09\/280923-JOAQUIN-Y-CAYETANO.-SAN-WENCESLAO.mp3<\/a><\/audio>\n","protected":false},"excerpt":{"rendered":"<p>Escucha aqu\u00ed la entrevista que han concedido a Paco S\u00e1nchez, Joaqu\u00edn Giner y Cayetano Padilla, representantes de la Plataforma de Afectados por la Inundaci\u00f3n, quienes han organizado para este pr\u00f3ximo domingo a las 11 horas una concentraci\u00f3n que partir\u00e1 desde Alameda de Cervantes hacia Avenida Juan Calos I, Muso Valiente, Calle \u00c1lamo y concluir\u00e1 en [&hellip;]<\/p>\n","protected":false},"author":1,"featured_media":1540,"comment_status":"open","ping_status":"open","sticky":false,"template":"","format":"standard","meta":{"iawp_total_views":4,"footnotes":""},"categories":[5,7],"tags":[],"class_list":["post-1538","post","type-post","status-publish","format-standard","has-post-thumbnail","hentry","category-actualidad","category-lorca"],"yoast_head":"<!-- This site is optimized with the Yoast SEO plugin v27.5 - https:\/\/yoast.com\/product\/yoast-seo-wordpress\/ -->\n<title>Cuando se cumplen once a\u00f1os de la riada de San Wenceslao vecinos de Campillo y Torrecilla volver\u00e1n a concentrarse pidiendo soluciones - AREA LORCA RADIO<\/title>\n<meta name=\"robots\" content=\"index, follow, max-snippet:-1, max-image-preview:large, max-video-preview:-1\" \/>\n<link rel=\"canonical\" href=\"https:\/\/arealorcaradio.es\/index.php\/2023\/09\/28\/cuando-se-cumplen-once-anos-de-la-riada-de-san-wenceslao-vecinos-de-campillo-y-torrecilla-volveran-a-concentrarse-pidiendo-soluciones\/\" \/>\n<meta property=\"og:locale\" content=\"es_ES\" \/>\n<meta property=\"og:type\" content=\"article\" \/>\n<meta property=\"og:title\" content=\"Cuando se cumplen once a\u00f1os de la riada de San Wenceslao vecinos de Campillo y Torrecilla volver\u00e1n a concentrarse pidiendo soluciones - AREA LORCA RADIO\" \/>\n<meta property=\"og:description\" content=\"Escucha aqu\u00ed la entrevista que han concedido a Paco S\u00e1nchez, Joaqu\u00edn Giner y Cayetano Padilla, representantes de la Plataforma de Afectados por la Inundaci\u00f3n, quienes han organizado para este pr\u00f3ximo domingo a las 11 horas una concentraci\u00f3n que partir\u00e1 desde Alameda de Cervantes hacia Avenida Juan Calos I, Muso Valiente, Calle \u00c1lamo y concluir\u00e1 en [&hellip;]\" \/>\n<meta property=\"og:url\" content=\"https:\/\/arealorcaradio.es\/index.php\/2023\/09\/28\/cuando-se-cumplen-once-anos-de-la-riada-de-san-wenceslao-vecinos-de-campillo-y-torrecilla-volveran-a-concentrarse-pidiendo-soluciones\/\" \/>\n<meta property=\"og:site_name\" content=\"AREA LORCA RADIO\" \/>\n<meta property=\"article:published_time\" content=\"2023-09-28T20:33:21+00:00\" \/>\n<meta property=\"og:image\" content=\"https:\/\/arealorcaradio.es\/wp-content\/uploads\/2023\/09\/San-Wenceslao-scaled.jpg\" \/>\n\t<meta property=\"og:image:width\" content=\"2560\" \/>\n\t<meta property=\"og:image:height\" content=\"1920\" \/>\n\t<meta property=\"og:image:type\" content=\"image\/jpeg\" \/>\n<meta name=\"author\" content=\"Paco S\u00e1nchez\" \/>\n<meta name=\"twitter:card\" content=\"summary_large_image\" \/>\n<meta name=\"twitter:label1\" content=\"Escrito por\" \/>\n\t<meta name=\"twitter:data1\" content=\"Paco S\u00e1nchez\" \/>\n\t<meta name=\"twitter:label2\" content=\"Tiempo de lectura\" \/>\n\t<meta name=\"twitter:data2\" content=\"1 minuto\" \/>\n<script type=\"application\/ld+json\" class=\"yoast-schema-graph\">{\"@context\":\"https:\\\/\\\/schema.org\",\"@graph\":[{\"@type\":\"Article\",\"@id\":\"https:\\\/\\\/arealorcaradio.es\\\/index.php\\\/2023\\\/09\\\/28\\\/cuando-se-cumplen-once-anos-de-la-riada-de-san-wenceslao-vecinos-de-campillo-y-torrecilla-volveran-a-concentrarse-pidiendo-soluciones\\\/#article\",\"isPartOf\":{\"@id\":\"https:\\\/\\\/arealorcaradio.es\\\/index.php\\\/2023\\\/09\\\/28\\\/cuando-se-cumplen-once-anos-de-la-riada-de-san-wenceslao-vecinos-de-campillo-y-torrecilla-volveran-a-concentrarse-pidiendo-soluciones\\\/\"},\"author\":{\"name\":\"Paco S\u00e1nchez\",\"@id\":\"https:\\\/\\\/arealorcaradio.es\\\/#\\\/schema\\\/person\\\/9fae605fc25b0f2c83c1ab207139bd27\"},\"headline\":\"Cuando se cumplen once a\u00f1os de la riada de San Wenceslao vecinos de Campillo y Torrecilla volver\u00e1n a concentrarse pidiendo soluciones\",\"datePublished\":\"2023-09-28T20:33:21+00:00\",\"mainEntityOfPage\":{\"@id\":\"https:\\\/\\\/arealorcaradio.es\\\/index.php\\\/2023\\\/09\\\/28\\\/cuando-se-cumplen-once-anos-de-la-riada-de-san-wenceslao-vecinos-de-campillo-y-torrecilla-volveran-a-concentrarse-pidiendo-soluciones\\\/\"},\"wordCount\":131,\"commentCount\":0,\"image\":{\"@id\":\"https:\\\/\\\/arealorcaradio.es\\\/index.php\\\/2023\\\/09\\\/28\\\/cuando-se-cumplen-once-anos-de-la-riada-de-san-wenceslao-vecinos-de-campillo-y-torrecilla-volveran-a-concentrarse-pidiendo-soluciones\\\/#primaryimage\"},\"thumbnailUrl\":\"https:\\\/\\\/arealorcaradio.es\\\/wp-content\\\/uploads\\\/2023\\\/09\\\/San-Wenceslao-scaled.jpg\",\"articleSection\":[\"ACTUALIDAD\",\"LORCA\"],\"inLanguage\":\"es\",\"potentialAction\":[{\"@type\":\"CommentAction\",\"name\":\"Comment\",\"target\":[\"https:\\\/\\\/arealorcaradio.es\\\/index.php\\\/2023\\\/09\\\/28\\\/cuando-se-cumplen-once-anos-de-la-riada-de-san-wenceslao-vecinos-de-campillo-y-torrecilla-volveran-a-concentrarse-pidiendo-soluciones\\\/#respond\"]}]},{\"@type\":\"WebPage\",\"@id\":\"https:\\\/\\\/arealorcaradio.es\\\/index.php\\\/2023\\\/09\\\/28\\\/cuando-se-cumplen-once-anos-de-la-riada-de-san-wenceslao-vecinos-de-campillo-y-torrecilla-volveran-a-concentrarse-pidiendo-soluciones\\\/\",\"url\":\"https:\\\/\\\/arealorcaradio.es\\\/index.php\\\/2023\\\/09\\\/28\\\/cuando-se-cumplen-once-anos-de-la-riada-de-san-wenceslao-vecinos-de-campillo-y-torrecilla-volveran-a-concentrarse-pidiendo-soluciones\\\/\",\"name\":\"Cuando se cumplen once a\u00f1os de la riada de San Wenceslao vecinos de Campillo y Torrecilla volver\u00e1n a concentrarse pidiendo soluciones - AREA LORCA RADIO\",\"isPartOf\":{\"@id\":\"https:\\\/\\\/arealorcaradio.es\\\/#website\"},\"primaryImageOfPage\":{\"@id\":\"https:\\\/\\\/arealorcaradio.es\\\/index.php\\\/2023\\\/09\\\/28\\\/cuando-se-cumplen-once-anos-de-la-riada-de-san-wenceslao-vecinos-de-campillo-y-torrecilla-volveran-a-concentrarse-pidiendo-soluciones\\\/#primaryimage\"},\"image\":{\"@id\":\"https:\\\/\\\/arealorcaradio.es\\\/index.php\\\/2023\\\/09\\\/28\\\/cuando-se-cumplen-once-anos-de-la-riada-de-san-wenceslao-vecinos-de-campillo-y-torrecilla-volveran-a-concentrarse-pidiendo-soluciones\\\/#primaryimage\"},\"thumbnailUrl\":\"https:\\\/\\\/arealorcaradio.es\\\/wp-content\\\/uploads\\\/2023\\\/09\\\/San-Wenceslao-scaled.jpg\",\"datePublished\":\"2023-09-28T20:33:21+00:00\",\"author\":{\"@id\":\"https:\\\/\\\/arealorcaradio.es\\\/#\\\/schema\\\/person\\\/9fae605fc25b0f2c83c1ab207139bd27\"},\"breadcrumb\":{\"@id\":\"https:\\\/\\\/arealorcaradio.es\\\/index.php\\\/2023\\\/09\\\/28\\\/cuando-se-cumplen-once-anos-de-la-riada-de-san-wenceslao-vecinos-de-campillo-y-torrecilla-volveran-a-concentrarse-pidiendo-soluciones\\\/#breadcrumb\"},\"inLanguage\":\"es\",\"potentialAction\":[{\"@type\":\"ReadAction\",\"target\":[\"https:\\\/\\\/arealorcaradio.es\\\/index.php\\\/2023\\\/09\\\/28\\\/cuando-se-cumplen-once-anos-de-la-riada-de-san-wenceslao-vecinos-de-campillo-y-torrecilla-volveran-a-concentrarse-pidiendo-soluciones\\\/\"]}]},{\"@type\":\"ImageObject\",\"inLanguage\":\"es\",\"@id\":\"https:\\\/\\\/arealorcaradio.es\\\/index.php\\\/2023\\\/09\\\/28\\\/cuando-se-cumplen-once-anos-de-la-riada-de-san-wenceslao-vecinos-de-campillo-y-torrecilla-volveran-a-concentrarse-pidiendo-soluciones\\\/#primaryimage\",\"url\":\"https:\\\/\\\/arealorcaradio.es\\\/wp-content\\\/uploads\\\/2023\\\/09\\\/San-Wenceslao-scaled.jpg\",\"contentUrl\":\"https:\\\/\\\/arealorcaradio.es\\\/wp-content\\\/uploads\\\/2023\\\/09\\\/San-Wenceslao-scaled.jpg\",\"width\":2560,\"height\":1920},{\"@type\":\"BreadcrumbList\",\"@id\":\"https:\\\/\\\/arealorcaradio.es\\\/index.php\\\/2023\\\/09\\\/28\\\/cuando-se-cumplen-once-anos-de-la-riada-de-san-wenceslao-vecinos-de-campillo-y-torrecilla-volveran-a-concentrarse-pidiendo-soluciones\\\/#breadcrumb\",\"itemListElement\":[{\"@type\":\"ListItem\",\"position\":1,\"name\":\"Portada\",\"item\":\"https:\\\/\\\/arealorcaradio.es\\\/\"},{\"@type\":\"ListItem\",\"position\":2,\"name\":\"Cuando se cumplen once a\u00f1os de la riada de San Wenceslao vecinos de Campillo y Torrecilla volver\u00e1n a concentrarse pidiendo soluciones\"}]},{\"@type\":\"WebSite\",\"@id\":\"https:\\\/\\\/arealorcaradio.es\\\/#website\",\"url\":\"https:\\\/\\\/arealorcaradio.es\\\/\",\"name\":\"AREA LORCA RADIO\",\"description\":\"Descubre la programaci\u00f3n actual en \u00c1rea Lorca Radio, tu fuente de entrenamiento y noticias locales. Sintoniza ahora y mantente conectado online.\",\"potentialAction\":[{\"@type\":\"SearchAction\",\"target\":{\"@type\":\"EntryPoint\",\"urlTemplate\":\"https:\\\/\\\/arealorcaradio.es\\\/?s={search_term_string}\"},\"query-input\":{\"@type\":\"PropertyValueSpecification\",\"valueRequired\":true,\"valueName\":\"search_term_string\"}}],\"inLanguage\":\"es\"},{\"@type\":\"Person\",\"@id\":\"https:\\\/\\\/arealorcaradio.es\\\/#\\\/schema\\\/person\\\/9fae605fc25b0f2c83c1ab207139bd27\",\"name\":\"Paco S\u00e1nchez\",\"image\":{\"@type\":\"ImageObject\",\"inLanguage\":\"es\",\"@id\":\"https:\\\/\\\/secure.gravatar.com\\\/avatar\\\/d67144e966420fb74aa84c9f2a0103be4724fd14db52b52d3b6bca749f257e79?s=96&d=mm&r=g\",\"url\":\"https:\\\/\\\/secure.gravatar.com\\\/avatar\\\/d67144e966420fb74aa84c9f2a0103be4724fd14db52b52d3b6bca749f257e79?s=96&d=mm&r=g\",\"contentUrl\":\"https:\\\/\\\/secure.gravatar.com\\\/avatar\\\/d67144e966420fb74aa84c9f2a0103be4724fd14db52b52d3b6bca749f257e79?s=96&d=mm&r=g\",\"caption\":\"Paco S\u00e1nchez\"},\"sameAs\":[\"https:\\\/\\\/arealorcaradio.es\"],\"url\":\"https:\\\/\\\/arealorcaradio.es\\\/index.php\\\/author\\\/admin_alorcaradio\\\/\"}]}<\/script>\n<!-- \/ Yoast SEO plugin. -->","yoast_head_json":{"title":"Cuando se cumplen once a\u00f1os de la riada de San Wenceslao vecinos de Campillo y Torrecilla volver\u00e1n a concentrarse pidiendo soluciones - AREA LORCA RADIO","robots":{"index":"index","follow":"follow","max-snippet":"max-snippet:-1","max-image-preview":"max-image-preview:large","max-video-preview":"max-video-preview:-1"},"canonical":"https:\/\/arealorcaradio.es\/index.php\/2023\/09\/28\/cuando-se-cumplen-once-anos-de-la-riada-de-san-wenceslao-vecinos-de-campillo-y-torrecilla-volveran-a-concentrarse-pidiendo-soluciones\/","og_locale":"es_ES","og_type":"article","og_title":"Cuando se cumplen once a\u00f1os de la riada de San Wenceslao vecinos de Campillo y Torrecilla volver\u00e1n a concentrarse pidiendo soluciones - AREA LORCA RADIO","og_description":"Escucha aqu\u00ed la entrevista que han concedido a Paco S\u00e1nchez, Joaqu\u00edn Giner y Cayetano Padilla, representantes de la Plataforma de Afectados por la Inundaci\u00f3n, quienes han organizado para este pr\u00f3ximo domingo a las 11 horas una concentraci\u00f3n que partir\u00e1 desde Alameda de Cervantes hacia Avenida Juan Calos I, Muso Valiente, Calle \u00c1lamo y concluir\u00e1 en [&hellip;]","og_url":"https:\/\/arealorcaradio.es\/index.php\/2023\/09\/28\/cuando-se-cumplen-once-anos-de-la-riada-de-san-wenceslao-vecinos-de-campillo-y-torrecilla-volveran-a-concentrarse-pidiendo-soluciones\/","og_site_name":"AREA LORCA RADIO","article_published_time":"2023-09-28T20:33:21+00:00","og_image":[{"width":2560,"height":1920,"url":"https:\/\/arealorcaradio.es\/wp-content\/uploads\/2023\/09\/San-Wenceslao-scaled.jpg","type":"image\/jpeg"}],"author":"Paco S\u00e1nchez","twitter_card":"summary_large_image","twitter_misc":{"Escrito por":"Paco S\u00e1nchez","Tiempo de lectura":"1 minuto"},"schema":{"@context":"https:\/\/schema.org","@graph":[{"@type":"Article","@id":"https:\/\/arealorcaradio.es\/index.php\/2023\/09\/28\/cuando-se-cumplen-once-anos-de-la-riada-de-san-wenceslao-vecinos-de-campillo-y-torrecilla-volveran-a-concentrarse-pidiendo-soluciones\/#article","isPartOf":{"@id":"https:\/\/arealorcaradio.es\/index.php\/2023\/09\/28\/cuando-se-cumplen-once-anos-de-la-riada-de-san-wenceslao-vecinos-de-campillo-y-torrecilla-volveran-a-concentrarse-pidiendo-soluciones\/"},"author":{"name":"Paco S\u00e1nchez","@id":"https:\/\/arealorcaradio.es\/#\/schema\/person\/9fae605fc25b0f2c83c1ab207139bd27"},"headline":"Cuando se cumplen once a\u00f1os de la riada de San Wenceslao vecinos de Campillo y Torrecilla volver\u00e1n a concentrarse pidiendo soluciones","datePublished":"2023-09-28T20:33:21+00:00","mainEntityOfPage":{"@id":"https:\/\/arealorcaradio.es\/index.php\/2023\/09\/28\/cuando-se-cumplen-once-anos-de-la-riada-de-san-wenceslao-vecinos-de-campillo-y-torrecilla-volveran-a-concentrarse-pidiendo-soluciones\/"},"wordCount":131,"commentCount":0,"image":{"@id":"https:\/\/arealorcaradio.es\/index.php\/2023\/09\/28\/cuando-se-cumplen-once-anos-de-la-riada-de-san-wenceslao-vecinos-de-campillo-y-torrecilla-volveran-a-concentrarse-pidiendo-soluciones\/#primaryimage"},"thumbnailUrl":"https:\/\/arealorcaradio.es\/wp-content\/uploads\/2023\/09\/San-Wenceslao-scaled.jpg","articleSection":["ACTUALIDAD","LORCA"],"inLanguage":"es","potentialAction":[{"@type":"CommentAction","name":"Comment","target":["https:\/\/arealorcaradio.es\/index.php\/2023\/09\/28\/cuando-se-cumplen-once-anos-de-la-riada-de-san-wenceslao-vecinos-de-campillo-y-torrecilla-volveran-a-concentrarse-pidiendo-soluciones\/#respond"]}]},{"@type":"WebPage","@id":"https:\/\/arealorcaradio.es\/index.php\/2023\/09\/28\/cuando-se-cumplen-once-anos-de-la-riada-de-san-wenceslao-vecinos-de-campillo-y-torrecilla-volveran-a-concentrarse-pidiendo-soluciones\/","url":"https:\/\/arealorcaradio.es\/index.php\/2023\/09\/28\/cuando-se-cumplen-once-anos-de-la-riada-de-san-wenceslao-vecinos-de-campillo-y-torrecilla-volveran-a-concentrarse-pidiendo-soluciones\/","name":"Cuando se cumplen once a\u00f1os de la riada de San Wenceslao vecinos de Campillo y Torrecilla volver\u00e1n a concentrarse pidiendo soluciones - AREA LORCA RADIO","isPartOf":{"@id":"https:\/\/arealorcaradio.es\/#website"},"primaryImageOfPage":{"@id":"https:\/\/arealorcaradio.es\/index.php\/2023\/09\/28\/cuando-se-cumplen-once-anos-de-la-riada-de-san-wenceslao-vecinos-de-campillo-y-torrecilla-volveran-a-concentrarse-pidiendo-soluciones\/#primaryimage"},"image":{"@id":"https:\/\/arealorcaradio.es\/index.php\/2023\/09\/28\/cuando-se-cumplen-once-anos-de-la-riada-de-san-wenceslao-vecinos-de-campillo-y-torrecilla-volveran-a-concentrarse-pidiendo-soluciones\/#primaryimage"},"thumbnailUrl":"https:\/\/arealorcaradio.es\/wp-content\/uploads\/2023\/09\/San-Wenceslao-scaled.jpg","datePublished":"2023-09-28T20:33:21+00:00","author":{"@id":"https:\/\/arealorcaradio.es\/#\/schema\/person\/9fae605fc25b0f2c83c1ab207139bd27"},"breadcrumb":{"@id":"https:\/\/arealorcaradio.es\/index.php\/2023\/09\/28\/cuando-se-cumplen-once-anos-de-la-riada-de-san-wenceslao-vecinos-de-campillo-y-torrecilla-volveran-a-concentrarse-pidiendo-soluciones\/#breadcrumb"},"inLanguage":"es","potentialAction":[{"@type":"ReadAction","target":["https:\/\/arealorcaradio.es\/index.php\/2023\/09\/28\/cuando-se-cumplen-once-anos-de-la-riada-de-san-wenceslao-vecinos-de-campillo-y-torrecilla-volveran-a-concentrarse-pidiendo-soluciones\/"]}]},{"@type":"ImageObject","inLanguage":"es","@id":"https:\/\/arealorcaradio.es\/index.php\/2023\/09\/28\/cuando-se-cumplen-once-anos-de-la-riada-de-san-wenceslao-vecinos-de-campillo-y-torrecilla-volveran-a-concentrarse-pidiendo-soluciones\/#primaryimage","url":"https:\/\/arealorcaradio.es\/wp-content\/uploads\/2023\/09\/San-Wenceslao-scaled.jpg","contentUrl":"https:\/\/arealorcaradio.es\/wp-content\/uploads\/2023\/09\/San-Wenceslao-scaled.jpg","width":2560,"height":1920},{"@type":"BreadcrumbList","@id":"https:\/\/arealorcaradio.es\/index.php\/2023\/09\/28\/cuando-se-cumplen-once-anos-de-la-riada-de-san-wenceslao-vecinos-de-campillo-y-torrecilla-volveran-a-concentrarse-pidiendo-soluciones\/#breadcrumb","itemListElement":[{"@type":"ListItem","position":1,"name":"Portada","item":"https:\/\/arealorcaradio.es\/"},{"@type":"ListItem","position":2,"name":"Cuando se cumplen once a\u00f1os de la riada de San Wenceslao vecinos de Campillo y Torrecilla volver\u00e1n a concentrarse pidiendo soluciones"}]},{"@type":"WebSite","@id":"https:\/\/arealorcaradio.es\/#website","url":"https:\/\/arealorcaradio.es\/","name":"AREA LORCA RADIO","description":"Descubre la programaci\u00f3n actual en \u00c1rea Lorca Radio, tu fuente de entrenamiento y noticias locales. Sintoniza ahora y mantente conectado online.","potentialAction":[{"@type":"SearchAction","target":{"@type":"EntryPoint","urlTemplate":"https:\/\/arealorcaradio.es\/?s={search_term_string}"},"query-input":{"@type":"PropertyValueSpecification","valueRequired":true,"valueName":"search_term_string"}}],"inLanguage":"es"},{"@type":"Person","@id":"https:\/\/arealorcaradio.es\/#\/schema\/person\/9fae605fc25b0f2c83c1ab207139bd27","name":"Paco S\u00e1nchez","image":{"@type":"ImageObject","inLanguage":"es","@id":"https:\/\/secure.gravatar.com\/avatar\/d67144e966420fb74aa84c9f2a0103be4724fd14db52b52d3b6bca749f257e79?s=96&d=mm&r=g","url":"https:\/\/secure.gravatar.com\/avatar\/d67144e966420fb74aa84c9f2a0103be4724fd14db52b52d3b6bca749f257e79?s=96&d=mm&r=g","contentUrl":"https:\/\/secure.gravatar.com\/avatar\/d67144e966420fb74aa84c9f2a0103be4724fd14db52b52d3b6bca749f257e79?s=96&d=mm&r=g","caption":"Paco S\u00e1nchez"},"sameAs":["https:\/\/arealorcaradio.es"],"url":"https:\/\/arealorcaradio.es\/index.php\/author\/admin_alorcaradio\/"}]}},"_links":{"self":[{"href":"https:\/\/arealorcaradio.es\/index.php\/wp-json\/wp\/v2\/posts\/1538","targetHints":{"allow":["GET"]}}],"collection":[{"href":"https:\/\/arealorcaradio.es\/index.php\/wp-json\/wp\/v2\/posts"}],"about":[{"href":"https:\/\/arealorcaradio.es\/index.php\/wp-json\/wp\/v2\/types\/post"}],"author":[{"embeddable":true,"href":"https:\/\/arealorcaradio.es\/index.php\/wp-json\/wp\/v2\/users\/1"}],"replies":[{"embeddable":true,"href":"https:\/\/arealorcaradio.es\/index.php\/wp-json\/wp\/v2\/comments?post=1538"}],"version-history":[{"count":1,"href":"https:\/\/arealorcaradio.es\/index.php\/wp-json\/wp\/v2\/posts\/1538\/revisions"}],"predecessor-version":[{"id":1541,"href":"https:\/\/arealorcaradio.es\/index.php\/wp-json\/wp\/v2\/posts\/1538\/revisions\/1541"}],"wp:featuredmedia":[{"embeddable":true,"href":"https:\/\/arealorcaradio.es\/index.php\/wp-json\/wp\/v2\/media\/1540"}],"wp:attachment":[{"href":"https:\/\/arealorcaradio.es\/index.php\/wp-json\/wp\/v2\/media?parent=1538"}],"wp:term":[{"taxonomy":"category","embeddable":true,"href":"https:\/\/arealorcaradio.es\/index.php\/wp-json\/wp\/v2\/categories?post=1538"},{"taxonomy":"post_tag","embeddable":true,"href":"https:\/\/arealorcaradio.es\/index.php\/wp-json\/wp\/v2\/tags?post=1538"}],"curies":[{"name":"wp","href":"https:\/\/api.w.org\/{rel}","templated":true}]}}