{"id":1520,"date":"2023-09-27T19:08:06","date_gmt":"2023-09-27T19:08:06","guid":{"rendered":"https:\/\/arealorcaradio.es\/?p=1520"},"modified":"2023-09-27T19:08:06","modified_gmt":"2023-09-27T19:08:06","slug":"la-delegacion-lorquina-lumbrerense-y-murciana-brilla-en-el-campeonato-de-europa-master-de-atletismo-en-pescara-italia","status":"publish","type":"post","link":"https:\/\/arealorcaradio.es\/index.php\/2023\/09\/27\/la-delegacion-lorquina-lumbrerense-y-murciana-brilla-en-el-campeonato-de-europa-master-de-atletismo-en-pescara-italia\/","title":{"rendered":"La delegaci\u00f3n lorquina, lumbrerense y murciana brilla en el Campeonato de Europa M\u00e1ster de Atletismo en Pescara, Italia."},"content":{"rendered":"<p>\u00c1REA LORCA RADIO.<\/p>\n<p>Escucha aqu\u00ed la secci\u00f3n de atletismo patrocinada por Puertas Lorca de la mano del atleta Mario Molina. Analiza con Paco S\u00e1nchez en \u00c1rea Lorca Deportes los resultados obtenidos por sus compa\u00f1eros de equipo Fini Soriano y Luis Miguel Torroglosa, quienes tambi\u00e9n intervienen en el programa deportivo.<\/p>\n<audio class=\"wp-audio-shortcode\" id=\"audio-1520-1\" preload=\"none\" style=\"width: 100%;\" controls=\"controls\"><source type=\"audio\/mpeg\" src=\"https:\/\/arealorcaradio.es\/wp-content\/uploads\/2023\/09\/270923-ATLETISMO-MARIO-TORRO-Y-FINI.mp3?_=1\" \/><a href=\"https:\/\/arealorcaradio.es\/wp-content\/uploads\/2023\/09\/270923-ATLETISMO-MARIO-TORRO-Y-FINI.mp3\">https:\/\/arealorcaradio.es\/wp-content\/uploads\/2023\/09\/270923-ATLETISMO-MARIO-TORRO-Y-FINI.mp3<\/a><\/audio>\n<p><img loading=\"lazy\" decoding=\"async\" class=\"alignnone size-medium wp-image-1522\" src=\"https:\/\/arealorcaradio.es\/wp-content\/uploads\/2023\/09\/20230705_115313-1-300x225.jpg\" alt=\"\" width=\"300\" height=\"225\" srcset=\"https:\/\/arealorcaradio.es\/wp-content\/uploads\/2023\/09\/20230705_115313-1-300x225.jpg 300w, https:\/\/arealorcaradio.es\/wp-content\/uploads\/2023\/09\/20230705_115313-1-1024x768.jpg 1024w, https:\/\/arealorcaradio.es\/wp-content\/uploads\/2023\/09\/20230705_115313-1-768x576.jpg 768w, https:\/\/arealorcaradio.es\/wp-content\/uploads\/2023\/09\/20230705_115313-1-1536x1152.jpg 1536w, https:\/\/arealorcaradio.es\/wp-content\/uploads\/2023\/09\/20230705_115313-1-2048x1536.jpg 2048w, https:\/\/arealorcaradio.es\/wp-content\/uploads\/2023\/09\/20230705_115313-1-86x64.jpg 86w\" sizes=\"auto, (max-width: 300px) 100vw, 300px\" \/> <img loading=\"lazy\" decoding=\"async\" class=\"alignnone size-medium wp-image-1523\" src=\"https:\/\/arealorcaradio.es\/wp-content\/uploads\/2023\/09\/thumbnail_IMG_1932-e1695762412945-300x265.jpg\" alt=\"\" width=\"300\" height=\"265\" srcset=\"https:\/\/arealorcaradio.es\/wp-content\/uploads\/2023\/09\/thumbnail_IMG_1932-e1695762412945-300x265.jpg 300w, https:\/\/arealorcaradio.es\/wp-content\/uploads\/2023\/09\/thumbnail_IMG_1932-e1695762412945-1024x906.jpg 1024w, https:\/\/arealorcaradio.es\/wp-content\/uploads\/2023\/09\/thumbnail_IMG_1932-e1695762412945-768x679.jpg 768w, https:\/\/arealorcaradio.es\/wp-content\/uploads\/2023\/09\/thumbnail_IMG_1932-e1695762412945.jpg 1481w\" sizes=\"auto, (max-width: 300px) 100vw, 300px\" \/> \u00a0<img loading=\"lazy\" decoding=\"async\" class=\"alignnone size-medium wp-image-1524\" src=\"https:\/\/arealorcaradio.es\/wp-content\/uploads\/2023\/09\/IMG-20230926-WA0027-225x300.jpg\" alt=\"\" width=\"225\" height=\"300\" srcset=\"https:\/\/arealorcaradio.es\/wp-content\/uploads\/2023\/09\/IMG-20230926-WA0027-225x300.jpg 225w, https:\/\/arealorcaradio.es\/wp-content\/uploads\/2023\/09\/IMG-20230926-WA0027-768x1024.jpg 768w, https:\/\/arealorcaradio.es\/wp-content\/uploads\/2023\/09\/IMG-20230926-WA0027-1152x1536.jpg 1152w, https:\/\/arealorcaradio.es\/wp-content\/uploads\/2023\/09\/IMG-20230926-WA0027.jpg 1536w\" sizes=\"auto, (max-width: 225px) 100vw, 225px\" \/> <img loading=\"lazy\" decoding=\"async\" class=\"alignnone size-medium wp-image-1525\" src=\"https:\/\/arealorcaradio.es\/wp-content\/uploads\/2023\/09\/IMG-20230926-WA0028-169x300.jpg\" alt=\"\" width=\"169\" height=\"300\" srcset=\"https:\/\/arealorcaradio.es\/wp-content\/uploads\/2023\/09\/IMG-20230926-WA0028-169x300.jpg 169w, https:\/\/arealorcaradio.es\/wp-content\/uploads\/2023\/09\/IMG-20230926-WA0028-576x1024.jpg 576w, https:\/\/arealorcaradio.es\/wp-content\/uploads\/2023\/09\/IMG-20230926-WA0028-768x1365.jpg 768w, https:\/\/arealorcaradio.es\/wp-content\/uploads\/2023\/09\/IMG-20230926-WA0028-864x1536.jpg 864w, https:\/\/arealorcaradio.es\/wp-content\/uploads\/2023\/09\/IMG-20230926-WA0028.jpg 900w\" sizes=\"auto, (max-width: 169px) 100vw, 169px\" \/> \u00a0<img loading=\"lazy\" decoding=\"async\" class=\"alignnone size-medium wp-image-1526\" src=\"https:\/\/arealorcaradio.es\/wp-content\/uploads\/2023\/09\/IMG-20230926-WA0026-225x300.jpg\" alt=\"\" width=\"225\" height=\"300\" srcset=\"https:\/\/arealorcaradio.es\/wp-content\/uploads\/2023\/09\/IMG-20230926-WA0026-225x300.jpg 225w, https:\/\/arealorcaradio.es\/wp-content\/uploads\/2023\/09\/IMG-20230926-WA0026-768x1024.jpg 768w, https:\/\/arealorcaradio.es\/wp-content\/uploads\/2023\/09\/IMG-20230926-WA0026-1152x1536.jpg 1152w, https:\/\/arealorcaradio.es\/wp-content\/uploads\/2023\/09\/IMG-20230926-WA0026.jpg 1536w\" sizes=\"auto, (max-width: 225px) 100vw, 225px\" \/> <img loading=\"lazy\" decoding=\"async\" class=\"alignnone size-medium wp-image-1527\" src=\"https:\/\/arealorcaradio.es\/wp-content\/uploads\/2023\/09\/12-12-2022-LOGO-MASTER-STADIA-2023-DESKTOP-scaled-1-300x195.jpg\" alt=\"\" width=\"300\" height=\"195\" srcset=\"https:\/\/arealorcaradio.es\/wp-content\/uploads\/2023\/09\/12-12-2022-LOGO-MASTER-STADIA-2023-DESKTOP-scaled-1-300x195.jpg 300w, https:\/\/arealorcaradio.es\/wp-content\/uploads\/2023\/09\/12-12-2022-LOGO-MASTER-STADIA-2023-DESKTOP-scaled-1-1024x665.jpg 1024w, https:\/\/arealorcaradio.es\/wp-content\/uploads\/2023\/09\/12-12-2022-LOGO-MASTER-STADIA-2023-DESKTOP-scaled-1-768x499.jpg 768w, https:\/\/arealorcaradio.es\/wp-content\/uploads\/2023\/09\/12-12-2022-LOGO-MASTER-STADIA-2023-DESKTOP-scaled-1-1536x998.jpg 1536w, https:\/\/arealorcaradio.es\/wp-content\/uploads\/2023\/09\/12-12-2022-LOGO-MASTER-STADIA-2023-DESKTOP-scaled-1-2048x1330.jpg 2048w, https:\/\/arealorcaradio.es\/wp-content\/uploads\/2023\/09\/12-12-2022-LOGO-MASTER-STADIA-2023-DESKTOP-scaled-1-210x136.jpg 210w\" sizes=\"auto, (max-width: 300px) 100vw, 300px\" \/><\/p>\n","protected":false},"excerpt":{"rendered":"<p>\u00c1REA LORCA RADIO. Escucha aqu\u00ed la secci\u00f3n de atletismo patrocinada por Puertas Lorca de la mano del atleta Mario Molina. Analiza con Paco S\u00e1nchez en \u00c1rea Lorca Deportes los resultados obtenidos por sus compa\u00f1eros de equipo Fini Soriano y Luis Miguel Torroglosa, quienes tambi\u00e9n intervienen en el programa deportivo. \u00a0 \u00a0<\/p>\n","protected":false},"author":1,"featured_media":1527,"comment_status":"open","ping_status":"open","sticky":false,"template":"","format":"standard","meta":{"iawp_total_views":2,"footnotes":""},"categories":[4],"tags":[],"class_list":["post-1520","post","type-post","status-publish","format-standard","has-post-thumbnail","hentry","category-deportes"],"yoast_head":"<!-- This site is optimized with the Yoast SEO plugin v27.5 - https:\/\/yoast.com\/product\/yoast-seo-wordpress\/ -->\n<title>La delegaci\u00f3n lorquina, lumbrerense y murciana brilla en el Campeonato de Europa M\u00e1ster de Atletismo en Pescara, Italia. - AREA LORCA RADIO<\/title>\n<meta name=\"robots\" content=\"index, follow, max-snippet:-1, max-image-preview:large, max-video-preview:-1\" \/>\n<link rel=\"canonical\" href=\"https:\/\/arealorcaradio.es\/index.php\/2023\/09\/27\/la-delegacion-lorquina-lumbrerense-y-murciana-brilla-en-el-campeonato-de-europa-master-de-atletismo-en-pescara-italia\/\" \/>\n<meta property=\"og:locale\" content=\"es_ES\" \/>\n<meta property=\"og:type\" content=\"article\" \/>\n<meta property=\"og:title\" content=\"La delegaci\u00f3n lorquina, lumbrerense y murciana brilla en el Campeonato de Europa M\u00e1ster de Atletismo en Pescara, Italia. - AREA LORCA RADIO\" \/>\n<meta property=\"og:description\" content=\"\u00c1REA LORCA RADIO. Escucha aqu\u00ed la secci\u00f3n de atletismo patrocinada por Puertas Lorca de la mano del atleta Mario Molina. Analiza con Paco S\u00e1nchez en \u00c1rea Lorca Deportes los resultados obtenidos por sus compa\u00f1eros de equipo Fini Soriano y Luis Miguel Torroglosa, quienes tambi\u00e9n intervienen en el programa deportivo. \u00a0 \u00a0\" \/>\n<meta property=\"og:url\" content=\"https:\/\/arealorcaradio.es\/index.php\/2023\/09\/27\/la-delegacion-lorquina-lumbrerense-y-murciana-brilla-en-el-campeonato-de-europa-master-de-atletismo-en-pescara-italia\/\" \/>\n<meta property=\"og:site_name\" content=\"AREA LORCA RADIO\" \/>\n<meta property=\"article:published_time\" content=\"2023-09-27T19:08:06+00:00\" \/>\n<meta property=\"og:image\" content=\"https:\/\/arealorcaradio.es\/wp-content\/uploads\/2023\/09\/12-12-2022-LOGO-MASTER-STADIA-2023-DESKTOP-scaled-1.jpg\" \/>\n\t<meta property=\"og:image:width\" content=\"2560\" \/>\n\t<meta property=\"og:image:height\" content=\"1663\" \/>\n\t<meta property=\"og:image:type\" content=\"image\/jpeg\" \/>\n<meta name=\"author\" content=\"Paco S\u00e1nchez\" \/>\n<meta name=\"twitter:card\" content=\"summary_large_image\" \/>\n<meta name=\"twitter:label1\" content=\"Escrito por\" \/>\n\t<meta name=\"twitter:data1\" content=\"Paco S\u00e1nchez\" \/>\n\t<meta name=\"twitter:label2\" content=\"Tiempo de lectura\" \/>\n\t<meta name=\"twitter:data2\" content=\"2 minutos\" \/>\n<script type=\"application\/ld+json\" class=\"yoast-schema-graph\">{\"@context\":\"https:\\\/\\\/schema.org\",\"@graph\":[{\"@type\":\"Article\",\"@id\":\"https:\\\/\\\/arealorcaradio.es\\\/index.php\\\/2023\\\/09\\\/27\\\/la-delegacion-lorquina-lumbrerense-y-murciana-brilla-en-el-campeonato-de-europa-master-de-atletismo-en-pescara-italia\\\/#article\",\"isPartOf\":{\"@id\":\"https:\\\/\\\/arealorcaradio.es\\\/index.php\\\/2023\\\/09\\\/27\\\/la-delegacion-lorquina-lumbrerense-y-murciana-brilla-en-el-campeonato-de-europa-master-de-atletismo-en-pescara-italia\\\/\"},\"author\":{\"name\":\"Paco S\u00e1nchez\",\"@id\":\"https:\\\/\\\/arealorcaradio.es\\\/#\\\/schema\\\/person\\\/9fae605fc25b0f2c83c1ab207139bd27\"},\"headline\":\"La delegaci\u00f3n lorquina, lumbrerense y murciana brilla en el Campeonato de Europa M\u00e1ster de Atletismo en Pescara, Italia.\",\"datePublished\":\"2023-09-27T19:08:06+00:00\",\"mainEntityOfPage\":{\"@id\":\"https:\\\/\\\/arealorcaradio.es\\\/index.php\\\/2023\\\/09\\\/27\\\/la-delegacion-lorquina-lumbrerense-y-murciana-brilla-en-el-campeonato-de-europa-master-de-atletismo-en-pescara-italia\\\/\"},\"wordCount\":83,\"commentCount\":0,\"image\":{\"@id\":\"https:\\\/\\\/arealorcaradio.es\\\/index.php\\\/2023\\\/09\\\/27\\\/la-delegacion-lorquina-lumbrerense-y-murciana-brilla-en-el-campeonato-de-europa-master-de-atletismo-en-pescara-italia\\\/#primaryimage\"},\"thumbnailUrl\":\"https:\\\/\\\/arealorcaradio.es\\\/wp-content\\\/uploads\\\/2023\\\/09\\\/12-12-2022-LOGO-MASTER-STADIA-2023-DESKTOP-scaled-1.jpg\",\"articleSection\":[\"DEPORTES\"],\"inLanguage\":\"es\",\"potentialAction\":[{\"@type\":\"CommentAction\",\"name\":\"Comment\",\"target\":[\"https:\\\/\\\/arealorcaradio.es\\\/index.php\\\/2023\\\/09\\\/27\\\/la-delegacion-lorquina-lumbrerense-y-murciana-brilla-en-el-campeonato-de-europa-master-de-atletismo-en-pescara-italia\\\/#respond\"]}]},{\"@type\":\"WebPage\",\"@id\":\"https:\\\/\\\/arealorcaradio.es\\\/index.php\\\/2023\\\/09\\\/27\\\/la-delegacion-lorquina-lumbrerense-y-murciana-brilla-en-el-campeonato-de-europa-master-de-atletismo-en-pescara-italia\\\/\",\"url\":\"https:\\\/\\\/arealorcaradio.es\\\/index.php\\\/2023\\\/09\\\/27\\\/la-delegacion-lorquina-lumbrerense-y-murciana-brilla-en-el-campeonato-de-europa-master-de-atletismo-en-pescara-italia\\\/\",\"name\":\"La delegaci\u00f3n lorquina, lumbrerense y murciana brilla en el Campeonato de Europa M\u00e1ster de Atletismo en Pescara, Italia. - AREA LORCA RADIO\",\"isPartOf\":{\"@id\":\"https:\\\/\\\/arealorcaradio.es\\\/#website\"},\"primaryImageOfPage\":{\"@id\":\"https:\\\/\\\/arealorcaradio.es\\\/index.php\\\/2023\\\/09\\\/27\\\/la-delegacion-lorquina-lumbrerense-y-murciana-brilla-en-el-campeonato-de-europa-master-de-atletismo-en-pescara-italia\\\/#primaryimage\"},\"image\":{\"@id\":\"https:\\\/\\\/arealorcaradio.es\\\/index.php\\\/2023\\\/09\\\/27\\\/la-delegacion-lorquina-lumbrerense-y-murciana-brilla-en-el-campeonato-de-europa-master-de-atletismo-en-pescara-italia\\\/#primaryimage\"},\"thumbnailUrl\":\"https:\\\/\\\/arealorcaradio.es\\\/wp-content\\\/uploads\\\/2023\\\/09\\\/12-12-2022-LOGO-MASTER-STADIA-2023-DESKTOP-scaled-1.jpg\",\"datePublished\":\"2023-09-27T19:08:06+00:00\",\"author\":{\"@id\":\"https:\\\/\\\/arealorcaradio.es\\\/#\\\/schema\\\/person\\\/9fae605fc25b0f2c83c1ab207139bd27\"},\"breadcrumb\":{\"@id\":\"https:\\\/\\\/arealorcaradio.es\\\/index.php\\\/2023\\\/09\\\/27\\\/la-delegacion-lorquina-lumbrerense-y-murciana-brilla-en-el-campeonato-de-europa-master-de-atletismo-en-pescara-italia\\\/#breadcrumb\"},\"inLanguage\":\"es\",\"potentialAction\":[{\"@type\":\"ReadAction\",\"target\":[\"https:\\\/\\\/arealorcaradio.es\\\/index.php\\\/2023\\\/09\\\/27\\\/la-delegacion-lorquina-lumbrerense-y-murciana-brilla-en-el-campeonato-de-europa-master-de-atletismo-en-pescara-italia\\\/\"]}]},{\"@type\":\"ImageObject\",\"inLanguage\":\"es\",\"@id\":\"https:\\\/\\\/arealorcaradio.es\\\/index.php\\\/2023\\\/09\\\/27\\\/la-delegacion-lorquina-lumbrerense-y-murciana-brilla-en-el-campeonato-de-europa-master-de-atletismo-en-pescara-italia\\\/#primaryimage\",\"url\":\"https:\\\/\\\/arealorcaradio.es\\\/wp-content\\\/uploads\\\/2023\\\/09\\\/12-12-2022-LOGO-MASTER-STADIA-2023-DESKTOP-scaled-1.jpg\",\"contentUrl\":\"https:\\\/\\\/arealorcaradio.es\\\/wp-content\\\/uploads\\\/2023\\\/09\\\/12-12-2022-LOGO-MASTER-STADIA-2023-DESKTOP-scaled-1.jpg\",\"width\":2560,\"height\":1663},{\"@type\":\"BreadcrumbList\",\"@id\":\"https:\\\/\\\/arealorcaradio.es\\\/index.php\\\/2023\\\/09\\\/27\\\/la-delegacion-lorquina-lumbrerense-y-murciana-brilla-en-el-campeonato-de-europa-master-de-atletismo-en-pescara-italia\\\/#breadcrumb\",\"itemListElement\":[{\"@type\":\"ListItem\",\"position\":1,\"name\":\"Portada\",\"item\":\"https:\\\/\\\/arealorcaradio.es\\\/\"},{\"@type\":\"ListItem\",\"position\":2,\"name\":\"La delegaci\u00f3n lorquina, lumbrerense y murciana brilla en el Campeonato de Europa M\u00e1ster de Atletismo en Pescara, Italia.\"}]},{\"@type\":\"WebSite\",\"@id\":\"https:\\\/\\\/arealorcaradio.es\\\/#website\",\"url\":\"https:\\\/\\\/arealorcaradio.es\\\/\",\"name\":\"AREA LORCA RADIO\",\"description\":\"Descubre la programaci\u00f3n actual en \u00c1rea Lorca Radio, tu fuente de entrenamiento y noticias locales. Sintoniza ahora y mantente conectado online.\",\"potentialAction\":[{\"@type\":\"SearchAction\",\"target\":{\"@type\":\"EntryPoint\",\"urlTemplate\":\"https:\\\/\\\/arealorcaradio.es\\\/?s={search_term_string}\"},\"query-input\":{\"@type\":\"PropertyValueSpecification\",\"valueRequired\":true,\"valueName\":\"search_term_string\"}}],\"inLanguage\":\"es\"},{\"@type\":\"Person\",\"@id\":\"https:\\\/\\\/arealorcaradio.es\\\/#\\\/schema\\\/person\\\/9fae605fc25b0f2c83c1ab207139bd27\",\"name\":\"Paco S\u00e1nchez\",\"image\":{\"@type\":\"ImageObject\",\"inLanguage\":\"es\",\"@id\":\"https:\\\/\\\/secure.gravatar.com\\\/avatar\\\/d67144e966420fb74aa84c9f2a0103be4724fd14db52b52d3b6bca749f257e79?s=96&d=mm&r=g\",\"url\":\"https:\\\/\\\/secure.gravatar.com\\\/avatar\\\/d67144e966420fb74aa84c9f2a0103be4724fd14db52b52d3b6bca749f257e79?s=96&d=mm&r=g\",\"contentUrl\":\"https:\\\/\\\/secure.gravatar.com\\\/avatar\\\/d67144e966420fb74aa84c9f2a0103be4724fd14db52b52d3b6bca749f257e79?s=96&d=mm&r=g\",\"caption\":\"Paco S\u00e1nchez\"},\"sameAs\":[\"https:\\\/\\\/arealorcaradio.es\"],\"url\":\"https:\\\/\\\/arealorcaradio.es\\\/index.php\\\/author\\\/admin_alorcaradio\\\/\"}]}<\/script>\n<!-- \/ Yoast SEO plugin. -->","yoast_head_json":{"title":"La delegaci\u00f3n lorquina, lumbrerense y murciana brilla en el Campeonato de Europa M\u00e1ster de Atletismo en Pescara, Italia. - AREA LORCA RADIO","robots":{"index":"index","follow":"follow","max-snippet":"max-snippet:-1","max-image-preview":"max-image-preview:large","max-video-preview":"max-video-preview:-1"},"canonical":"https:\/\/arealorcaradio.es\/index.php\/2023\/09\/27\/la-delegacion-lorquina-lumbrerense-y-murciana-brilla-en-el-campeonato-de-europa-master-de-atletismo-en-pescara-italia\/","og_locale":"es_ES","og_type":"article","og_title":"La delegaci\u00f3n lorquina, lumbrerense y murciana brilla en el Campeonato de Europa M\u00e1ster de Atletismo en Pescara, Italia. - AREA LORCA RADIO","og_description":"\u00c1REA LORCA RADIO. Escucha aqu\u00ed la secci\u00f3n de atletismo patrocinada por Puertas Lorca de la mano del atleta Mario Molina. Analiza con Paco S\u00e1nchez en \u00c1rea Lorca Deportes los resultados obtenidos por sus compa\u00f1eros de equipo Fini Soriano y Luis Miguel Torroglosa, quienes tambi\u00e9n intervienen en el programa deportivo. \u00a0 \u00a0","og_url":"https:\/\/arealorcaradio.es\/index.php\/2023\/09\/27\/la-delegacion-lorquina-lumbrerense-y-murciana-brilla-en-el-campeonato-de-europa-master-de-atletismo-en-pescara-italia\/","og_site_name":"AREA LORCA RADIO","article_published_time":"2023-09-27T19:08:06+00:00","og_image":[{"width":2560,"height":1663,"url":"https:\/\/arealorcaradio.es\/wp-content\/uploads\/2023\/09\/12-12-2022-LOGO-MASTER-STADIA-2023-DESKTOP-scaled-1.jpg","type":"image\/jpeg"}],"author":"Paco S\u00e1nchez","twitter_card":"summary_large_image","twitter_misc":{"Escrito por":"Paco S\u00e1nchez","Tiempo de lectura":"2 minutos"},"schema":{"@context":"https:\/\/schema.org","@graph":[{"@type":"Article","@id":"https:\/\/arealorcaradio.es\/index.php\/2023\/09\/27\/la-delegacion-lorquina-lumbrerense-y-murciana-brilla-en-el-campeonato-de-europa-master-de-atletismo-en-pescara-italia\/#article","isPartOf":{"@id":"https:\/\/arealorcaradio.es\/index.php\/2023\/09\/27\/la-delegacion-lorquina-lumbrerense-y-murciana-brilla-en-el-campeonato-de-europa-master-de-atletismo-en-pescara-italia\/"},"author":{"name":"Paco S\u00e1nchez","@id":"https:\/\/arealorcaradio.es\/#\/schema\/person\/9fae605fc25b0f2c83c1ab207139bd27"},"headline":"La delegaci\u00f3n lorquina, lumbrerense y murciana brilla en el Campeonato de Europa M\u00e1ster de Atletismo en Pescara, Italia.","datePublished":"2023-09-27T19:08:06+00:00","mainEntityOfPage":{"@id":"https:\/\/arealorcaradio.es\/index.php\/2023\/09\/27\/la-delegacion-lorquina-lumbrerense-y-murciana-brilla-en-el-campeonato-de-europa-master-de-atletismo-en-pescara-italia\/"},"wordCount":83,"commentCount":0,"image":{"@id":"https:\/\/arealorcaradio.es\/index.php\/2023\/09\/27\/la-delegacion-lorquina-lumbrerense-y-murciana-brilla-en-el-campeonato-de-europa-master-de-atletismo-en-pescara-italia\/#primaryimage"},"thumbnailUrl":"https:\/\/arealorcaradio.es\/wp-content\/uploads\/2023\/09\/12-12-2022-LOGO-MASTER-STADIA-2023-DESKTOP-scaled-1.jpg","articleSection":["DEPORTES"],"inLanguage":"es","potentialAction":[{"@type":"CommentAction","name":"Comment","target":["https:\/\/arealorcaradio.es\/index.php\/2023\/09\/27\/la-delegacion-lorquina-lumbrerense-y-murciana-brilla-en-el-campeonato-de-europa-master-de-atletismo-en-pescara-italia\/#respond"]}]},{"@type":"WebPage","@id":"https:\/\/arealorcaradio.es\/index.php\/2023\/09\/27\/la-delegacion-lorquina-lumbrerense-y-murciana-brilla-en-el-campeonato-de-europa-master-de-atletismo-en-pescara-italia\/","url":"https:\/\/arealorcaradio.es\/index.php\/2023\/09\/27\/la-delegacion-lorquina-lumbrerense-y-murciana-brilla-en-el-campeonato-de-europa-master-de-atletismo-en-pescara-italia\/","name":"La delegaci\u00f3n lorquina, lumbrerense y murciana brilla en el Campeonato de Europa M\u00e1ster de Atletismo en Pescara, Italia. - AREA LORCA RADIO","isPartOf":{"@id":"https:\/\/arealorcaradio.es\/#website"},"primaryImageOfPage":{"@id":"https:\/\/arealorcaradio.es\/index.php\/2023\/09\/27\/la-delegacion-lorquina-lumbrerense-y-murciana-brilla-en-el-campeonato-de-europa-master-de-atletismo-en-pescara-italia\/#primaryimage"},"image":{"@id":"https:\/\/arealorcaradio.es\/index.php\/2023\/09\/27\/la-delegacion-lorquina-lumbrerense-y-murciana-brilla-en-el-campeonato-de-europa-master-de-atletismo-en-pescara-italia\/#primaryimage"},"thumbnailUrl":"https:\/\/arealorcaradio.es\/wp-content\/uploads\/2023\/09\/12-12-2022-LOGO-MASTER-STADIA-2023-DESKTOP-scaled-1.jpg","datePublished":"2023-09-27T19:08:06+00:00","author":{"@id":"https:\/\/arealorcaradio.es\/#\/schema\/person\/9fae605fc25b0f2c83c1ab207139bd27"},"breadcrumb":{"@id":"https:\/\/arealorcaradio.es\/index.php\/2023\/09\/27\/la-delegacion-lorquina-lumbrerense-y-murciana-brilla-en-el-campeonato-de-europa-master-de-atletismo-en-pescara-italia\/#breadcrumb"},"inLanguage":"es","potentialAction":[{"@type":"ReadAction","target":["https:\/\/arealorcaradio.es\/index.php\/2023\/09\/27\/la-delegacion-lorquina-lumbrerense-y-murciana-brilla-en-el-campeonato-de-europa-master-de-atletismo-en-pescara-italia\/"]}]},{"@type":"ImageObject","inLanguage":"es","@id":"https:\/\/arealorcaradio.es\/index.php\/2023\/09\/27\/la-delegacion-lorquina-lumbrerense-y-murciana-brilla-en-el-campeonato-de-europa-master-de-atletismo-en-pescara-italia\/#primaryimage","url":"https:\/\/arealorcaradio.es\/wp-content\/uploads\/2023\/09\/12-12-2022-LOGO-MASTER-STADIA-2023-DESKTOP-scaled-1.jpg","contentUrl":"https:\/\/arealorcaradio.es\/wp-content\/uploads\/2023\/09\/12-12-2022-LOGO-MASTER-STADIA-2023-DESKTOP-scaled-1.jpg","width":2560,"height":1663},{"@type":"BreadcrumbList","@id":"https:\/\/arealorcaradio.es\/index.php\/2023\/09\/27\/la-delegacion-lorquina-lumbrerense-y-murciana-brilla-en-el-campeonato-de-europa-master-de-atletismo-en-pescara-italia\/#breadcrumb","itemListElement":[{"@type":"ListItem","position":1,"name":"Portada","item":"https:\/\/arealorcaradio.es\/"},{"@type":"ListItem","position":2,"name":"La delegaci\u00f3n lorquina, lumbrerense y murciana brilla en el Campeonato de Europa M\u00e1ster de Atletismo en Pescara, Italia."}]},{"@type":"WebSite","@id":"https:\/\/arealorcaradio.es\/#website","url":"https:\/\/arealorcaradio.es\/","name":"AREA LORCA RADIO","description":"Descubre la programaci\u00f3n actual en \u00c1rea Lorca Radio, tu fuente de entrenamiento y noticias locales. Sintoniza ahora y mantente conectado online.","potentialAction":[{"@type":"SearchAction","target":{"@type":"EntryPoint","urlTemplate":"https:\/\/arealorcaradio.es\/?s={search_term_string}"},"query-input":{"@type":"PropertyValueSpecification","valueRequired":true,"valueName":"search_term_string"}}],"inLanguage":"es"},{"@type":"Person","@id":"https:\/\/arealorcaradio.es\/#\/schema\/person\/9fae605fc25b0f2c83c1ab207139bd27","name":"Paco S\u00e1nchez","image":{"@type":"ImageObject","inLanguage":"es","@id":"https:\/\/secure.gravatar.com\/avatar\/d67144e966420fb74aa84c9f2a0103be4724fd14db52b52d3b6bca749f257e79?s=96&d=mm&r=g","url":"https:\/\/secure.gravatar.com\/avatar\/d67144e966420fb74aa84c9f2a0103be4724fd14db52b52d3b6bca749f257e79?s=96&d=mm&r=g","contentUrl":"https:\/\/secure.gravatar.com\/avatar\/d67144e966420fb74aa84c9f2a0103be4724fd14db52b52d3b6bca749f257e79?s=96&d=mm&r=g","caption":"Paco S\u00e1nchez"},"sameAs":["https:\/\/arealorcaradio.es"],"url":"https:\/\/arealorcaradio.es\/index.php\/author\/admin_alorcaradio\/"}]}},"_links":{"self":[{"href":"https:\/\/arealorcaradio.es\/index.php\/wp-json\/wp\/v2\/posts\/1520","targetHints":{"allow":["GET"]}}],"collection":[{"href":"https:\/\/arealorcaradio.es\/index.php\/wp-json\/wp\/v2\/posts"}],"about":[{"href":"https:\/\/arealorcaradio.es\/index.php\/wp-json\/wp\/v2\/types\/post"}],"author":[{"embeddable":true,"href":"https:\/\/arealorcaradio.es\/index.php\/wp-json\/wp\/v2\/users\/1"}],"replies":[{"embeddable":true,"href":"https:\/\/arealorcaradio.es\/index.php\/wp-json\/wp\/v2\/comments?post=1520"}],"version-history":[{"count":1,"href":"https:\/\/arealorcaradio.es\/index.php\/wp-json\/wp\/v2\/posts\/1520\/revisions"}],"predecessor-version":[{"id":1528,"href":"https:\/\/arealorcaradio.es\/index.php\/wp-json\/wp\/v2\/posts\/1520\/revisions\/1528"}],"wp:featuredmedia":[{"embeddable":true,"href":"https:\/\/arealorcaradio.es\/index.php\/wp-json\/wp\/v2\/media\/1527"}],"wp:attachment":[{"href":"https:\/\/arealorcaradio.es\/index.php\/wp-json\/wp\/v2\/media?parent=1520"}],"wp:term":[{"taxonomy":"category","embeddable":true,"href":"https:\/\/arealorcaradio.es\/index.php\/wp-json\/wp\/v2\/categories?post=1520"},{"taxonomy":"post_tag","embeddable":true,"href":"https:\/\/arealorcaradio.es\/index.php\/wp-json\/wp\/v2\/tags?post=1520"}],"curies":[{"name":"wp","href":"https:\/\/api.w.org\/{rel}","templated":true}]}}