{"id":152,"date":"2023-02-22T18:15:49","date_gmt":"2023-02-22T18:15:49","guid":{"rendered":"https:\/\/arealorcaradio.es\/?p=152"},"modified":"2023-02-22T18:15:49","modified_gmt":"2023-02-22T18:15:49","slug":"el-puertas-lorca-se-hace-con-la-victoria-en-el-campeonato-regional-de-cross-por-equipos-en-categoria-masculina-y-femenina","status":"publish","type":"post","link":"https:\/\/arealorcaradio.es\/index.php\/2023\/02\/22\/el-puertas-lorca-se-hace-con-la-victoria-en-el-campeonato-regional-de-cross-por-equipos-en-categoria-masculina-y-femenina\/","title":{"rendered":"El Puertas Lorca se hace con la victoria en el Campeonato Regional de Cross por equipos en categor\u00eda masculina y femenina"},"content":{"rendered":"<p>\u00c1REA LORCA RADIO.<\/p>\n<p>En la secci\u00f3n dedicada al atletismo patrocinada por Puertas Lorca, Mario Molina nos acerca al atleta Antonio Jos\u00e9 Clemente, qui\u00e9n nos cuenta como fueron sus inicios en este deporte y en su club actual. Adem\u00e1s hacemos un amplio repaso a los resultados obtenidos por los atletas del equipo, principalmente en el Cross de Lorca, Campeonato Regional por equipos.<\/p>\n<p>Escucha aqu\u00ed la entrevista que han concedido a Paco S\u00e1nchez en \u00c1rea Lorca Deportes, Mario Molina y Antonio Jos\u00e9 Clemente.<\/p>\n<audio class=\"wp-audio-shortcode\" id=\"audio-152-1\" preload=\"none\" style=\"width: 100%;\" controls=\"controls\"><source type=\"audio\/mpeg\" src=\"https:\/\/arealorcaradio.es\/wp-content\/uploads\/2023\/02\/220223-MARIO-MOLINA-Y-ANTONIO-JOSE-CLEMENTE.mp3?_=1\" \/><a href=\"https:\/\/arealorcaradio.es\/wp-content\/uploads\/2023\/02\/220223-MARIO-MOLINA-Y-ANTONIO-JOSE-CLEMENTE.mp3\">https:\/\/arealorcaradio.es\/wp-content\/uploads\/2023\/02\/220223-MARIO-MOLINA-Y-ANTONIO-JOSE-CLEMENTE.mp3<\/a><\/audio>\n","protected":false},"excerpt":{"rendered":"<p>\u00c1REA LORCA RADIO. En la secci\u00f3n dedicada al atletismo patrocinada por Puertas Lorca, Mario Molina nos acerca al atleta Antonio Jos\u00e9 Clemente, qui\u00e9n nos cuenta como fueron sus inicios en este deporte y en su club actual. Adem\u00e1s hacemos un amplio repaso a los resultados obtenidos por los atletas del equipo, principalmente en el Cross [&hellip;]<\/p>\n","protected":false},"author":1,"featured_media":157,"comment_status":"open","ping_status":"open","sticky":false,"template":"","format":"standard","meta":{"iawp_total_views":3,"footnotes":""},"categories":[4,7],"tags":[],"class_list":["post-152","post","type-post","status-publish","format-standard","has-post-thumbnail","hentry","category-deportes","category-lorca"],"yoast_head":"<!-- This site is optimized with the Yoast SEO plugin v27.5 - https:\/\/yoast.com\/product\/yoast-seo-wordpress\/ -->\n<title>El Puertas Lorca se hace con la victoria en el Campeonato Regional de Cross por equipos en categor\u00eda masculina y femenina - AREA LORCA RADIO<\/title>\n<meta name=\"robots\" content=\"index, follow, max-snippet:-1, max-image-preview:large, max-video-preview:-1\" \/>\n<link rel=\"canonical\" href=\"https:\/\/arealorcaradio.es\/index.php\/2023\/02\/22\/el-puertas-lorca-se-hace-con-la-victoria-en-el-campeonato-regional-de-cross-por-equipos-en-categoria-masculina-y-femenina\/\" \/>\n<meta property=\"og:locale\" content=\"es_ES\" \/>\n<meta property=\"og:type\" content=\"article\" \/>\n<meta property=\"og:title\" content=\"El Puertas Lorca se hace con la victoria en el Campeonato Regional de Cross por equipos en categor\u00eda masculina y femenina - AREA LORCA RADIO\" \/>\n<meta property=\"og:description\" content=\"\u00c1REA LORCA RADIO. En la secci\u00f3n dedicada al atletismo patrocinada por Puertas Lorca, Mario Molina nos acerca al atleta Antonio Jos\u00e9 Clemente, qui\u00e9n nos cuenta como fueron sus inicios en este deporte y en su club actual. Adem\u00e1s hacemos un amplio repaso a los resultados obtenidos por los atletas del equipo, principalmente en el Cross [&hellip;]\" \/>\n<meta property=\"og:url\" content=\"https:\/\/arealorcaradio.es\/index.php\/2023\/02\/22\/el-puertas-lorca-se-hace-con-la-victoria-en-el-campeonato-regional-de-cross-por-equipos-en-categoria-masculina-y-femenina\/\" \/>\n<meta property=\"og:site_name\" content=\"AREA LORCA RADIO\" \/>\n<meta property=\"article:published_time\" content=\"2023-02-22T18:15:49+00:00\" \/>\n<meta property=\"og:image\" content=\"https:\/\/arealorcaradio.es\/wp-content\/uploads\/2023\/02\/20230222_182000-scaled.jpg\" \/>\n\t<meta property=\"og:image:width\" content=\"2560\" \/>\n\t<meta property=\"og:image:height\" content=\"1920\" \/>\n\t<meta property=\"og:image:type\" content=\"image\/jpeg\" \/>\n<meta name=\"author\" content=\"Paco S\u00e1nchez\" \/>\n<meta name=\"twitter:card\" content=\"summary_large_image\" \/>\n<meta name=\"twitter:label1\" content=\"Escrito por\" \/>\n\t<meta name=\"twitter:data1\" content=\"Paco S\u00e1nchez\" \/>\n\t<meta name=\"twitter:label2\" content=\"Tiempo de lectura\" \/>\n\t<meta name=\"twitter:data2\" content=\"1 minuto\" \/>\n<script type=\"application\/ld+json\" class=\"yoast-schema-graph\">{\"@context\":\"https:\\\/\\\/schema.org\",\"@graph\":[{\"@type\":\"Article\",\"@id\":\"https:\\\/\\\/arealorcaradio.es\\\/index.php\\\/2023\\\/02\\\/22\\\/el-puertas-lorca-se-hace-con-la-victoria-en-el-campeonato-regional-de-cross-por-equipos-en-categoria-masculina-y-femenina\\\/#article\",\"isPartOf\":{\"@id\":\"https:\\\/\\\/arealorcaradio.es\\\/index.php\\\/2023\\\/02\\\/22\\\/el-puertas-lorca-se-hace-con-la-victoria-en-el-campeonato-regional-de-cross-por-equipos-en-categoria-masculina-y-femenina\\\/\"},\"author\":{\"name\":\"Paco S\u00e1nchez\",\"@id\":\"https:\\\/\\\/arealorcaradio.es\\\/#\\\/schema\\\/person\\\/9fae605fc25b0f2c83c1ab207139bd27\"},\"headline\":\"El Puertas Lorca se hace con la victoria en el Campeonato Regional de Cross por equipos en categor\u00eda masculina y femenina\",\"datePublished\":\"2023-02-22T18:15:49+00:00\",\"mainEntityOfPage\":{\"@id\":\"https:\\\/\\\/arealorcaradio.es\\\/index.php\\\/2023\\\/02\\\/22\\\/el-puertas-lorca-se-hace-con-la-victoria-en-el-campeonato-regional-de-cross-por-equipos-en-categoria-masculina-y-femenina\\\/\"},\"wordCount\":117,\"commentCount\":0,\"image\":{\"@id\":\"https:\\\/\\\/arealorcaradio.es\\\/index.php\\\/2023\\\/02\\\/22\\\/el-puertas-lorca-se-hace-con-la-victoria-en-el-campeonato-regional-de-cross-por-equipos-en-categoria-masculina-y-femenina\\\/#primaryimage\"},\"thumbnailUrl\":\"https:\\\/\\\/arealorcaradio.es\\\/wp-content\\\/uploads\\\/2023\\\/02\\\/20230222_182000-scaled.jpg\",\"articleSection\":[\"DEPORTES\",\"LORCA\"],\"inLanguage\":\"es\",\"potentialAction\":[{\"@type\":\"CommentAction\",\"name\":\"Comment\",\"target\":[\"https:\\\/\\\/arealorcaradio.es\\\/index.php\\\/2023\\\/02\\\/22\\\/el-puertas-lorca-se-hace-con-la-victoria-en-el-campeonato-regional-de-cross-por-equipos-en-categoria-masculina-y-femenina\\\/#respond\"]}]},{\"@type\":\"WebPage\",\"@id\":\"https:\\\/\\\/arealorcaradio.es\\\/index.php\\\/2023\\\/02\\\/22\\\/el-puertas-lorca-se-hace-con-la-victoria-en-el-campeonato-regional-de-cross-por-equipos-en-categoria-masculina-y-femenina\\\/\",\"url\":\"https:\\\/\\\/arealorcaradio.es\\\/index.php\\\/2023\\\/02\\\/22\\\/el-puertas-lorca-se-hace-con-la-victoria-en-el-campeonato-regional-de-cross-por-equipos-en-categoria-masculina-y-femenina\\\/\",\"name\":\"El Puertas Lorca se hace con la victoria en el Campeonato Regional de Cross por equipos en categor\u00eda masculina y femenina - AREA LORCA RADIO\",\"isPartOf\":{\"@id\":\"https:\\\/\\\/arealorcaradio.es\\\/#website\"},\"primaryImageOfPage\":{\"@id\":\"https:\\\/\\\/arealorcaradio.es\\\/index.php\\\/2023\\\/02\\\/22\\\/el-puertas-lorca-se-hace-con-la-victoria-en-el-campeonato-regional-de-cross-por-equipos-en-categoria-masculina-y-femenina\\\/#primaryimage\"},\"image\":{\"@id\":\"https:\\\/\\\/arealorcaradio.es\\\/index.php\\\/2023\\\/02\\\/22\\\/el-puertas-lorca-se-hace-con-la-victoria-en-el-campeonato-regional-de-cross-por-equipos-en-categoria-masculina-y-femenina\\\/#primaryimage\"},\"thumbnailUrl\":\"https:\\\/\\\/arealorcaradio.es\\\/wp-content\\\/uploads\\\/2023\\\/02\\\/20230222_182000-scaled.jpg\",\"datePublished\":\"2023-02-22T18:15:49+00:00\",\"author\":{\"@id\":\"https:\\\/\\\/arealorcaradio.es\\\/#\\\/schema\\\/person\\\/9fae605fc25b0f2c83c1ab207139bd27\"},\"breadcrumb\":{\"@id\":\"https:\\\/\\\/arealorcaradio.es\\\/index.php\\\/2023\\\/02\\\/22\\\/el-puertas-lorca-se-hace-con-la-victoria-en-el-campeonato-regional-de-cross-por-equipos-en-categoria-masculina-y-femenina\\\/#breadcrumb\"},\"inLanguage\":\"es\",\"potentialAction\":[{\"@type\":\"ReadAction\",\"target\":[\"https:\\\/\\\/arealorcaradio.es\\\/index.php\\\/2023\\\/02\\\/22\\\/el-puertas-lorca-se-hace-con-la-victoria-en-el-campeonato-regional-de-cross-por-equipos-en-categoria-masculina-y-femenina\\\/\"]}]},{\"@type\":\"ImageObject\",\"inLanguage\":\"es\",\"@id\":\"https:\\\/\\\/arealorcaradio.es\\\/index.php\\\/2023\\\/02\\\/22\\\/el-puertas-lorca-se-hace-con-la-victoria-en-el-campeonato-regional-de-cross-por-equipos-en-categoria-masculina-y-femenina\\\/#primaryimage\",\"url\":\"https:\\\/\\\/arealorcaradio.es\\\/wp-content\\\/uploads\\\/2023\\\/02\\\/20230222_182000-scaled.jpg\",\"contentUrl\":\"https:\\\/\\\/arealorcaradio.es\\\/wp-content\\\/uploads\\\/2023\\\/02\\\/20230222_182000-scaled.jpg\",\"width\":2560,\"height\":1920},{\"@type\":\"BreadcrumbList\",\"@id\":\"https:\\\/\\\/arealorcaradio.es\\\/index.php\\\/2023\\\/02\\\/22\\\/el-puertas-lorca-se-hace-con-la-victoria-en-el-campeonato-regional-de-cross-por-equipos-en-categoria-masculina-y-femenina\\\/#breadcrumb\",\"itemListElement\":[{\"@type\":\"ListItem\",\"position\":1,\"name\":\"Portada\",\"item\":\"https:\\\/\\\/arealorcaradio.es\\\/\"},{\"@type\":\"ListItem\",\"position\":2,\"name\":\"El Puertas Lorca se hace con la victoria en el Campeonato Regional de Cross por equipos en categor\u00eda masculina y femenina\"}]},{\"@type\":\"WebSite\",\"@id\":\"https:\\\/\\\/arealorcaradio.es\\\/#website\",\"url\":\"https:\\\/\\\/arealorcaradio.es\\\/\",\"name\":\"AREA LORCA RADIO\",\"description\":\"Descubre la programaci\u00f3n actual en \u00c1rea Lorca Radio, tu fuente de entrenamiento y noticias locales. Sintoniza ahora y mantente conectado online.\",\"potentialAction\":[{\"@type\":\"SearchAction\",\"target\":{\"@type\":\"EntryPoint\",\"urlTemplate\":\"https:\\\/\\\/arealorcaradio.es\\\/?s={search_term_string}\"},\"query-input\":{\"@type\":\"PropertyValueSpecification\",\"valueRequired\":true,\"valueName\":\"search_term_string\"}}],\"inLanguage\":\"es\"},{\"@type\":\"Person\",\"@id\":\"https:\\\/\\\/arealorcaradio.es\\\/#\\\/schema\\\/person\\\/9fae605fc25b0f2c83c1ab207139bd27\",\"name\":\"Paco S\u00e1nchez\",\"image\":{\"@type\":\"ImageObject\",\"inLanguage\":\"es\",\"@id\":\"https:\\\/\\\/secure.gravatar.com\\\/avatar\\\/d67144e966420fb74aa84c9f2a0103be4724fd14db52b52d3b6bca749f257e79?s=96&d=mm&r=g\",\"url\":\"https:\\\/\\\/secure.gravatar.com\\\/avatar\\\/d67144e966420fb74aa84c9f2a0103be4724fd14db52b52d3b6bca749f257e79?s=96&d=mm&r=g\",\"contentUrl\":\"https:\\\/\\\/secure.gravatar.com\\\/avatar\\\/d67144e966420fb74aa84c9f2a0103be4724fd14db52b52d3b6bca749f257e79?s=96&d=mm&r=g\",\"caption\":\"Paco S\u00e1nchez\"},\"sameAs\":[\"https:\\\/\\\/arealorcaradio.es\"],\"url\":\"https:\\\/\\\/arealorcaradio.es\\\/index.php\\\/author\\\/admin_alorcaradio\\\/\"}]}<\/script>\n<!-- \/ Yoast SEO plugin. -->","yoast_head_json":{"title":"El Puertas Lorca se hace con la victoria en el Campeonato Regional de Cross por equipos en categor\u00eda masculina y femenina - AREA LORCA RADIO","robots":{"index":"index","follow":"follow","max-snippet":"max-snippet:-1","max-image-preview":"max-image-preview:large","max-video-preview":"max-video-preview:-1"},"canonical":"https:\/\/arealorcaradio.es\/index.php\/2023\/02\/22\/el-puertas-lorca-se-hace-con-la-victoria-en-el-campeonato-regional-de-cross-por-equipos-en-categoria-masculina-y-femenina\/","og_locale":"es_ES","og_type":"article","og_title":"El Puertas Lorca se hace con la victoria en el Campeonato Regional de Cross por equipos en categor\u00eda masculina y femenina - AREA LORCA RADIO","og_description":"\u00c1REA LORCA RADIO. En la secci\u00f3n dedicada al atletismo patrocinada por Puertas Lorca, Mario Molina nos acerca al atleta Antonio Jos\u00e9 Clemente, qui\u00e9n nos cuenta como fueron sus inicios en este deporte y en su club actual. Adem\u00e1s hacemos un amplio repaso a los resultados obtenidos por los atletas del equipo, principalmente en el Cross [&hellip;]","og_url":"https:\/\/arealorcaradio.es\/index.php\/2023\/02\/22\/el-puertas-lorca-se-hace-con-la-victoria-en-el-campeonato-regional-de-cross-por-equipos-en-categoria-masculina-y-femenina\/","og_site_name":"AREA LORCA RADIO","article_published_time":"2023-02-22T18:15:49+00:00","og_image":[{"width":2560,"height":1920,"url":"https:\/\/arealorcaradio.es\/wp-content\/uploads\/2023\/02\/20230222_182000-scaled.jpg","type":"image\/jpeg"}],"author":"Paco S\u00e1nchez","twitter_card":"summary_large_image","twitter_misc":{"Escrito por":"Paco S\u00e1nchez","Tiempo de lectura":"1 minuto"},"schema":{"@context":"https:\/\/schema.org","@graph":[{"@type":"Article","@id":"https:\/\/arealorcaradio.es\/index.php\/2023\/02\/22\/el-puertas-lorca-se-hace-con-la-victoria-en-el-campeonato-regional-de-cross-por-equipos-en-categoria-masculina-y-femenina\/#article","isPartOf":{"@id":"https:\/\/arealorcaradio.es\/index.php\/2023\/02\/22\/el-puertas-lorca-se-hace-con-la-victoria-en-el-campeonato-regional-de-cross-por-equipos-en-categoria-masculina-y-femenina\/"},"author":{"name":"Paco S\u00e1nchez","@id":"https:\/\/arealorcaradio.es\/#\/schema\/person\/9fae605fc25b0f2c83c1ab207139bd27"},"headline":"El Puertas Lorca se hace con la victoria en el Campeonato Regional de Cross por equipos en categor\u00eda masculina y femenina","datePublished":"2023-02-22T18:15:49+00:00","mainEntityOfPage":{"@id":"https:\/\/arealorcaradio.es\/index.php\/2023\/02\/22\/el-puertas-lorca-se-hace-con-la-victoria-en-el-campeonato-regional-de-cross-por-equipos-en-categoria-masculina-y-femenina\/"},"wordCount":117,"commentCount":0,"image":{"@id":"https:\/\/arealorcaradio.es\/index.php\/2023\/02\/22\/el-puertas-lorca-se-hace-con-la-victoria-en-el-campeonato-regional-de-cross-por-equipos-en-categoria-masculina-y-femenina\/#primaryimage"},"thumbnailUrl":"https:\/\/arealorcaradio.es\/wp-content\/uploads\/2023\/02\/20230222_182000-scaled.jpg","articleSection":["DEPORTES","LORCA"],"inLanguage":"es","potentialAction":[{"@type":"CommentAction","name":"Comment","target":["https:\/\/arealorcaradio.es\/index.php\/2023\/02\/22\/el-puertas-lorca-se-hace-con-la-victoria-en-el-campeonato-regional-de-cross-por-equipos-en-categoria-masculina-y-femenina\/#respond"]}]},{"@type":"WebPage","@id":"https:\/\/arealorcaradio.es\/index.php\/2023\/02\/22\/el-puertas-lorca-se-hace-con-la-victoria-en-el-campeonato-regional-de-cross-por-equipos-en-categoria-masculina-y-femenina\/","url":"https:\/\/arealorcaradio.es\/index.php\/2023\/02\/22\/el-puertas-lorca-se-hace-con-la-victoria-en-el-campeonato-regional-de-cross-por-equipos-en-categoria-masculina-y-femenina\/","name":"El Puertas Lorca se hace con la victoria en el Campeonato Regional de Cross por equipos en categor\u00eda masculina y femenina - AREA LORCA RADIO","isPartOf":{"@id":"https:\/\/arealorcaradio.es\/#website"},"primaryImageOfPage":{"@id":"https:\/\/arealorcaradio.es\/index.php\/2023\/02\/22\/el-puertas-lorca-se-hace-con-la-victoria-en-el-campeonato-regional-de-cross-por-equipos-en-categoria-masculina-y-femenina\/#primaryimage"},"image":{"@id":"https:\/\/arealorcaradio.es\/index.php\/2023\/02\/22\/el-puertas-lorca-se-hace-con-la-victoria-en-el-campeonato-regional-de-cross-por-equipos-en-categoria-masculina-y-femenina\/#primaryimage"},"thumbnailUrl":"https:\/\/arealorcaradio.es\/wp-content\/uploads\/2023\/02\/20230222_182000-scaled.jpg","datePublished":"2023-02-22T18:15:49+00:00","author":{"@id":"https:\/\/arealorcaradio.es\/#\/schema\/person\/9fae605fc25b0f2c83c1ab207139bd27"},"breadcrumb":{"@id":"https:\/\/arealorcaradio.es\/index.php\/2023\/02\/22\/el-puertas-lorca-se-hace-con-la-victoria-en-el-campeonato-regional-de-cross-por-equipos-en-categoria-masculina-y-femenina\/#breadcrumb"},"inLanguage":"es","potentialAction":[{"@type":"ReadAction","target":["https:\/\/arealorcaradio.es\/index.php\/2023\/02\/22\/el-puertas-lorca-se-hace-con-la-victoria-en-el-campeonato-regional-de-cross-por-equipos-en-categoria-masculina-y-femenina\/"]}]},{"@type":"ImageObject","inLanguage":"es","@id":"https:\/\/arealorcaradio.es\/index.php\/2023\/02\/22\/el-puertas-lorca-se-hace-con-la-victoria-en-el-campeonato-regional-de-cross-por-equipos-en-categoria-masculina-y-femenina\/#primaryimage","url":"https:\/\/arealorcaradio.es\/wp-content\/uploads\/2023\/02\/20230222_182000-scaled.jpg","contentUrl":"https:\/\/arealorcaradio.es\/wp-content\/uploads\/2023\/02\/20230222_182000-scaled.jpg","width":2560,"height":1920},{"@type":"BreadcrumbList","@id":"https:\/\/arealorcaradio.es\/index.php\/2023\/02\/22\/el-puertas-lorca-se-hace-con-la-victoria-en-el-campeonato-regional-de-cross-por-equipos-en-categoria-masculina-y-femenina\/#breadcrumb","itemListElement":[{"@type":"ListItem","position":1,"name":"Portada","item":"https:\/\/arealorcaradio.es\/"},{"@type":"ListItem","position":2,"name":"El Puertas Lorca se hace con la victoria en el Campeonato Regional de Cross por equipos en categor\u00eda masculina y femenina"}]},{"@type":"WebSite","@id":"https:\/\/arealorcaradio.es\/#website","url":"https:\/\/arealorcaradio.es\/","name":"AREA LORCA RADIO","description":"Descubre la programaci\u00f3n actual en \u00c1rea Lorca Radio, tu fuente de entrenamiento y noticias locales. Sintoniza ahora y mantente conectado online.","potentialAction":[{"@type":"SearchAction","target":{"@type":"EntryPoint","urlTemplate":"https:\/\/arealorcaradio.es\/?s={search_term_string}"},"query-input":{"@type":"PropertyValueSpecification","valueRequired":true,"valueName":"search_term_string"}}],"inLanguage":"es"},{"@type":"Person","@id":"https:\/\/arealorcaradio.es\/#\/schema\/person\/9fae605fc25b0f2c83c1ab207139bd27","name":"Paco S\u00e1nchez","image":{"@type":"ImageObject","inLanguage":"es","@id":"https:\/\/secure.gravatar.com\/avatar\/d67144e966420fb74aa84c9f2a0103be4724fd14db52b52d3b6bca749f257e79?s=96&d=mm&r=g","url":"https:\/\/secure.gravatar.com\/avatar\/d67144e966420fb74aa84c9f2a0103be4724fd14db52b52d3b6bca749f257e79?s=96&d=mm&r=g","contentUrl":"https:\/\/secure.gravatar.com\/avatar\/d67144e966420fb74aa84c9f2a0103be4724fd14db52b52d3b6bca749f257e79?s=96&d=mm&r=g","caption":"Paco S\u00e1nchez"},"sameAs":["https:\/\/arealorcaradio.es"],"url":"https:\/\/arealorcaradio.es\/index.php\/author\/admin_alorcaradio\/"}]}},"_links":{"self":[{"href":"https:\/\/arealorcaradio.es\/index.php\/wp-json\/wp\/v2\/posts\/152","targetHints":{"allow":["GET"]}}],"collection":[{"href":"https:\/\/arealorcaradio.es\/index.php\/wp-json\/wp\/v2\/posts"}],"about":[{"href":"https:\/\/arealorcaradio.es\/index.php\/wp-json\/wp\/v2\/types\/post"}],"author":[{"embeddable":true,"href":"https:\/\/arealorcaradio.es\/index.php\/wp-json\/wp\/v2\/users\/1"}],"replies":[{"embeddable":true,"href":"https:\/\/arealorcaradio.es\/index.php\/wp-json\/wp\/v2\/comments?post=152"}],"version-history":[{"count":1,"href":"https:\/\/arealorcaradio.es\/index.php\/wp-json\/wp\/v2\/posts\/152\/revisions"}],"predecessor-version":[{"id":154,"href":"https:\/\/arealorcaradio.es\/index.php\/wp-json\/wp\/v2\/posts\/152\/revisions\/154"}],"wp:featuredmedia":[{"embeddable":true,"href":"https:\/\/arealorcaradio.es\/index.php\/wp-json\/wp\/v2\/media\/157"}],"wp:attachment":[{"href":"https:\/\/arealorcaradio.es\/index.php\/wp-json\/wp\/v2\/media?parent=152"}],"wp:term":[{"taxonomy":"category","embeddable":true,"href":"https:\/\/arealorcaradio.es\/index.php\/wp-json\/wp\/v2\/categories?post=152"},{"taxonomy":"post_tag","embeddable":true,"href":"https:\/\/arealorcaradio.es\/index.php\/wp-json\/wp\/v2\/tags?post=152"}],"curies":[{"name":"wp","href":"https:\/\/api.w.org\/{rel}","templated":true}]}}