{"id":1514,"date":"2023-09-27T07:44:02","date_gmt":"2023-09-27T07:44:02","guid":{"rendered":"https:\/\/arealorcaradio.es\/?p=1514"},"modified":"2023-09-27T07:44:02","modified_gmt":"2023-09-27T07:44:02","slug":"la-armada-presenta-las-actividades-que-complementaran-la-jura-de-bandera-para-personal-civil-en-aguilas","status":"publish","type":"post","link":"https:\/\/arealorcaradio.es\/index.php\/2023\/09\/27\/la-armada-presenta-las-actividades-que-complementaran-la-jura-de-bandera-para-personal-civil-en-aguilas\/","title":{"rendered":"La Armada presenta las actividades que complementar\u00e1n la Jura de Bandera para Personal Civil en \u00c1guilas"},"content":{"rendered":"<p>\u00c1REA LORCA RADIO.<\/p>\n<p>La celebraci\u00f3n de este acto solemne fue solicitada al Almirante Jefe del Estado Mayor de la Armada por la alcaldesa de \u00c1guilas, Mari Carmen Moreno, que ha ofrecido una rueda de prensa, junto al Comandante Naval de Cartagena, Juan Carlos P\u00e9rez Guerrero, para explicar el programa de actos que la Armada ha organizado esta semana.<\/p>\n<p>Las actividades dar\u00e1n comienzo el jueves, 28 de septiembre, de 16 a 19 horas, con una Jornada de Puertas Abiertas en los patrulleros<br \/>\nFormentor y Toralla, que recalar\u00e1n en el Puerto Deportivo Juan Montiel. Por la ma\u00f1ana, ser\u00e1n los Centros Educativos los que<br \/>\nrealicen esta visita. A las 20 horas, en el Auditorio y Palacio de Congresos Infanta Do\u00f1a Elena, la Unidad de M\u00fasica del Tercio de Levante ofrecer\u00e1 un concierto, abierto a todo aquel que quiera asistir.<\/p>\n<p>Al d\u00eda siguiente, de 9 a 14 horas, en el Puerto Deportivo Juan Montiel, se llevar\u00e1n a cabo Bautismos de Mar y talleres marineros en los patrulleros Formentor y Toralla. Y esa misma ma\u00f1ana, a las 12 horas, en el Auditorio, el Comandante Naval de Cartagena, Juan Carlos P\u00e9rez, junto con el consejero del Instituto de Historia y Cultura Naval, Eduardo Bernal, ofrecer\u00e1n una conferencia sobre \u201cLa historia<br \/>\nde la navegaci\u00f3n\u201d. Las actividades continuar\u00e1n por la tarde, a las 19:55 horas, con el arriado solemne de la Bandera Nacional en el puerto pesquero de \u00c1guilas, a bordo de los patrulleros Formentor y Toralla.<\/p>\n<p>El s\u00e1bado, 30 de septiembre, la jornada dar\u00e1 comienzo con el acto solemne de Jura de Bandera, en la explanada del Auditorio, a las<br \/>\n12h. Tambi\u00e9n se podr\u00e1 visitar una muestra de material de Infanter\u00eda de Marina y del Centro de Buceo de la Armada en el hall del<br \/>\nAuditorio. Y habr\u00e1 otra Jornada de Puertas Abiertas en el patrullero Toralla, de 16 a 19 horas, en el Puerto Pesquero de \u00c1guilas.<br \/>\nLa alcaldesa ha manifestado su orgullo ante el hecho de que \u201ceste acto solemne se pueda realizar en \u00c1guilas, que hab\u00edamos aplazado<br \/>\npor el COVID y, por fin, se podr\u00e1 llevar a cabo junto a toda esta serie de actividades que hemos organizado la Armada en<br \/>\ncolaboraci\u00f3n con el Ayuntamiento de \u00c1guilas, que van a ser de inter\u00e9s para la ciudadan\u00eda de \u00c1guilas y, lo que es m\u00e1s importante,<br \/>\nvan a acercar la Armada a \u00c1guilas\u201d.<\/p>\n<p>Escucha aqu\u00ed la entrevista que ha concedido la alcaldesa de \u00c1guilas, Mari Carmen Moreno a Paco S\u00e1nchez en el programa magazine \u00c1rea Lorca Actualidad.<\/p>\n<audio class=\"wp-audio-shortcode\" id=\"audio-1514-1\" preload=\"none\" style=\"width: 100%;\" controls=\"controls\"><source type=\"audio\/mpeg\" src=\"https:\/\/arealorcaradio.es\/wp-content\/uploads\/2023\/09\/260923-MARI-CARMEN-MORENO.-JURA-BANDERA.mp3?_=1\" \/><a href=\"https:\/\/arealorcaradio.es\/wp-content\/uploads\/2023\/09\/260923-MARI-CARMEN-MORENO.-JURA-BANDERA.mp3\">https:\/\/arealorcaradio.es\/wp-content\/uploads\/2023\/09\/260923-MARI-CARMEN-MORENO.-JURA-BANDERA.mp3<\/a><\/audio>\n<p>&nbsp;<\/p>\n","protected":false},"excerpt":{"rendered":"<p>\u00c1REA LORCA RADIO. La celebraci\u00f3n de este acto solemne fue solicitada al Almirante Jefe del Estado Mayor de la Armada por la alcaldesa de \u00c1guilas, Mari Carmen Moreno, que ha ofrecido una rueda de prensa, junto al Comandante Naval de Cartagena, Juan Carlos P\u00e9rez Guerrero, para explicar el programa de actos que la Armada ha [&hellip;]<\/p>\n","protected":false},"author":1,"featured_media":1516,"comment_status":"open","ping_status":"open","sticky":false,"template":"","format":"standard","meta":{"iawp_total_views":2,"footnotes":""},"categories":[8],"tags":[],"class_list":["post-1514","post","type-post","status-publish","format-standard","has-post-thumbnail","hentry","category-aguilas"],"yoast_head":"<!-- This site is optimized with the Yoast SEO plugin v27.5 - https:\/\/yoast.com\/product\/yoast-seo-wordpress\/ -->\n<title>La Armada presenta las actividades que complementar\u00e1n la Jura de Bandera para Personal Civil en \u00c1guilas - AREA LORCA RADIO<\/title>\n<meta name=\"robots\" content=\"index, follow, max-snippet:-1, max-image-preview:large, max-video-preview:-1\" \/>\n<link rel=\"canonical\" href=\"https:\/\/arealorcaradio.es\/index.php\/2023\/09\/27\/la-armada-presenta-las-actividades-que-complementaran-la-jura-de-bandera-para-personal-civil-en-aguilas\/\" \/>\n<meta property=\"og:locale\" content=\"es_ES\" \/>\n<meta property=\"og:type\" content=\"article\" \/>\n<meta property=\"og:title\" content=\"La Armada presenta las actividades que complementar\u00e1n la Jura de Bandera para Personal Civil en \u00c1guilas - AREA LORCA RADIO\" \/>\n<meta property=\"og:description\" content=\"\u00c1REA LORCA RADIO. La celebraci\u00f3n de este acto solemne fue solicitada al Almirante Jefe del Estado Mayor de la Armada por la alcaldesa de \u00c1guilas, Mari Carmen Moreno, que ha ofrecido una rueda de prensa, junto al Comandante Naval de Cartagena, Juan Carlos P\u00e9rez Guerrero, para explicar el programa de actos que la Armada ha [&hellip;]\" \/>\n<meta property=\"og:url\" content=\"https:\/\/arealorcaradio.es\/index.php\/2023\/09\/27\/la-armada-presenta-las-actividades-que-complementaran-la-jura-de-bandera-para-personal-civil-en-aguilas\/\" \/>\n<meta property=\"og:site_name\" content=\"AREA LORCA RADIO\" \/>\n<meta property=\"article:published_time\" content=\"2023-09-27T07:44:02+00:00\" \/>\n<meta property=\"og:image\" content=\"https:\/\/arealorcaradio.es\/wp-content\/uploads\/2023\/09\/IMG_6206-scaled.jpg\" \/>\n\t<meta property=\"og:image:width\" content=\"2560\" \/>\n\t<meta property=\"og:image:height\" content=\"1920\" \/>\n\t<meta property=\"og:image:type\" content=\"image\/jpeg\" \/>\n<meta name=\"author\" content=\"Paco S\u00e1nchez\" \/>\n<meta name=\"twitter:card\" content=\"summary_large_image\" \/>\n<meta name=\"twitter:label1\" content=\"Escrito por\" \/>\n\t<meta name=\"twitter:data1\" content=\"Paco S\u00e1nchez\" \/>\n\t<meta name=\"twitter:label2\" content=\"Tiempo de lectura\" \/>\n\t<meta name=\"twitter:data2\" content=\"2 minutos\" \/>\n<script type=\"application\/ld+json\" class=\"yoast-schema-graph\">{\"@context\":\"https:\\\/\\\/schema.org\",\"@graph\":[{\"@type\":\"Article\",\"@id\":\"https:\\\/\\\/arealorcaradio.es\\\/index.php\\\/2023\\\/09\\\/27\\\/la-armada-presenta-las-actividades-que-complementaran-la-jura-de-bandera-para-personal-civil-en-aguilas\\\/#article\",\"isPartOf\":{\"@id\":\"https:\\\/\\\/arealorcaradio.es\\\/index.php\\\/2023\\\/09\\\/27\\\/la-armada-presenta-las-actividades-que-complementaran-la-jura-de-bandera-para-personal-civil-en-aguilas\\\/\"},\"author\":{\"name\":\"Paco S\u00e1nchez\",\"@id\":\"https:\\\/\\\/arealorcaradio.es\\\/#\\\/schema\\\/person\\\/9fae605fc25b0f2c83c1ab207139bd27\"},\"headline\":\"La Armada presenta las actividades que complementar\u00e1n la Jura de Bandera para Personal Civil en \u00c1guilas\",\"datePublished\":\"2023-09-27T07:44:02+00:00\",\"mainEntityOfPage\":{\"@id\":\"https:\\\/\\\/arealorcaradio.es\\\/index.php\\\/2023\\\/09\\\/27\\\/la-armada-presenta-las-actividades-que-complementaran-la-jura-de-bandera-para-personal-civil-en-aguilas\\\/\"},\"wordCount\":453,\"commentCount\":0,\"image\":{\"@id\":\"https:\\\/\\\/arealorcaradio.es\\\/index.php\\\/2023\\\/09\\\/27\\\/la-armada-presenta-las-actividades-que-complementaran-la-jura-de-bandera-para-personal-civil-en-aguilas\\\/#primaryimage\"},\"thumbnailUrl\":\"https:\\\/\\\/arealorcaradio.es\\\/wp-content\\\/uploads\\\/2023\\\/09\\\/IMG_6206-scaled.jpg\",\"articleSection\":[\"\u00c1GUILAS\"],\"inLanguage\":\"es\",\"potentialAction\":[{\"@type\":\"CommentAction\",\"name\":\"Comment\",\"target\":[\"https:\\\/\\\/arealorcaradio.es\\\/index.php\\\/2023\\\/09\\\/27\\\/la-armada-presenta-las-actividades-que-complementaran-la-jura-de-bandera-para-personal-civil-en-aguilas\\\/#respond\"]}]},{\"@type\":\"WebPage\",\"@id\":\"https:\\\/\\\/arealorcaradio.es\\\/index.php\\\/2023\\\/09\\\/27\\\/la-armada-presenta-las-actividades-que-complementaran-la-jura-de-bandera-para-personal-civil-en-aguilas\\\/\",\"url\":\"https:\\\/\\\/arealorcaradio.es\\\/index.php\\\/2023\\\/09\\\/27\\\/la-armada-presenta-las-actividades-que-complementaran-la-jura-de-bandera-para-personal-civil-en-aguilas\\\/\",\"name\":\"La Armada presenta las actividades que complementar\u00e1n la Jura de Bandera para Personal Civil en \u00c1guilas - AREA LORCA RADIO\",\"isPartOf\":{\"@id\":\"https:\\\/\\\/arealorcaradio.es\\\/#website\"},\"primaryImageOfPage\":{\"@id\":\"https:\\\/\\\/arealorcaradio.es\\\/index.php\\\/2023\\\/09\\\/27\\\/la-armada-presenta-las-actividades-que-complementaran-la-jura-de-bandera-para-personal-civil-en-aguilas\\\/#primaryimage\"},\"image\":{\"@id\":\"https:\\\/\\\/arealorcaradio.es\\\/index.php\\\/2023\\\/09\\\/27\\\/la-armada-presenta-las-actividades-que-complementaran-la-jura-de-bandera-para-personal-civil-en-aguilas\\\/#primaryimage\"},\"thumbnailUrl\":\"https:\\\/\\\/arealorcaradio.es\\\/wp-content\\\/uploads\\\/2023\\\/09\\\/IMG_6206-scaled.jpg\",\"datePublished\":\"2023-09-27T07:44:02+00:00\",\"author\":{\"@id\":\"https:\\\/\\\/arealorcaradio.es\\\/#\\\/schema\\\/person\\\/9fae605fc25b0f2c83c1ab207139bd27\"},\"breadcrumb\":{\"@id\":\"https:\\\/\\\/arealorcaradio.es\\\/index.php\\\/2023\\\/09\\\/27\\\/la-armada-presenta-las-actividades-que-complementaran-la-jura-de-bandera-para-personal-civil-en-aguilas\\\/#breadcrumb\"},\"inLanguage\":\"es\",\"potentialAction\":[{\"@type\":\"ReadAction\",\"target\":[\"https:\\\/\\\/arealorcaradio.es\\\/index.php\\\/2023\\\/09\\\/27\\\/la-armada-presenta-las-actividades-que-complementaran-la-jura-de-bandera-para-personal-civil-en-aguilas\\\/\"]}]},{\"@type\":\"ImageObject\",\"inLanguage\":\"es\",\"@id\":\"https:\\\/\\\/arealorcaradio.es\\\/index.php\\\/2023\\\/09\\\/27\\\/la-armada-presenta-las-actividades-que-complementaran-la-jura-de-bandera-para-personal-civil-en-aguilas\\\/#primaryimage\",\"url\":\"https:\\\/\\\/arealorcaradio.es\\\/wp-content\\\/uploads\\\/2023\\\/09\\\/IMG_6206-scaled.jpg\",\"contentUrl\":\"https:\\\/\\\/arealorcaradio.es\\\/wp-content\\\/uploads\\\/2023\\\/09\\\/IMG_6206-scaled.jpg\",\"width\":2560,\"height\":1920},{\"@type\":\"BreadcrumbList\",\"@id\":\"https:\\\/\\\/arealorcaradio.es\\\/index.php\\\/2023\\\/09\\\/27\\\/la-armada-presenta-las-actividades-que-complementaran-la-jura-de-bandera-para-personal-civil-en-aguilas\\\/#breadcrumb\",\"itemListElement\":[{\"@type\":\"ListItem\",\"position\":1,\"name\":\"Portada\",\"item\":\"https:\\\/\\\/arealorcaradio.es\\\/\"},{\"@type\":\"ListItem\",\"position\":2,\"name\":\"La Armada presenta las actividades que complementar\u00e1n la Jura de Bandera para Personal Civil en \u00c1guilas\"}]},{\"@type\":\"WebSite\",\"@id\":\"https:\\\/\\\/arealorcaradio.es\\\/#website\",\"url\":\"https:\\\/\\\/arealorcaradio.es\\\/\",\"name\":\"AREA LORCA RADIO\",\"description\":\"Descubre la programaci\u00f3n actual en \u00c1rea Lorca Radio, tu fuente de entrenamiento y noticias locales. Sintoniza ahora y mantente conectado online.\",\"potentialAction\":[{\"@type\":\"SearchAction\",\"target\":{\"@type\":\"EntryPoint\",\"urlTemplate\":\"https:\\\/\\\/arealorcaradio.es\\\/?s={search_term_string}\"},\"query-input\":{\"@type\":\"PropertyValueSpecification\",\"valueRequired\":true,\"valueName\":\"search_term_string\"}}],\"inLanguage\":\"es\"},{\"@type\":\"Person\",\"@id\":\"https:\\\/\\\/arealorcaradio.es\\\/#\\\/schema\\\/person\\\/9fae605fc25b0f2c83c1ab207139bd27\",\"name\":\"Paco S\u00e1nchez\",\"image\":{\"@type\":\"ImageObject\",\"inLanguage\":\"es\",\"@id\":\"https:\\\/\\\/secure.gravatar.com\\\/avatar\\\/d67144e966420fb74aa84c9f2a0103be4724fd14db52b52d3b6bca749f257e79?s=96&d=mm&r=g\",\"url\":\"https:\\\/\\\/secure.gravatar.com\\\/avatar\\\/d67144e966420fb74aa84c9f2a0103be4724fd14db52b52d3b6bca749f257e79?s=96&d=mm&r=g\",\"contentUrl\":\"https:\\\/\\\/secure.gravatar.com\\\/avatar\\\/d67144e966420fb74aa84c9f2a0103be4724fd14db52b52d3b6bca749f257e79?s=96&d=mm&r=g\",\"caption\":\"Paco S\u00e1nchez\"},\"sameAs\":[\"https:\\\/\\\/arealorcaradio.es\"],\"url\":\"https:\\\/\\\/arealorcaradio.es\\\/index.php\\\/author\\\/admin_alorcaradio\\\/\"}]}<\/script>\n<!-- \/ Yoast SEO plugin. -->","yoast_head_json":{"title":"La Armada presenta las actividades que complementar\u00e1n la Jura de Bandera para Personal Civil en \u00c1guilas - AREA LORCA RADIO","robots":{"index":"index","follow":"follow","max-snippet":"max-snippet:-1","max-image-preview":"max-image-preview:large","max-video-preview":"max-video-preview:-1"},"canonical":"https:\/\/arealorcaradio.es\/index.php\/2023\/09\/27\/la-armada-presenta-las-actividades-que-complementaran-la-jura-de-bandera-para-personal-civil-en-aguilas\/","og_locale":"es_ES","og_type":"article","og_title":"La Armada presenta las actividades que complementar\u00e1n la Jura de Bandera para Personal Civil en \u00c1guilas - AREA LORCA RADIO","og_description":"\u00c1REA LORCA RADIO. La celebraci\u00f3n de este acto solemne fue solicitada al Almirante Jefe del Estado Mayor de la Armada por la alcaldesa de \u00c1guilas, Mari Carmen Moreno, que ha ofrecido una rueda de prensa, junto al Comandante Naval de Cartagena, Juan Carlos P\u00e9rez Guerrero, para explicar el programa de actos que la Armada ha [&hellip;]","og_url":"https:\/\/arealorcaradio.es\/index.php\/2023\/09\/27\/la-armada-presenta-las-actividades-que-complementaran-la-jura-de-bandera-para-personal-civil-en-aguilas\/","og_site_name":"AREA LORCA RADIO","article_published_time":"2023-09-27T07:44:02+00:00","og_image":[{"width":2560,"height":1920,"url":"https:\/\/arealorcaradio.es\/wp-content\/uploads\/2023\/09\/IMG_6206-scaled.jpg","type":"image\/jpeg"}],"author":"Paco S\u00e1nchez","twitter_card":"summary_large_image","twitter_misc":{"Escrito por":"Paco S\u00e1nchez","Tiempo de lectura":"2 minutos"},"schema":{"@context":"https:\/\/schema.org","@graph":[{"@type":"Article","@id":"https:\/\/arealorcaradio.es\/index.php\/2023\/09\/27\/la-armada-presenta-las-actividades-que-complementaran-la-jura-de-bandera-para-personal-civil-en-aguilas\/#article","isPartOf":{"@id":"https:\/\/arealorcaradio.es\/index.php\/2023\/09\/27\/la-armada-presenta-las-actividades-que-complementaran-la-jura-de-bandera-para-personal-civil-en-aguilas\/"},"author":{"name":"Paco S\u00e1nchez","@id":"https:\/\/arealorcaradio.es\/#\/schema\/person\/9fae605fc25b0f2c83c1ab207139bd27"},"headline":"La Armada presenta las actividades que complementar\u00e1n la Jura de Bandera para Personal Civil en \u00c1guilas","datePublished":"2023-09-27T07:44:02+00:00","mainEntityOfPage":{"@id":"https:\/\/arealorcaradio.es\/index.php\/2023\/09\/27\/la-armada-presenta-las-actividades-que-complementaran-la-jura-de-bandera-para-personal-civil-en-aguilas\/"},"wordCount":453,"commentCount":0,"image":{"@id":"https:\/\/arealorcaradio.es\/index.php\/2023\/09\/27\/la-armada-presenta-las-actividades-que-complementaran-la-jura-de-bandera-para-personal-civil-en-aguilas\/#primaryimage"},"thumbnailUrl":"https:\/\/arealorcaradio.es\/wp-content\/uploads\/2023\/09\/IMG_6206-scaled.jpg","articleSection":["\u00c1GUILAS"],"inLanguage":"es","potentialAction":[{"@type":"CommentAction","name":"Comment","target":["https:\/\/arealorcaradio.es\/index.php\/2023\/09\/27\/la-armada-presenta-las-actividades-que-complementaran-la-jura-de-bandera-para-personal-civil-en-aguilas\/#respond"]}]},{"@type":"WebPage","@id":"https:\/\/arealorcaradio.es\/index.php\/2023\/09\/27\/la-armada-presenta-las-actividades-que-complementaran-la-jura-de-bandera-para-personal-civil-en-aguilas\/","url":"https:\/\/arealorcaradio.es\/index.php\/2023\/09\/27\/la-armada-presenta-las-actividades-que-complementaran-la-jura-de-bandera-para-personal-civil-en-aguilas\/","name":"La Armada presenta las actividades que complementar\u00e1n la Jura de Bandera para Personal Civil en \u00c1guilas - AREA LORCA RADIO","isPartOf":{"@id":"https:\/\/arealorcaradio.es\/#website"},"primaryImageOfPage":{"@id":"https:\/\/arealorcaradio.es\/index.php\/2023\/09\/27\/la-armada-presenta-las-actividades-que-complementaran-la-jura-de-bandera-para-personal-civil-en-aguilas\/#primaryimage"},"image":{"@id":"https:\/\/arealorcaradio.es\/index.php\/2023\/09\/27\/la-armada-presenta-las-actividades-que-complementaran-la-jura-de-bandera-para-personal-civil-en-aguilas\/#primaryimage"},"thumbnailUrl":"https:\/\/arealorcaradio.es\/wp-content\/uploads\/2023\/09\/IMG_6206-scaled.jpg","datePublished":"2023-09-27T07:44:02+00:00","author":{"@id":"https:\/\/arealorcaradio.es\/#\/schema\/person\/9fae605fc25b0f2c83c1ab207139bd27"},"breadcrumb":{"@id":"https:\/\/arealorcaradio.es\/index.php\/2023\/09\/27\/la-armada-presenta-las-actividades-que-complementaran-la-jura-de-bandera-para-personal-civil-en-aguilas\/#breadcrumb"},"inLanguage":"es","potentialAction":[{"@type":"ReadAction","target":["https:\/\/arealorcaradio.es\/index.php\/2023\/09\/27\/la-armada-presenta-las-actividades-que-complementaran-la-jura-de-bandera-para-personal-civil-en-aguilas\/"]}]},{"@type":"ImageObject","inLanguage":"es","@id":"https:\/\/arealorcaradio.es\/index.php\/2023\/09\/27\/la-armada-presenta-las-actividades-que-complementaran-la-jura-de-bandera-para-personal-civil-en-aguilas\/#primaryimage","url":"https:\/\/arealorcaradio.es\/wp-content\/uploads\/2023\/09\/IMG_6206-scaled.jpg","contentUrl":"https:\/\/arealorcaradio.es\/wp-content\/uploads\/2023\/09\/IMG_6206-scaled.jpg","width":2560,"height":1920},{"@type":"BreadcrumbList","@id":"https:\/\/arealorcaradio.es\/index.php\/2023\/09\/27\/la-armada-presenta-las-actividades-que-complementaran-la-jura-de-bandera-para-personal-civil-en-aguilas\/#breadcrumb","itemListElement":[{"@type":"ListItem","position":1,"name":"Portada","item":"https:\/\/arealorcaradio.es\/"},{"@type":"ListItem","position":2,"name":"La Armada presenta las actividades que complementar\u00e1n la Jura de Bandera para Personal Civil en \u00c1guilas"}]},{"@type":"WebSite","@id":"https:\/\/arealorcaradio.es\/#website","url":"https:\/\/arealorcaradio.es\/","name":"AREA LORCA RADIO","description":"Descubre la programaci\u00f3n actual en \u00c1rea Lorca Radio, tu fuente de entrenamiento y noticias locales. Sintoniza ahora y mantente conectado online.","potentialAction":[{"@type":"SearchAction","target":{"@type":"EntryPoint","urlTemplate":"https:\/\/arealorcaradio.es\/?s={search_term_string}"},"query-input":{"@type":"PropertyValueSpecification","valueRequired":true,"valueName":"search_term_string"}}],"inLanguage":"es"},{"@type":"Person","@id":"https:\/\/arealorcaradio.es\/#\/schema\/person\/9fae605fc25b0f2c83c1ab207139bd27","name":"Paco S\u00e1nchez","image":{"@type":"ImageObject","inLanguage":"es","@id":"https:\/\/secure.gravatar.com\/avatar\/d67144e966420fb74aa84c9f2a0103be4724fd14db52b52d3b6bca749f257e79?s=96&d=mm&r=g","url":"https:\/\/secure.gravatar.com\/avatar\/d67144e966420fb74aa84c9f2a0103be4724fd14db52b52d3b6bca749f257e79?s=96&d=mm&r=g","contentUrl":"https:\/\/secure.gravatar.com\/avatar\/d67144e966420fb74aa84c9f2a0103be4724fd14db52b52d3b6bca749f257e79?s=96&d=mm&r=g","caption":"Paco S\u00e1nchez"},"sameAs":["https:\/\/arealorcaradio.es"],"url":"https:\/\/arealorcaradio.es\/index.php\/author\/admin_alorcaradio\/"}]}},"_links":{"self":[{"href":"https:\/\/arealorcaradio.es\/index.php\/wp-json\/wp\/v2\/posts\/1514","targetHints":{"allow":["GET"]}}],"collection":[{"href":"https:\/\/arealorcaradio.es\/index.php\/wp-json\/wp\/v2\/posts"}],"about":[{"href":"https:\/\/arealorcaradio.es\/index.php\/wp-json\/wp\/v2\/types\/post"}],"author":[{"embeddable":true,"href":"https:\/\/arealorcaradio.es\/index.php\/wp-json\/wp\/v2\/users\/1"}],"replies":[{"embeddable":true,"href":"https:\/\/arealorcaradio.es\/index.php\/wp-json\/wp\/v2\/comments?post=1514"}],"version-history":[{"count":2,"href":"https:\/\/arealorcaradio.es\/index.php\/wp-json\/wp\/v2\/posts\/1514\/revisions"}],"predecessor-version":[{"id":1518,"href":"https:\/\/arealorcaradio.es\/index.php\/wp-json\/wp\/v2\/posts\/1514\/revisions\/1518"}],"wp:featuredmedia":[{"embeddable":true,"href":"https:\/\/arealorcaradio.es\/index.php\/wp-json\/wp\/v2\/media\/1516"}],"wp:attachment":[{"href":"https:\/\/arealorcaradio.es\/index.php\/wp-json\/wp\/v2\/media?parent=1514"}],"wp:term":[{"taxonomy":"category","embeddable":true,"href":"https:\/\/arealorcaradio.es\/index.php\/wp-json\/wp\/v2\/categories?post=1514"},{"taxonomy":"post_tag","embeddable":true,"href":"https:\/\/arealorcaradio.es\/index.php\/wp-json\/wp\/v2\/tags?post=1514"}],"curies":[{"name":"wp","href":"https:\/\/api.w.org\/{rel}","templated":true}]}}