{"id":1505,"date":"2023-09-27T07:27:21","date_gmt":"2023-09-27T07:27:21","guid":{"rendered":"https:\/\/arealorcaradio.es\/?p=1505"},"modified":"2023-09-27T07:30:39","modified_gmt":"2023-09-27T07:30:39","slug":"el-teatro-guerra-acoge-el-sabado-la-representacion-de-la-obra-la-estafa-en-beneficio-de-la-asociacion-princesa-rett","status":"publish","type":"post","link":"https:\/\/arealorcaradio.es\/index.php\/2023\/09\/27\/el-teatro-guerra-acoge-el-sabado-la-representacion-de-la-obra-la-estafa-en-beneficio-de-la-asociacion-princesa-rett\/","title":{"rendered":"El Teatro Guerra acoge el s\u00e1bado la representaci\u00f3n de la obra \u201cLa Estafa\u201d en beneficio de la Asociaci\u00f3n Princesa Rett"},"content":{"rendered":"<p>\u00c1REA LORCA RADIO.<\/p>\n<p style=\"font-weight: 400;\">El Teatro Guerra se llenar\u00e1 de solidaridad y entretenimiento en la noche del pr\u00f3ximo s\u00e1bado con la representaci\u00f3n de la obra de teatro \u201cLa Estafa\u201d.<\/p>\n<p style=\"font-weight: 400;\">\u201cLa Estafa\u201d ser\u00e1 interpretada el pr\u00f3ximo s\u00e1bado, 30 de septiembre, a las 20 horas por el grupo de teatro \u201cLas Caretas,\u201d perteneciente al Paso Azul de Lorca.<\/p>\n<p><img loading=\"lazy\" decoding=\"async\" class=\"alignnone size-medium wp-image-1509\" src=\"https:\/\/arealorcaradio.es\/wp-content\/uploads\/2023\/09\/TEATRO-300x200.jpeg\" alt=\"\" width=\"300\" height=\"200\" srcset=\"https:\/\/arealorcaradio.es\/wp-content\/uploads\/2023\/09\/TEATRO-300x200.jpeg 300w, https:\/\/arealorcaradio.es\/wp-content\/uploads\/2023\/09\/TEATRO-1024x682.jpeg 1024w, https:\/\/arealorcaradio.es\/wp-content\/uploads\/2023\/09\/TEATRO-768x512.jpeg 768w, https:\/\/arealorcaradio.es\/wp-content\/uploads\/2023\/09\/TEATRO-1536x1023.jpeg 1536w, https:\/\/arealorcaradio.es\/wp-content\/uploads\/2023\/09\/TEATRO.jpeg 1600w\" sizes=\"auto, (max-width: 300px) 100vw, 300px\" \/><\/p>\n<p style=\"font-weight: 400;\">En esta obra esc\u00e9nica participar\u00e1n 11 actores y actrices que nos volver\u00e1n a sorprender con sus dotes art\u00edsticas, como ya han hecho en otras ocasiones cuando han representado piezas teatrales como La Noche del Tenorio o \u201cLa Venganza de Don Mendo\u201d.<\/p>\n<p style=\"font-weight: 400;\">Esta representaci\u00f3n, una obra original de Vicente S\u00e1nchez del Rey, promete una experiencia teatral \u00fanica para los espectadores.\u00a0La Pepa, el Mecha, el Gamba, el conde, el var\u00f3n, la varonesa o el palafrenero nos adentrar\u00e1n en la historia de una Condesa viuda que contacta con una m\u00e9dium para intentar localizar el cuerpo de su difunto marido. El problema es que se trata de una falsa m\u00e9dium que, junto a sus dos compinches, preparan meticulosamente una estafa pero las cosas se van complicando por momentos y todo se desv\u00eda a un final completamente inesperado.<\/p>\n<p style=\"font-weight: 400;\">Las entradas para este evento ben\u00e9fico se encuentran disponibles por tan solo 7 euros y pueden adquirirse en el Museo Azul de la Semana Santa (MASS) o en las taquillas del Teatro. Adem\u00e1s, para aquellos que deseen contribuir con la Asociaci\u00f3n Princesa Rett y no puedan asistir al evento, se ha habilitado una fila 0.<\/p>\n<p style=\"font-weight: 400;\">Las donaciones pueden realizarse a trav\u00e9s del n\u00famero de cuenta <strong>ES13 2100 1982 8202 0059 8373<\/strong><\/p>\n<audio class=\"wp-audio-shortcode\" id=\"audio-1505-1\" preload=\"none\" style=\"width: 100%;\" controls=\"controls\"><source type=\"audio\/mpeg\" src=\"https:\/\/arealorcaradio.es\/wp-content\/uploads\/2023\/09\/260923-DANIEL-GARCIA.-MI-PRINCESA-RETT.mp3?_=1\" \/><a href=\"https:\/\/arealorcaradio.es\/wp-content\/uploads\/2023\/09\/260923-DANIEL-GARCIA.-MI-PRINCESA-RETT.mp3\">https:\/\/arealorcaradio.es\/wp-content\/uploads\/2023\/09\/260923-DANIEL-GARCIA.-MI-PRINCESA-RETT.mp3<\/a><\/audio>\n","protected":false},"excerpt":{"rendered":"<p>\u00c1REA LORCA RADIO. El Teatro Guerra se llenar\u00e1 de solidaridad y entretenimiento en la noche del pr\u00f3ximo s\u00e1bado con la representaci\u00f3n de la obra de teatro \u201cLa Estafa\u201d. \u201cLa Estafa\u201d ser\u00e1 interpretada el pr\u00f3ximo s\u00e1bado, 30 de septiembre, a las 20 horas por el grupo de teatro \u201cLas Caretas,\u201d perteneciente al Paso Azul de Lorca. [&hellip;]<\/p>\n","protected":false},"author":1,"featured_media":1508,"comment_status":"open","ping_status":"open","sticky":false,"template":"","format":"standard","meta":{"iawp_total_views":3,"footnotes":""},"categories":[5,7],"tags":[],"class_list":["post-1505","post","type-post","status-publish","format-standard","has-post-thumbnail","hentry","category-actualidad","category-lorca"],"yoast_head":"<!-- This site is optimized with the Yoast SEO plugin v27.5 - https:\/\/yoast.com\/product\/yoast-seo-wordpress\/ -->\n<title>El Teatro Guerra acoge el s\u00e1bado la representaci\u00f3n de la obra \u201cLa Estafa\u201d en beneficio de la Asociaci\u00f3n Princesa Rett - AREA LORCA RADIO<\/title>\n<meta name=\"robots\" content=\"index, follow, max-snippet:-1, max-image-preview:large, max-video-preview:-1\" \/>\n<link rel=\"canonical\" href=\"https:\/\/arealorcaradio.es\/index.php\/2023\/09\/27\/el-teatro-guerra-acoge-el-sabado-la-representacion-de-la-obra-la-estafa-en-beneficio-de-la-asociacion-princesa-rett\/\" \/>\n<meta property=\"og:locale\" content=\"es_ES\" \/>\n<meta property=\"og:type\" content=\"article\" \/>\n<meta property=\"og:title\" content=\"El Teatro Guerra acoge el s\u00e1bado la representaci\u00f3n de la obra \u201cLa Estafa\u201d en beneficio de la Asociaci\u00f3n Princesa Rett - AREA LORCA RADIO\" \/>\n<meta property=\"og:description\" content=\"\u00c1REA LORCA RADIO. El Teatro Guerra se llenar\u00e1 de solidaridad y entretenimiento en la noche del pr\u00f3ximo s\u00e1bado con la representaci\u00f3n de la obra de teatro \u201cLa Estafa\u201d. \u201cLa Estafa\u201d ser\u00e1 interpretada el pr\u00f3ximo s\u00e1bado, 30 de septiembre, a las 20 horas por el grupo de teatro \u201cLas Caretas,\u201d perteneciente al Paso Azul de Lorca. [&hellip;]\" \/>\n<meta property=\"og:url\" content=\"https:\/\/arealorcaradio.es\/index.php\/2023\/09\/27\/el-teatro-guerra-acoge-el-sabado-la-representacion-de-la-obra-la-estafa-en-beneficio-de-la-asociacion-princesa-rett\/\" \/>\n<meta property=\"og:site_name\" content=\"AREA LORCA RADIO\" \/>\n<meta property=\"article:published_time\" content=\"2023-09-27T07:27:21+00:00\" \/>\n<meta property=\"article:modified_time\" content=\"2023-09-27T07:30:39+00:00\" \/>\n<meta property=\"og:image\" content=\"https:\/\/arealorcaradio.es\/wp-content\/uploads\/2023\/09\/20230926_175802-scaled.jpg\" \/>\n\t<meta property=\"og:image:width\" content=\"2560\" \/>\n\t<meta property=\"og:image:height\" content=\"1920\" \/>\n\t<meta property=\"og:image:type\" content=\"image\/jpeg\" \/>\n<meta name=\"author\" content=\"Paco S\u00e1nchez\" \/>\n<meta name=\"twitter:card\" content=\"summary_large_image\" \/>\n<meta name=\"twitter:label1\" content=\"Escrito por\" \/>\n\t<meta name=\"twitter:data1\" content=\"Paco S\u00e1nchez\" \/>\n\t<meta name=\"twitter:label2\" content=\"Tiempo de lectura\" \/>\n\t<meta name=\"twitter:data2\" content=\"2 minutos\" \/>\n<script type=\"application\/ld+json\" class=\"yoast-schema-graph\">{\"@context\":\"https:\\\/\\\/schema.org\",\"@graph\":[{\"@type\":\"Article\",\"@id\":\"https:\\\/\\\/arealorcaradio.es\\\/index.php\\\/2023\\\/09\\\/27\\\/el-teatro-guerra-acoge-el-sabado-la-representacion-de-la-obra-la-estafa-en-beneficio-de-la-asociacion-princesa-rett\\\/#article\",\"isPartOf\":{\"@id\":\"https:\\\/\\\/arealorcaradio.es\\\/index.php\\\/2023\\\/09\\\/27\\\/el-teatro-guerra-acoge-el-sabado-la-representacion-de-la-obra-la-estafa-en-beneficio-de-la-asociacion-princesa-rett\\\/\"},\"author\":{\"name\":\"Paco S\u00e1nchez\",\"@id\":\"https:\\\/\\\/arealorcaradio.es\\\/#\\\/schema\\\/person\\\/9fae605fc25b0f2c83c1ab207139bd27\"},\"headline\":\"El Teatro Guerra acoge el s\u00e1bado la representaci\u00f3n de la obra \u201cLa Estafa\u201d en beneficio de la Asociaci\u00f3n Princesa Rett\",\"datePublished\":\"2023-09-27T07:27:21+00:00\",\"dateModified\":\"2023-09-27T07:30:39+00:00\",\"mainEntityOfPage\":{\"@id\":\"https:\\\/\\\/arealorcaradio.es\\\/index.php\\\/2023\\\/09\\\/27\\\/el-teatro-guerra-acoge-el-sabado-la-representacion-de-la-obra-la-estafa-en-beneficio-de-la-asociacion-princesa-rett\\\/\"},\"wordCount\":305,\"commentCount\":0,\"image\":{\"@id\":\"https:\\\/\\\/arealorcaradio.es\\\/index.php\\\/2023\\\/09\\\/27\\\/el-teatro-guerra-acoge-el-sabado-la-representacion-de-la-obra-la-estafa-en-beneficio-de-la-asociacion-princesa-rett\\\/#primaryimage\"},\"thumbnailUrl\":\"https:\\\/\\\/arealorcaradio.es\\\/wp-content\\\/uploads\\\/2023\\\/09\\\/20230926_175802-scaled.jpg\",\"articleSection\":[\"ACTUALIDAD\",\"LORCA\"],\"inLanguage\":\"es\",\"potentialAction\":[{\"@type\":\"CommentAction\",\"name\":\"Comment\",\"target\":[\"https:\\\/\\\/arealorcaradio.es\\\/index.php\\\/2023\\\/09\\\/27\\\/el-teatro-guerra-acoge-el-sabado-la-representacion-de-la-obra-la-estafa-en-beneficio-de-la-asociacion-princesa-rett\\\/#respond\"]}]},{\"@type\":\"WebPage\",\"@id\":\"https:\\\/\\\/arealorcaradio.es\\\/index.php\\\/2023\\\/09\\\/27\\\/el-teatro-guerra-acoge-el-sabado-la-representacion-de-la-obra-la-estafa-en-beneficio-de-la-asociacion-princesa-rett\\\/\",\"url\":\"https:\\\/\\\/arealorcaradio.es\\\/index.php\\\/2023\\\/09\\\/27\\\/el-teatro-guerra-acoge-el-sabado-la-representacion-de-la-obra-la-estafa-en-beneficio-de-la-asociacion-princesa-rett\\\/\",\"name\":\"El Teatro Guerra acoge el s\u00e1bado la representaci\u00f3n de la obra \u201cLa Estafa\u201d en beneficio de la Asociaci\u00f3n Princesa Rett - AREA LORCA RADIO\",\"isPartOf\":{\"@id\":\"https:\\\/\\\/arealorcaradio.es\\\/#website\"},\"primaryImageOfPage\":{\"@id\":\"https:\\\/\\\/arealorcaradio.es\\\/index.php\\\/2023\\\/09\\\/27\\\/el-teatro-guerra-acoge-el-sabado-la-representacion-de-la-obra-la-estafa-en-beneficio-de-la-asociacion-princesa-rett\\\/#primaryimage\"},\"image\":{\"@id\":\"https:\\\/\\\/arealorcaradio.es\\\/index.php\\\/2023\\\/09\\\/27\\\/el-teatro-guerra-acoge-el-sabado-la-representacion-de-la-obra-la-estafa-en-beneficio-de-la-asociacion-princesa-rett\\\/#primaryimage\"},\"thumbnailUrl\":\"https:\\\/\\\/arealorcaradio.es\\\/wp-content\\\/uploads\\\/2023\\\/09\\\/20230926_175802-scaled.jpg\",\"datePublished\":\"2023-09-27T07:27:21+00:00\",\"dateModified\":\"2023-09-27T07:30:39+00:00\",\"author\":{\"@id\":\"https:\\\/\\\/arealorcaradio.es\\\/#\\\/schema\\\/person\\\/9fae605fc25b0f2c83c1ab207139bd27\"},\"breadcrumb\":{\"@id\":\"https:\\\/\\\/arealorcaradio.es\\\/index.php\\\/2023\\\/09\\\/27\\\/el-teatro-guerra-acoge-el-sabado-la-representacion-de-la-obra-la-estafa-en-beneficio-de-la-asociacion-princesa-rett\\\/#breadcrumb\"},\"inLanguage\":\"es\",\"potentialAction\":[{\"@type\":\"ReadAction\",\"target\":[\"https:\\\/\\\/arealorcaradio.es\\\/index.php\\\/2023\\\/09\\\/27\\\/el-teatro-guerra-acoge-el-sabado-la-representacion-de-la-obra-la-estafa-en-beneficio-de-la-asociacion-princesa-rett\\\/\"]}]},{\"@type\":\"ImageObject\",\"inLanguage\":\"es\",\"@id\":\"https:\\\/\\\/arealorcaradio.es\\\/index.php\\\/2023\\\/09\\\/27\\\/el-teatro-guerra-acoge-el-sabado-la-representacion-de-la-obra-la-estafa-en-beneficio-de-la-asociacion-princesa-rett\\\/#primaryimage\",\"url\":\"https:\\\/\\\/arealorcaradio.es\\\/wp-content\\\/uploads\\\/2023\\\/09\\\/20230926_175802-scaled.jpg\",\"contentUrl\":\"https:\\\/\\\/arealorcaradio.es\\\/wp-content\\\/uploads\\\/2023\\\/09\\\/20230926_175802-scaled.jpg\",\"width\":2560,\"height\":1920},{\"@type\":\"BreadcrumbList\",\"@id\":\"https:\\\/\\\/arealorcaradio.es\\\/index.php\\\/2023\\\/09\\\/27\\\/el-teatro-guerra-acoge-el-sabado-la-representacion-de-la-obra-la-estafa-en-beneficio-de-la-asociacion-princesa-rett\\\/#breadcrumb\",\"itemListElement\":[{\"@type\":\"ListItem\",\"position\":1,\"name\":\"Portada\",\"item\":\"https:\\\/\\\/arealorcaradio.es\\\/\"},{\"@type\":\"ListItem\",\"position\":2,\"name\":\"El Teatro Guerra acoge el s\u00e1bado la representaci\u00f3n de la obra \u201cLa Estafa\u201d en beneficio de la Asociaci\u00f3n Princesa Rett\"}]},{\"@type\":\"WebSite\",\"@id\":\"https:\\\/\\\/arealorcaradio.es\\\/#website\",\"url\":\"https:\\\/\\\/arealorcaradio.es\\\/\",\"name\":\"AREA LORCA RADIO\",\"description\":\"Descubre la programaci\u00f3n actual en \u00c1rea Lorca Radio, tu fuente de entrenamiento y noticias locales. Sintoniza ahora y mantente conectado online.\",\"potentialAction\":[{\"@type\":\"SearchAction\",\"target\":{\"@type\":\"EntryPoint\",\"urlTemplate\":\"https:\\\/\\\/arealorcaradio.es\\\/?s={search_term_string}\"},\"query-input\":{\"@type\":\"PropertyValueSpecification\",\"valueRequired\":true,\"valueName\":\"search_term_string\"}}],\"inLanguage\":\"es\"},{\"@type\":\"Person\",\"@id\":\"https:\\\/\\\/arealorcaradio.es\\\/#\\\/schema\\\/person\\\/9fae605fc25b0f2c83c1ab207139bd27\",\"name\":\"Paco S\u00e1nchez\",\"image\":{\"@type\":\"ImageObject\",\"inLanguage\":\"es\",\"@id\":\"https:\\\/\\\/secure.gravatar.com\\\/avatar\\\/d67144e966420fb74aa84c9f2a0103be4724fd14db52b52d3b6bca749f257e79?s=96&d=mm&r=g\",\"url\":\"https:\\\/\\\/secure.gravatar.com\\\/avatar\\\/d67144e966420fb74aa84c9f2a0103be4724fd14db52b52d3b6bca749f257e79?s=96&d=mm&r=g\",\"contentUrl\":\"https:\\\/\\\/secure.gravatar.com\\\/avatar\\\/d67144e966420fb74aa84c9f2a0103be4724fd14db52b52d3b6bca749f257e79?s=96&d=mm&r=g\",\"caption\":\"Paco S\u00e1nchez\"},\"sameAs\":[\"https:\\\/\\\/arealorcaradio.es\"],\"url\":\"https:\\\/\\\/arealorcaradio.es\\\/index.php\\\/author\\\/admin_alorcaradio\\\/\"}]}<\/script>\n<!-- \/ Yoast SEO plugin. -->","yoast_head_json":{"title":"El Teatro Guerra acoge el s\u00e1bado la representaci\u00f3n de la obra \u201cLa Estafa\u201d en beneficio de la Asociaci\u00f3n Princesa Rett - AREA LORCA RADIO","robots":{"index":"index","follow":"follow","max-snippet":"max-snippet:-1","max-image-preview":"max-image-preview:large","max-video-preview":"max-video-preview:-1"},"canonical":"https:\/\/arealorcaradio.es\/index.php\/2023\/09\/27\/el-teatro-guerra-acoge-el-sabado-la-representacion-de-la-obra-la-estafa-en-beneficio-de-la-asociacion-princesa-rett\/","og_locale":"es_ES","og_type":"article","og_title":"El Teatro Guerra acoge el s\u00e1bado la representaci\u00f3n de la obra \u201cLa Estafa\u201d en beneficio de la Asociaci\u00f3n Princesa Rett - AREA LORCA RADIO","og_description":"\u00c1REA LORCA RADIO. El Teatro Guerra se llenar\u00e1 de solidaridad y entretenimiento en la noche del pr\u00f3ximo s\u00e1bado con la representaci\u00f3n de la obra de teatro \u201cLa Estafa\u201d. \u201cLa Estafa\u201d ser\u00e1 interpretada el pr\u00f3ximo s\u00e1bado, 30 de septiembre, a las 20 horas por el grupo de teatro \u201cLas Caretas,\u201d perteneciente al Paso Azul de Lorca. [&hellip;]","og_url":"https:\/\/arealorcaradio.es\/index.php\/2023\/09\/27\/el-teatro-guerra-acoge-el-sabado-la-representacion-de-la-obra-la-estafa-en-beneficio-de-la-asociacion-princesa-rett\/","og_site_name":"AREA LORCA RADIO","article_published_time":"2023-09-27T07:27:21+00:00","article_modified_time":"2023-09-27T07:30:39+00:00","og_image":[{"width":2560,"height":1920,"url":"https:\/\/arealorcaradio.es\/wp-content\/uploads\/2023\/09\/20230926_175802-scaled.jpg","type":"image\/jpeg"}],"author":"Paco S\u00e1nchez","twitter_card":"summary_large_image","twitter_misc":{"Escrito por":"Paco S\u00e1nchez","Tiempo de lectura":"2 minutos"},"schema":{"@context":"https:\/\/schema.org","@graph":[{"@type":"Article","@id":"https:\/\/arealorcaradio.es\/index.php\/2023\/09\/27\/el-teatro-guerra-acoge-el-sabado-la-representacion-de-la-obra-la-estafa-en-beneficio-de-la-asociacion-princesa-rett\/#article","isPartOf":{"@id":"https:\/\/arealorcaradio.es\/index.php\/2023\/09\/27\/el-teatro-guerra-acoge-el-sabado-la-representacion-de-la-obra-la-estafa-en-beneficio-de-la-asociacion-princesa-rett\/"},"author":{"name":"Paco S\u00e1nchez","@id":"https:\/\/arealorcaradio.es\/#\/schema\/person\/9fae605fc25b0f2c83c1ab207139bd27"},"headline":"El Teatro Guerra acoge el s\u00e1bado la representaci\u00f3n de la obra \u201cLa Estafa\u201d en beneficio de la Asociaci\u00f3n Princesa Rett","datePublished":"2023-09-27T07:27:21+00:00","dateModified":"2023-09-27T07:30:39+00:00","mainEntityOfPage":{"@id":"https:\/\/arealorcaradio.es\/index.php\/2023\/09\/27\/el-teatro-guerra-acoge-el-sabado-la-representacion-de-la-obra-la-estafa-en-beneficio-de-la-asociacion-princesa-rett\/"},"wordCount":305,"commentCount":0,"image":{"@id":"https:\/\/arealorcaradio.es\/index.php\/2023\/09\/27\/el-teatro-guerra-acoge-el-sabado-la-representacion-de-la-obra-la-estafa-en-beneficio-de-la-asociacion-princesa-rett\/#primaryimage"},"thumbnailUrl":"https:\/\/arealorcaradio.es\/wp-content\/uploads\/2023\/09\/20230926_175802-scaled.jpg","articleSection":["ACTUALIDAD","LORCA"],"inLanguage":"es","potentialAction":[{"@type":"CommentAction","name":"Comment","target":["https:\/\/arealorcaradio.es\/index.php\/2023\/09\/27\/el-teatro-guerra-acoge-el-sabado-la-representacion-de-la-obra-la-estafa-en-beneficio-de-la-asociacion-princesa-rett\/#respond"]}]},{"@type":"WebPage","@id":"https:\/\/arealorcaradio.es\/index.php\/2023\/09\/27\/el-teatro-guerra-acoge-el-sabado-la-representacion-de-la-obra-la-estafa-en-beneficio-de-la-asociacion-princesa-rett\/","url":"https:\/\/arealorcaradio.es\/index.php\/2023\/09\/27\/el-teatro-guerra-acoge-el-sabado-la-representacion-de-la-obra-la-estafa-en-beneficio-de-la-asociacion-princesa-rett\/","name":"El Teatro Guerra acoge el s\u00e1bado la representaci\u00f3n de la obra \u201cLa Estafa\u201d en beneficio de la Asociaci\u00f3n Princesa Rett - AREA LORCA RADIO","isPartOf":{"@id":"https:\/\/arealorcaradio.es\/#website"},"primaryImageOfPage":{"@id":"https:\/\/arealorcaradio.es\/index.php\/2023\/09\/27\/el-teatro-guerra-acoge-el-sabado-la-representacion-de-la-obra-la-estafa-en-beneficio-de-la-asociacion-princesa-rett\/#primaryimage"},"image":{"@id":"https:\/\/arealorcaradio.es\/index.php\/2023\/09\/27\/el-teatro-guerra-acoge-el-sabado-la-representacion-de-la-obra-la-estafa-en-beneficio-de-la-asociacion-princesa-rett\/#primaryimage"},"thumbnailUrl":"https:\/\/arealorcaradio.es\/wp-content\/uploads\/2023\/09\/20230926_175802-scaled.jpg","datePublished":"2023-09-27T07:27:21+00:00","dateModified":"2023-09-27T07:30:39+00:00","author":{"@id":"https:\/\/arealorcaradio.es\/#\/schema\/person\/9fae605fc25b0f2c83c1ab207139bd27"},"breadcrumb":{"@id":"https:\/\/arealorcaradio.es\/index.php\/2023\/09\/27\/el-teatro-guerra-acoge-el-sabado-la-representacion-de-la-obra-la-estafa-en-beneficio-de-la-asociacion-princesa-rett\/#breadcrumb"},"inLanguage":"es","potentialAction":[{"@type":"ReadAction","target":["https:\/\/arealorcaradio.es\/index.php\/2023\/09\/27\/el-teatro-guerra-acoge-el-sabado-la-representacion-de-la-obra-la-estafa-en-beneficio-de-la-asociacion-princesa-rett\/"]}]},{"@type":"ImageObject","inLanguage":"es","@id":"https:\/\/arealorcaradio.es\/index.php\/2023\/09\/27\/el-teatro-guerra-acoge-el-sabado-la-representacion-de-la-obra-la-estafa-en-beneficio-de-la-asociacion-princesa-rett\/#primaryimage","url":"https:\/\/arealorcaradio.es\/wp-content\/uploads\/2023\/09\/20230926_175802-scaled.jpg","contentUrl":"https:\/\/arealorcaradio.es\/wp-content\/uploads\/2023\/09\/20230926_175802-scaled.jpg","width":2560,"height":1920},{"@type":"BreadcrumbList","@id":"https:\/\/arealorcaradio.es\/index.php\/2023\/09\/27\/el-teatro-guerra-acoge-el-sabado-la-representacion-de-la-obra-la-estafa-en-beneficio-de-la-asociacion-princesa-rett\/#breadcrumb","itemListElement":[{"@type":"ListItem","position":1,"name":"Portada","item":"https:\/\/arealorcaradio.es\/"},{"@type":"ListItem","position":2,"name":"El Teatro Guerra acoge el s\u00e1bado la representaci\u00f3n de la obra \u201cLa Estafa\u201d en beneficio de la Asociaci\u00f3n Princesa Rett"}]},{"@type":"WebSite","@id":"https:\/\/arealorcaradio.es\/#website","url":"https:\/\/arealorcaradio.es\/","name":"AREA LORCA RADIO","description":"Descubre la programaci\u00f3n actual en \u00c1rea Lorca Radio, tu fuente de entrenamiento y noticias locales. Sintoniza ahora y mantente conectado online.","potentialAction":[{"@type":"SearchAction","target":{"@type":"EntryPoint","urlTemplate":"https:\/\/arealorcaradio.es\/?s={search_term_string}"},"query-input":{"@type":"PropertyValueSpecification","valueRequired":true,"valueName":"search_term_string"}}],"inLanguage":"es"},{"@type":"Person","@id":"https:\/\/arealorcaradio.es\/#\/schema\/person\/9fae605fc25b0f2c83c1ab207139bd27","name":"Paco S\u00e1nchez","image":{"@type":"ImageObject","inLanguage":"es","@id":"https:\/\/secure.gravatar.com\/avatar\/d67144e966420fb74aa84c9f2a0103be4724fd14db52b52d3b6bca749f257e79?s=96&d=mm&r=g","url":"https:\/\/secure.gravatar.com\/avatar\/d67144e966420fb74aa84c9f2a0103be4724fd14db52b52d3b6bca749f257e79?s=96&d=mm&r=g","contentUrl":"https:\/\/secure.gravatar.com\/avatar\/d67144e966420fb74aa84c9f2a0103be4724fd14db52b52d3b6bca749f257e79?s=96&d=mm&r=g","caption":"Paco S\u00e1nchez"},"sameAs":["https:\/\/arealorcaradio.es"],"url":"https:\/\/arealorcaradio.es\/index.php\/author\/admin_alorcaradio\/"}]}},"_links":{"self":[{"href":"https:\/\/arealorcaradio.es\/index.php\/wp-json\/wp\/v2\/posts\/1505","targetHints":{"allow":["GET"]}}],"collection":[{"href":"https:\/\/arealorcaradio.es\/index.php\/wp-json\/wp\/v2\/posts"}],"about":[{"href":"https:\/\/arealorcaradio.es\/index.php\/wp-json\/wp\/v2\/types\/post"}],"author":[{"embeddable":true,"href":"https:\/\/arealorcaradio.es\/index.php\/wp-json\/wp\/v2\/users\/1"}],"replies":[{"embeddable":true,"href":"https:\/\/arealorcaradio.es\/index.php\/wp-json\/wp\/v2\/comments?post=1505"}],"version-history":[{"count":3,"href":"https:\/\/arealorcaradio.es\/index.php\/wp-json\/wp\/v2\/posts\/1505\/revisions"}],"predecessor-version":[{"id":1512,"href":"https:\/\/arealorcaradio.es\/index.php\/wp-json\/wp\/v2\/posts\/1505\/revisions\/1512"}],"wp:featuredmedia":[{"embeddable":true,"href":"https:\/\/arealorcaradio.es\/index.php\/wp-json\/wp\/v2\/media\/1508"}],"wp:attachment":[{"href":"https:\/\/arealorcaradio.es\/index.php\/wp-json\/wp\/v2\/media?parent=1505"}],"wp:term":[{"taxonomy":"category","embeddable":true,"href":"https:\/\/arealorcaradio.es\/index.php\/wp-json\/wp\/v2\/categories?post=1505"},{"taxonomy":"post_tag","embeddable":true,"href":"https:\/\/arealorcaradio.es\/index.php\/wp-json\/wp\/v2\/tags?post=1505"}],"curies":[{"name":"wp","href":"https:\/\/api.w.org\/{rel}","templated":true}]}}