{"id":1491,"date":"2023-09-25T21:20:43","date_gmt":"2023-09-25T21:20:43","guid":{"rendered":"https:\/\/arealorcaradio.es\/?p=1491"},"modified":"2023-09-25T21:20:43","modified_gmt":"2023-09-25T21:20:43","slug":"hector-fernandez-juventud-velocidad-y-desborde-para-la-banda-izquierda-del-lorca-deportiva","status":"publish","type":"post","link":"https:\/\/arealorcaradio.es\/index.php\/2023\/09\/25\/hector-fernandez-juventud-velocidad-y-desborde-para-la-banda-izquierda-del-lorca-deportiva\/","title":{"rendered":"H\u00e9ctor Fern\u00e1ndez: Juventud, velocidad y desborde para la banda izquierda del Lorca Deportiva"},"content":{"rendered":"<p>\u00c1REA LORCA RADIO.<\/p>\n<p>Escucha aqu\u00ed la intervenci\u00f3n de H\u00e9ctor Fern\u00e1ndez en el programa \u00c1rea Lorca Deportes. El lateral izquierdo del Lorca Deportiva cuenta en la actualidad con solo 19 a\u00f1os pero ya ha dejado detalles de sus ganas de llegar a hacer algo importante con el club blanquiazul, con el que tiene un a\u00f1o de contrato y otro opcional si se consigue el ascenso a Segunda RFEF.<\/p>\n<p>Milit\u00f3 en las bases del Atl\u00e9tico Baleares, Academia de F\u00fatbol Marcet en Barcelona (2 a\u00f1os), Real Murcia Divisi\u00f3n de Honor (2 a\u00f1os), y la pasada temporada en el Real Murcia Imperial. Esta pasada pretemporada la hizo con el primer equipo del Real Murcia a las \u00f3rdenes de Gustavo Mun\u00faa. El jugador prefiri\u00f3 salir del cuadro pimentonero para apostar por un proyecto que le ilusiona, el del Lorca Deportiva.<\/p>\n<audio class=\"wp-audio-shortcode\" id=\"audio-1491-1\" preload=\"none\" style=\"width: 100%;\" controls=\"controls\"><source type=\"audio\/mpeg\" src=\"https:\/\/arealorcaradio.es\/wp-content\/uploads\/2023\/09\/250923-HECTOR-FERNANDEZ.-ESTUDIO-POST-ALGAR.mp3?_=1\" \/><a href=\"https:\/\/arealorcaradio.es\/wp-content\/uploads\/2023\/09\/250923-HECTOR-FERNANDEZ.-ESTUDIO-POST-ALGAR.mp3\">https:\/\/arealorcaradio.es\/wp-content\/uploads\/2023\/09\/250923-HECTOR-FERNANDEZ.-ESTUDIO-POST-ALGAR.mp3<\/a><\/audio>\n<p><img loading=\"lazy\" decoding=\"async\" class=\"alignnone size-medium wp-image-1493\" src=\"https:\/\/arealorcaradio.es\/wp-content\/uploads\/2023\/09\/Hector-Fdez.-Lorca-Deportiva-1-300x225.jpg\" alt=\"\" width=\"300\" height=\"225\" srcset=\"https:\/\/arealorcaradio.es\/wp-content\/uploads\/2023\/09\/Hector-Fdez.-Lorca-Deportiva-1-300x225.jpg 300w, https:\/\/arealorcaradio.es\/wp-content\/uploads\/2023\/09\/Hector-Fdez.-Lorca-Deportiva-1-1024x768.jpg 1024w, https:\/\/arealorcaradio.es\/wp-content\/uploads\/2023\/09\/Hector-Fdez.-Lorca-Deportiva-1-768x576.jpg 768w, https:\/\/arealorcaradio.es\/wp-content\/uploads\/2023\/09\/Hector-Fdez.-Lorca-Deportiva-1-1536x1152.jpg 1536w, https:\/\/arealorcaradio.es\/wp-content\/uploads\/2023\/09\/Hector-Fdez.-Lorca-Deportiva-1-2048x1536.jpg 2048w, https:\/\/arealorcaradio.es\/wp-content\/uploads\/2023\/09\/Hector-Fdez.-Lorca-Deportiva-1-86x64.jpg 86w\" sizes=\"auto, (max-width: 300px) 100vw, 300px\" \/> <img loading=\"lazy\" decoding=\"async\" class=\"alignnone size-medium wp-image-1499\" src=\"https:\/\/arealorcaradio.es\/wp-content\/uploads\/2023\/09\/hector-fernadez-marcet-300x216.jpg\" alt=\"\" width=\"300\" height=\"216\" srcset=\"https:\/\/arealorcaradio.es\/wp-content\/uploads\/2023\/09\/hector-fernadez-marcet-300x216.jpg 300w, https:\/\/arealorcaradio.es\/wp-content\/uploads\/2023\/09\/hector-fernadez-marcet.jpg 696w\" sizes=\"auto, (max-width: 300px) 100vw, 300px\" \/> <img loading=\"lazy\" decoding=\"async\" class=\"alignnone size-medium wp-image-1500\" src=\"https:\/\/arealorcaradio.es\/wp-content\/uploads\/2023\/09\/hector-fdez-real-murcia-300x200.jpeg\" alt=\"\" width=\"300\" height=\"200\" srcset=\"https:\/\/arealorcaradio.es\/wp-content\/uploads\/2023\/09\/hector-fdez-real-murcia-300x200.jpeg 300w, https:\/\/arealorcaradio.es\/wp-content\/uploads\/2023\/09\/hector-fdez-real-murcia.jpeg 696w\" sizes=\"auto, (max-width: 300px) 100vw, 300px\" \/><\/p>\n<p><img loading=\"lazy\" decoding=\"async\" class=\"alignnone wp-image-1501\" src=\"https:\/\/arealorcaradio.es\/wp-content\/uploads\/2023\/09\/IMG-20230924-WA0000-300x213.jpg\" alt=\"\" width=\"301\" height=\"214\" srcset=\"https:\/\/arealorcaradio.es\/wp-content\/uploads\/2023\/09\/IMG-20230924-WA0000-300x213.jpg 300w, https:\/\/arealorcaradio.es\/wp-content\/uploads\/2023\/09\/IMG-20230924-WA0000-1024x729.jpg 1024w, https:\/\/arealorcaradio.es\/wp-content\/uploads\/2023\/09\/IMG-20230924-WA0000-768x547.jpg 768w, https:\/\/arealorcaradio.es\/wp-content\/uploads\/2023\/09\/IMG-20230924-WA0000-1536x1093.jpg 1536w, https:\/\/arealorcaradio.es\/wp-content\/uploads\/2023\/09\/IMG-20230924-WA0000.jpg 1949w\" sizes=\"auto, (max-width: 301px) 100vw, 301px\" \/> <img loading=\"lazy\" decoding=\"async\" class=\"alignnone size-medium wp-image-1503\" src=\"https:\/\/arealorcaradio.es\/wp-content\/uploads\/2023\/09\/Hector-Fdez.-3-300x221.jpg\" alt=\"\" width=\"300\" height=\"221\" srcset=\"https:\/\/arealorcaradio.es\/wp-content\/uploads\/2023\/09\/Hector-Fdez.-3-300x221.jpg 300w, https:\/\/arealorcaradio.es\/wp-content\/uploads\/2023\/09\/Hector-Fdez.-3-86x64.jpg 86w, https:\/\/arealorcaradio.es\/wp-content\/uploads\/2023\/09\/Hector-Fdez.-3.jpg 720w\" sizes=\"auto, (max-width: 300px) 100vw, 300px\" \/><\/p>\n","protected":false},"excerpt":{"rendered":"<p>\u00c1REA LORCA RADIO. Escucha aqu\u00ed la intervenci\u00f3n de H\u00e9ctor Fern\u00e1ndez en el programa \u00c1rea Lorca Deportes. El lateral izquierdo del Lorca Deportiva cuenta en la actualidad con solo 19 a\u00f1os pero ya ha dejado detalles de sus ganas de llegar a hacer algo importante con el club blanquiazul, con el que tiene un a\u00f1o de [&hellip;]<\/p>\n","protected":false},"author":1,"featured_media":1494,"comment_status":"open","ping_status":"open","sticky":false,"template":"","format":"standard","meta":{"iawp_total_views":23,"footnotes":""},"categories":[4,7],"tags":[],"class_list":["post-1491","post","type-post","status-publish","format-standard","has-post-thumbnail","hentry","category-deportes","category-lorca"],"yoast_head":"<!-- This site is optimized with the Yoast SEO plugin v27.5 - https:\/\/yoast.com\/product\/yoast-seo-wordpress\/ -->\n<title>H\u00e9ctor Fern\u00e1ndez: Juventud, velocidad y desborde para la banda izquierda del Lorca Deportiva - AREA LORCA RADIO<\/title>\n<meta name=\"robots\" content=\"index, follow, max-snippet:-1, max-image-preview:large, max-video-preview:-1\" \/>\n<link rel=\"canonical\" href=\"https:\/\/arealorcaradio.es\/index.php\/2023\/09\/25\/hector-fernandez-juventud-velocidad-y-desborde-para-la-banda-izquierda-del-lorca-deportiva\/\" \/>\n<meta property=\"og:locale\" content=\"es_ES\" \/>\n<meta property=\"og:type\" content=\"article\" \/>\n<meta property=\"og:title\" content=\"H\u00e9ctor Fern\u00e1ndez: Juventud, velocidad y desborde para la banda izquierda del Lorca Deportiva - AREA LORCA RADIO\" \/>\n<meta property=\"og:description\" content=\"\u00c1REA LORCA RADIO. Escucha aqu\u00ed la intervenci\u00f3n de H\u00e9ctor Fern\u00e1ndez en el programa \u00c1rea Lorca Deportes. El lateral izquierdo del Lorca Deportiva cuenta en la actualidad con solo 19 a\u00f1os pero ya ha dejado detalles de sus ganas de llegar a hacer algo importante con el club blanquiazul, con el que tiene un a\u00f1o de [&hellip;]\" \/>\n<meta property=\"og:url\" content=\"https:\/\/arealorcaradio.es\/index.php\/2023\/09\/25\/hector-fernandez-juventud-velocidad-y-desborde-para-la-banda-izquierda-del-lorca-deportiva\/\" \/>\n<meta property=\"og:site_name\" content=\"AREA LORCA RADIO\" \/>\n<meta property=\"article:published_time\" content=\"2023-09-25T21:20:43+00:00\" \/>\n<meta property=\"og:image\" content=\"https:\/\/arealorcaradio.es\/wp-content\/uploads\/2023\/09\/Hector-Fdez.-Lorca-Deportiva-2-scaled.jpg\" \/>\n\t<meta property=\"og:image:width\" content=\"2560\" \/>\n\t<meta property=\"og:image:height\" content=\"1920\" \/>\n\t<meta property=\"og:image:type\" content=\"image\/jpeg\" \/>\n<meta name=\"author\" content=\"Paco S\u00e1nchez\" \/>\n<meta name=\"twitter:card\" content=\"summary_large_image\" \/>\n<meta name=\"twitter:label1\" content=\"Escrito por\" \/>\n\t<meta name=\"twitter:data1\" content=\"Paco S\u00e1nchez\" \/>\n\t<meta name=\"twitter:label2\" content=\"Tiempo de lectura\" \/>\n\t<meta name=\"twitter:data2\" content=\"2 minutos\" \/>\n<script type=\"application\/ld+json\" class=\"yoast-schema-graph\">{\"@context\":\"https:\\\/\\\/schema.org\",\"@graph\":[{\"@type\":\"Article\",\"@id\":\"https:\\\/\\\/arealorcaradio.es\\\/index.php\\\/2023\\\/09\\\/25\\\/hector-fernandez-juventud-velocidad-y-desborde-para-la-banda-izquierda-del-lorca-deportiva\\\/#article\",\"isPartOf\":{\"@id\":\"https:\\\/\\\/arealorcaradio.es\\\/index.php\\\/2023\\\/09\\\/25\\\/hector-fernandez-juventud-velocidad-y-desborde-para-la-banda-izquierda-del-lorca-deportiva\\\/\"},\"author\":{\"name\":\"Paco S\u00e1nchez\",\"@id\":\"https:\\\/\\\/arealorcaradio.es\\\/#\\\/schema\\\/person\\\/9fae605fc25b0f2c83c1ab207139bd27\"},\"headline\":\"H\u00e9ctor Fern\u00e1ndez: Juventud, velocidad y desborde para la banda izquierda del Lorca Deportiva\",\"datePublished\":\"2023-09-25T21:20:43+00:00\",\"mainEntityOfPage\":{\"@id\":\"https:\\\/\\\/arealorcaradio.es\\\/index.php\\\/2023\\\/09\\\/25\\\/hector-fernandez-juventud-velocidad-y-desborde-para-la-banda-izquierda-del-lorca-deportiva\\\/\"},\"wordCount\":169,\"commentCount\":0,\"image\":{\"@id\":\"https:\\\/\\\/arealorcaradio.es\\\/index.php\\\/2023\\\/09\\\/25\\\/hector-fernandez-juventud-velocidad-y-desborde-para-la-banda-izquierda-del-lorca-deportiva\\\/#primaryimage\"},\"thumbnailUrl\":\"https:\\\/\\\/arealorcaradio.es\\\/wp-content\\\/uploads\\\/2023\\\/09\\\/Hector-Fdez.-Lorca-Deportiva-2-scaled.jpg\",\"articleSection\":[\"DEPORTES\",\"LORCA\"],\"inLanguage\":\"es\",\"potentialAction\":[{\"@type\":\"CommentAction\",\"name\":\"Comment\",\"target\":[\"https:\\\/\\\/arealorcaradio.es\\\/index.php\\\/2023\\\/09\\\/25\\\/hector-fernandez-juventud-velocidad-y-desborde-para-la-banda-izquierda-del-lorca-deportiva\\\/#respond\"]}]},{\"@type\":\"WebPage\",\"@id\":\"https:\\\/\\\/arealorcaradio.es\\\/index.php\\\/2023\\\/09\\\/25\\\/hector-fernandez-juventud-velocidad-y-desborde-para-la-banda-izquierda-del-lorca-deportiva\\\/\",\"url\":\"https:\\\/\\\/arealorcaradio.es\\\/index.php\\\/2023\\\/09\\\/25\\\/hector-fernandez-juventud-velocidad-y-desborde-para-la-banda-izquierda-del-lorca-deportiva\\\/\",\"name\":\"H\u00e9ctor Fern\u00e1ndez: Juventud, velocidad y desborde para la banda izquierda del Lorca Deportiva - AREA LORCA RADIO\",\"isPartOf\":{\"@id\":\"https:\\\/\\\/arealorcaradio.es\\\/#website\"},\"primaryImageOfPage\":{\"@id\":\"https:\\\/\\\/arealorcaradio.es\\\/index.php\\\/2023\\\/09\\\/25\\\/hector-fernandez-juventud-velocidad-y-desborde-para-la-banda-izquierda-del-lorca-deportiva\\\/#primaryimage\"},\"image\":{\"@id\":\"https:\\\/\\\/arealorcaradio.es\\\/index.php\\\/2023\\\/09\\\/25\\\/hector-fernandez-juventud-velocidad-y-desborde-para-la-banda-izquierda-del-lorca-deportiva\\\/#primaryimage\"},\"thumbnailUrl\":\"https:\\\/\\\/arealorcaradio.es\\\/wp-content\\\/uploads\\\/2023\\\/09\\\/Hector-Fdez.-Lorca-Deportiva-2-scaled.jpg\",\"datePublished\":\"2023-09-25T21:20:43+00:00\",\"author\":{\"@id\":\"https:\\\/\\\/arealorcaradio.es\\\/#\\\/schema\\\/person\\\/9fae605fc25b0f2c83c1ab207139bd27\"},\"breadcrumb\":{\"@id\":\"https:\\\/\\\/arealorcaradio.es\\\/index.php\\\/2023\\\/09\\\/25\\\/hector-fernandez-juventud-velocidad-y-desborde-para-la-banda-izquierda-del-lorca-deportiva\\\/#breadcrumb\"},\"inLanguage\":\"es\",\"potentialAction\":[{\"@type\":\"ReadAction\",\"target\":[\"https:\\\/\\\/arealorcaradio.es\\\/index.php\\\/2023\\\/09\\\/25\\\/hector-fernandez-juventud-velocidad-y-desborde-para-la-banda-izquierda-del-lorca-deportiva\\\/\"]}]},{\"@type\":\"ImageObject\",\"inLanguage\":\"es\",\"@id\":\"https:\\\/\\\/arealorcaradio.es\\\/index.php\\\/2023\\\/09\\\/25\\\/hector-fernandez-juventud-velocidad-y-desborde-para-la-banda-izquierda-del-lorca-deportiva\\\/#primaryimage\",\"url\":\"https:\\\/\\\/arealorcaradio.es\\\/wp-content\\\/uploads\\\/2023\\\/09\\\/Hector-Fdez.-Lorca-Deportiva-2-scaled.jpg\",\"contentUrl\":\"https:\\\/\\\/arealorcaradio.es\\\/wp-content\\\/uploads\\\/2023\\\/09\\\/Hector-Fdez.-Lorca-Deportiva-2-scaled.jpg\",\"width\":2560,\"height\":1920},{\"@type\":\"BreadcrumbList\",\"@id\":\"https:\\\/\\\/arealorcaradio.es\\\/index.php\\\/2023\\\/09\\\/25\\\/hector-fernandez-juventud-velocidad-y-desborde-para-la-banda-izquierda-del-lorca-deportiva\\\/#breadcrumb\",\"itemListElement\":[{\"@type\":\"ListItem\",\"position\":1,\"name\":\"Portada\",\"item\":\"https:\\\/\\\/arealorcaradio.es\\\/\"},{\"@type\":\"ListItem\",\"position\":2,\"name\":\"H\u00e9ctor Fern\u00e1ndez: Juventud, velocidad y desborde para la banda izquierda del Lorca Deportiva\"}]},{\"@type\":\"WebSite\",\"@id\":\"https:\\\/\\\/arealorcaradio.es\\\/#website\",\"url\":\"https:\\\/\\\/arealorcaradio.es\\\/\",\"name\":\"AREA LORCA RADIO\",\"description\":\"Descubre la programaci\u00f3n actual en \u00c1rea Lorca Radio, tu fuente de entrenamiento y noticias locales. Sintoniza ahora y mantente conectado online.\",\"potentialAction\":[{\"@type\":\"SearchAction\",\"target\":{\"@type\":\"EntryPoint\",\"urlTemplate\":\"https:\\\/\\\/arealorcaradio.es\\\/?s={search_term_string}\"},\"query-input\":{\"@type\":\"PropertyValueSpecification\",\"valueRequired\":true,\"valueName\":\"search_term_string\"}}],\"inLanguage\":\"es\"},{\"@type\":\"Person\",\"@id\":\"https:\\\/\\\/arealorcaradio.es\\\/#\\\/schema\\\/person\\\/9fae605fc25b0f2c83c1ab207139bd27\",\"name\":\"Paco S\u00e1nchez\",\"image\":{\"@type\":\"ImageObject\",\"inLanguage\":\"es\",\"@id\":\"https:\\\/\\\/secure.gravatar.com\\\/avatar\\\/d67144e966420fb74aa84c9f2a0103be4724fd14db52b52d3b6bca749f257e79?s=96&d=mm&r=g\",\"url\":\"https:\\\/\\\/secure.gravatar.com\\\/avatar\\\/d67144e966420fb74aa84c9f2a0103be4724fd14db52b52d3b6bca749f257e79?s=96&d=mm&r=g\",\"contentUrl\":\"https:\\\/\\\/secure.gravatar.com\\\/avatar\\\/d67144e966420fb74aa84c9f2a0103be4724fd14db52b52d3b6bca749f257e79?s=96&d=mm&r=g\",\"caption\":\"Paco S\u00e1nchez\"},\"sameAs\":[\"https:\\\/\\\/arealorcaradio.es\"],\"url\":\"https:\\\/\\\/arealorcaradio.es\\\/index.php\\\/author\\\/admin_alorcaradio\\\/\"}]}<\/script>\n<!-- \/ Yoast SEO plugin. -->","yoast_head_json":{"title":"H\u00e9ctor Fern\u00e1ndez: Juventud, velocidad y desborde para la banda izquierda del Lorca Deportiva - AREA LORCA RADIO","robots":{"index":"index","follow":"follow","max-snippet":"max-snippet:-1","max-image-preview":"max-image-preview:large","max-video-preview":"max-video-preview:-1"},"canonical":"https:\/\/arealorcaradio.es\/index.php\/2023\/09\/25\/hector-fernandez-juventud-velocidad-y-desborde-para-la-banda-izquierda-del-lorca-deportiva\/","og_locale":"es_ES","og_type":"article","og_title":"H\u00e9ctor Fern\u00e1ndez: Juventud, velocidad y desborde para la banda izquierda del Lorca Deportiva - AREA LORCA RADIO","og_description":"\u00c1REA LORCA RADIO. Escucha aqu\u00ed la intervenci\u00f3n de H\u00e9ctor Fern\u00e1ndez en el programa \u00c1rea Lorca Deportes. El lateral izquierdo del Lorca Deportiva cuenta en la actualidad con solo 19 a\u00f1os pero ya ha dejado detalles de sus ganas de llegar a hacer algo importante con el club blanquiazul, con el que tiene un a\u00f1o de [&hellip;]","og_url":"https:\/\/arealorcaradio.es\/index.php\/2023\/09\/25\/hector-fernandez-juventud-velocidad-y-desborde-para-la-banda-izquierda-del-lorca-deportiva\/","og_site_name":"AREA LORCA RADIO","article_published_time":"2023-09-25T21:20:43+00:00","og_image":[{"width":2560,"height":1920,"url":"https:\/\/arealorcaradio.es\/wp-content\/uploads\/2023\/09\/Hector-Fdez.-Lorca-Deportiva-2-scaled.jpg","type":"image\/jpeg"}],"author":"Paco S\u00e1nchez","twitter_card":"summary_large_image","twitter_misc":{"Escrito por":"Paco S\u00e1nchez","Tiempo de lectura":"2 minutos"},"schema":{"@context":"https:\/\/schema.org","@graph":[{"@type":"Article","@id":"https:\/\/arealorcaradio.es\/index.php\/2023\/09\/25\/hector-fernandez-juventud-velocidad-y-desborde-para-la-banda-izquierda-del-lorca-deportiva\/#article","isPartOf":{"@id":"https:\/\/arealorcaradio.es\/index.php\/2023\/09\/25\/hector-fernandez-juventud-velocidad-y-desborde-para-la-banda-izquierda-del-lorca-deportiva\/"},"author":{"name":"Paco S\u00e1nchez","@id":"https:\/\/arealorcaradio.es\/#\/schema\/person\/9fae605fc25b0f2c83c1ab207139bd27"},"headline":"H\u00e9ctor Fern\u00e1ndez: Juventud, velocidad y desborde para la banda izquierda del Lorca Deportiva","datePublished":"2023-09-25T21:20:43+00:00","mainEntityOfPage":{"@id":"https:\/\/arealorcaradio.es\/index.php\/2023\/09\/25\/hector-fernandez-juventud-velocidad-y-desborde-para-la-banda-izquierda-del-lorca-deportiva\/"},"wordCount":169,"commentCount":0,"image":{"@id":"https:\/\/arealorcaradio.es\/index.php\/2023\/09\/25\/hector-fernandez-juventud-velocidad-y-desborde-para-la-banda-izquierda-del-lorca-deportiva\/#primaryimage"},"thumbnailUrl":"https:\/\/arealorcaradio.es\/wp-content\/uploads\/2023\/09\/Hector-Fdez.-Lorca-Deportiva-2-scaled.jpg","articleSection":["DEPORTES","LORCA"],"inLanguage":"es","potentialAction":[{"@type":"CommentAction","name":"Comment","target":["https:\/\/arealorcaradio.es\/index.php\/2023\/09\/25\/hector-fernandez-juventud-velocidad-y-desborde-para-la-banda-izquierda-del-lorca-deportiva\/#respond"]}]},{"@type":"WebPage","@id":"https:\/\/arealorcaradio.es\/index.php\/2023\/09\/25\/hector-fernandez-juventud-velocidad-y-desborde-para-la-banda-izquierda-del-lorca-deportiva\/","url":"https:\/\/arealorcaradio.es\/index.php\/2023\/09\/25\/hector-fernandez-juventud-velocidad-y-desborde-para-la-banda-izquierda-del-lorca-deportiva\/","name":"H\u00e9ctor Fern\u00e1ndez: Juventud, velocidad y desborde para la banda izquierda del Lorca Deportiva - AREA LORCA RADIO","isPartOf":{"@id":"https:\/\/arealorcaradio.es\/#website"},"primaryImageOfPage":{"@id":"https:\/\/arealorcaradio.es\/index.php\/2023\/09\/25\/hector-fernandez-juventud-velocidad-y-desborde-para-la-banda-izquierda-del-lorca-deportiva\/#primaryimage"},"image":{"@id":"https:\/\/arealorcaradio.es\/index.php\/2023\/09\/25\/hector-fernandez-juventud-velocidad-y-desborde-para-la-banda-izquierda-del-lorca-deportiva\/#primaryimage"},"thumbnailUrl":"https:\/\/arealorcaradio.es\/wp-content\/uploads\/2023\/09\/Hector-Fdez.-Lorca-Deportiva-2-scaled.jpg","datePublished":"2023-09-25T21:20:43+00:00","author":{"@id":"https:\/\/arealorcaradio.es\/#\/schema\/person\/9fae605fc25b0f2c83c1ab207139bd27"},"breadcrumb":{"@id":"https:\/\/arealorcaradio.es\/index.php\/2023\/09\/25\/hector-fernandez-juventud-velocidad-y-desborde-para-la-banda-izquierda-del-lorca-deportiva\/#breadcrumb"},"inLanguage":"es","potentialAction":[{"@type":"ReadAction","target":["https:\/\/arealorcaradio.es\/index.php\/2023\/09\/25\/hector-fernandez-juventud-velocidad-y-desborde-para-la-banda-izquierda-del-lorca-deportiva\/"]}]},{"@type":"ImageObject","inLanguage":"es","@id":"https:\/\/arealorcaradio.es\/index.php\/2023\/09\/25\/hector-fernandez-juventud-velocidad-y-desborde-para-la-banda-izquierda-del-lorca-deportiva\/#primaryimage","url":"https:\/\/arealorcaradio.es\/wp-content\/uploads\/2023\/09\/Hector-Fdez.-Lorca-Deportiva-2-scaled.jpg","contentUrl":"https:\/\/arealorcaradio.es\/wp-content\/uploads\/2023\/09\/Hector-Fdez.-Lorca-Deportiva-2-scaled.jpg","width":2560,"height":1920},{"@type":"BreadcrumbList","@id":"https:\/\/arealorcaradio.es\/index.php\/2023\/09\/25\/hector-fernandez-juventud-velocidad-y-desborde-para-la-banda-izquierda-del-lorca-deportiva\/#breadcrumb","itemListElement":[{"@type":"ListItem","position":1,"name":"Portada","item":"https:\/\/arealorcaradio.es\/"},{"@type":"ListItem","position":2,"name":"H\u00e9ctor Fern\u00e1ndez: Juventud, velocidad y desborde para la banda izquierda del Lorca Deportiva"}]},{"@type":"WebSite","@id":"https:\/\/arealorcaradio.es\/#website","url":"https:\/\/arealorcaradio.es\/","name":"AREA LORCA RADIO","description":"Descubre la programaci\u00f3n actual en \u00c1rea Lorca Radio, tu fuente de entrenamiento y noticias locales. Sintoniza ahora y mantente conectado online.","potentialAction":[{"@type":"SearchAction","target":{"@type":"EntryPoint","urlTemplate":"https:\/\/arealorcaradio.es\/?s={search_term_string}"},"query-input":{"@type":"PropertyValueSpecification","valueRequired":true,"valueName":"search_term_string"}}],"inLanguage":"es"},{"@type":"Person","@id":"https:\/\/arealorcaradio.es\/#\/schema\/person\/9fae605fc25b0f2c83c1ab207139bd27","name":"Paco S\u00e1nchez","image":{"@type":"ImageObject","inLanguage":"es","@id":"https:\/\/secure.gravatar.com\/avatar\/d67144e966420fb74aa84c9f2a0103be4724fd14db52b52d3b6bca749f257e79?s=96&d=mm&r=g","url":"https:\/\/secure.gravatar.com\/avatar\/d67144e966420fb74aa84c9f2a0103be4724fd14db52b52d3b6bca749f257e79?s=96&d=mm&r=g","contentUrl":"https:\/\/secure.gravatar.com\/avatar\/d67144e966420fb74aa84c9f2a0103be4724fd14db52b52d3b6bca749f257e79?s=96&d=mm&r=g","caption":"Paco S\u00e1nchez"},"sameAs":["https:\/\/arealorcaradio.es"],"url":"https:\/\/arealorcaradio.es\/index.php\/author\/admin_alorcaradio\/"}]}},"_links":{"self":[{"href":"https:\/\/arealorcaradio.es\/index.php\/wp-json\/wp\/v2\/posts\/1491","targetHints":{"allow":["GET"]}}],"collection":[{"href":"https:\/\/arealorcaradio.es\/index.php\/wp-json\/wp\/v2\/posts"}],"about":[{"href":"https:\/\/arealorcaradio.es\/index.php\/wp-json\/wp\/v2\/types\/post"}],"author":[{"embeddable":true,"href":"https:\/\/arealorcaradio.es\/index.php\/wp-json\/wp\/v2\/users\/1"}],"replies":[{"embeddable":true,"href":"https:\/\/arealorcaradio.es\/index.php\/wp-json\/wp\/v2\/comments?post=1491"}],"version-history":[{"count":3,"href":"https:\/\/arealorcaradio.es\/index.php\/wp-json\/wp\/v2\/posts\/1491\/revisions"}],"predecessor-version":[{"id":1504,"href":"https:\/\/arealorcaradio.es\/index.php\/wp-json\/wp\/v2\/posts\/1491\/revisions\/1504"}],"wp:featuredmedia":[{"embeddable":true,"href":"https:\/\/arealorcaradio.es\/index.php\/wp-json\/wp\/v2\/media\/1494"}],"wp:attachment":[{"href":"https:\/\/arealorcaradio.es\/index.php\/wp-json\/wp\/v2\/media?parent=1491"}],"wp:term":[{"taxonomy":"category","embeddable":true,"href":"https:\/\/arealorcaradio.es\/index.php\/wp-json\/wp\/v2\/categories?post=1491"},{"taxonomy":"post_tag","embeddable":true,"href":"https:\/\/arealorcaradio.es\/index.php\/wp-json\/wp\/v2\/tags?post=1491"}],"curies":[{"name":"wp","href":"https:\/\/api.w.org\/{rel}","templated":true}]}}