{"id":1453,"date":"2023-09-20T08:47:57","date_gmt":"2023-09-20T08:47:57","guid":{"rendered":"https:\/\/arealorcaradio.es\/?p=1453"},"modified":"2023-09-20T08:47:57","modified_gmt":"2023-09-20T08:47:57","slug":"continua-la-preocupacion-de-vecinos-de-campillo-y-torrecilla-por-la-inoperancia-de-la-chs-sobre-el-drenaje-de-la-rambla-de-biznaga","status":"publish","type":"post","link":"https:\/\/arealorcaradio.es\/index.php\/2023\/09\/20\/continua-la-preocupacion-de-vecinos-de-campillo-y-torrecilla-por-la-inoperancia-de-la-chs-sobre-el-drenaje-de-la-rambla-de-biznaga\/","title":{"rendered":"Contin\u00faa la preocupaci\u00f3n de vecinos de Campillo y Torrecilla por la inoperancia de la CHS sobre el drenaje de la Rambla de Biznaga"},"content":{"rendered":"<p>\u00c1REA LORCA RADIO.<\/p>\n<p>Cuando est\u00e1n a punto de cumplirse 11 a\u00f1os de la riada de San Wenceslao que inund\u00f3 las pedan\u00edas de Campillo y Torrecilla, poco se ha adelantado en referencia a las medidas a adoptar por la Confederaci\u00f3n Hidrogr\u00e1fica del Segura para que lo ocurrido aquel 28 de septiembre de 2012 no vuelva a suceder. El concejal de infraestructuras del Ayuntamiento de Lorca, \u00c1ngel Meca se ha pronunciado al respecto mostrando su preocupaci\u00f3n ante tanta pregunta sin respuesta, quejas que se han convertido en una importante problem\u00e1tica vecinal.<\/p>\n<p>Escuchamos al concejal \u00c1ngel Meca.<\/p>\n<audio class=\"wp-audio-shortcode\" id=\"audio-1453-1\" preload=\"none\" style=\"width: 100%;\" controls=\"controls\"><source type=\"audio\/mpeg\" src=\"https:\/\/arealorcaradio.es\/wp-content\/uploads\/2023\/09\/200923-ANGEL-MECA-RAMBLA-BIZNAGA.mp3?_=1\" \/><a href=\"https:\/\/arealorcaradio.es\/wp-content\/uploads\/2023\/09\/200923-ANGEL-MECA-RAMBLA-BIZNAGA.mp3\">https:\/\/arealorcaradio.es\/wp-content\/uploads\/2023\/09\/200923-ANGEL-MECA-RAMBLA-BIZNAGA.mp3<\/a><\/audio>\n","protected":false},"excerpt":{"rendered":"<p>\u00c1REA LORCA RADIO. Cuando est\u00e1n a punto de cumplirse 11 a\u00f1os de la riada de San Wenceslao que inund\u00f3 las pedan\u00edas de Campillo y Torrecilla, poco se ha adelantado en referencia a las medidas a adoptar por la Confederaci\u00f3n Hidrogr\u00e1fica del Segura para que lo ocurrido aquel 28 de septiembre de 2012 no vuelva a [&hellip;]<\/p>\n","protected":false},"author":1,"featured_media":1455,"comment_status":"open","ping_status":"open","sticky":false,"template":"","format":"standard","meta":{"iawp_total_views":1,"footnotes":""},"categories":[7],"tags":[],"class_list":["post-1453","post","type-post","status-publish","format-standard","has-post-thumbnail","hentry","category-lorca"],"yoast_head":"<!-- This site is optimized with the Yoast SEO plugin v27.5 - https:\/\/yoast.com\/product\/yoast-seo-wordpress\/ -->\n<title>Contin\u00faa la preocupaci\u00f3n de vecinos de Campillo y Torrecilla por la inoperancia de la CHS sobre el drenaje de la Rambla de Biznaga - AREA LORCA RADIO<\/title>\n<meta name=\"robots\" content=\"index, follow, max-snippet:-1, max-image-preview:large, max-video-preview:-1\" \/>\n<link rel=\"canonical\" href=\"https:\/\/arealorcaradio.es\/index.php\/2023\/09\/20\/continua-la-preocupacion-de-vecinos-de-campillo-y-torrecilla-por-la-inoperancia-de-la-chs-sobre-el-drenaje-de-la-rambla-de-biznaga\/\" \/>\n<meta property=\"og:locale\" content=\"es_ES\" \/>\n<meta property=\"og:type\" content=\"article\" \/>\n<meta property=\"og:title\" content=\"Contin\u00faa la preocupaci\u00f3n de vecinos de Campillo y Torrecilla por la inoperancia de la CHS sobre el drenaje de la Rambla de Biznaga - AREA LORCA RADIO\" \/>\n<meta property=\"og:description\" content=\"\u00c1REA LORCA RADIO. Cuando est\u00e1n a punto de cumplirse 11 a\u00f1os de la riada de San Wenceslao que inund\u00f3 las pedan\u00edas de Campillo y Torrecilla, poco se ha adelantado en referencia a las medidas a adoptar por la Confederaci\u00f3n Hidrogr\u00e1fica del Segura para que lo ocurrido aquel 28 de septiembre de 2012 no vuelva a [&hellip;]\" \/>\n<meta property=\"og:url\" content=\"https:\/\/arealorcaradio.es\/index.php\/2023\/09\/20\/continua-la-preocupacion-de-vecinos-de-campillo-y-torrecilla-por-la-inoperancia-de-la-chs-sobre-el-drenaje-de-la-rambla-de-biznaga\/\" \/>\n<meta property=\"og:site_name\" content=\"AREA LORCA RADIO\" \/>\n<meta property=\"article:published_time\" content=\"2023-09-20T08:47:57+00:00\" \/>\n<meta property=\"og:image\" content=\"https:\/\/arealorcaradio.es\/wp-content\/uploads\/2023\/09\/rambla-biznaga.jpg\" \/>\n\t<meta property=\"og:image:width\" content=\"758\" \/>\n\t<meta property=\"og:image:height\" content=\"531\" \/>\n\t<meta property=\"og:image:type\" content=\"image\/jpeg\" \/>\n<meta name=\"author\" content=\"Paco S\u00e1nchez\" \/>\n<meta name=\"twitter:card\" content=\"summary_large_image\" \/>\n<meta name=\"twitter:label1\" content=\"Escrito por\" \/>\n\t<meta name=\"twitter:data1\" content=\"Paco S\u00e1nchez\" \/>\n\t<meta name=\"twitter:label2\" content=\"Tiempo de lectura\" \/>\n\t<meta name=\"twitter:data2\" content=\"1 minuto\" \/>\n<script type=\"application\/ld+json\" class=\"yoast-schema-graph\">{\"@context\":\"https:\\\/\\\/schema.org\",\"@graph\":[{\"@type\":\"Article\",\"@id\":\"https:\\\/\\\/arealorcaradio.es\\\/index.php\\\/2023\\\/09\\\/20\\\/continua-la-preocupacion-de-vecinos-de-campillo-y-torrecilla-por-la-inoperancia-de-la-chs-sobre-el-drenaje-de-la-rambla-de-biznaga\\\/#article\",\"isPartOf\":{\"@id\":\"https:\\\/\\\/arealorcaradio.es\\\/index.php\\\/2023\\\/09\\\/20\\\/continua-la-preocupacion-de-vecinos-de-campillo-y-torrecilla-por-la-inoperancia-de-la-chs-sobre-el-drenaje-de-la-rambla-de-biznaga\\\/\"},\"author\":{\"name\":\"Paco S\u00e1nchez\",\"@id\":\"https:\\\/\\\/arealorcaradio.es\\\/#\\\/schema\\\/person\\\/9fae605fc25b0f2c83c1ab207139bd27\"},\"headline\":\"Contin\u00faa la preocupaci\u00f3n de vecinos de Campillo y Torrecilla por la inoperancia de la CHS sobre el drenaje de la Rambla de Biznaga\",\"datePublished\":\"2023-09-20T08:47:57+00:00\",\"mainEntityOfPage\":{\"@id\":\"https:\\\/\\\/arealorcaradio.es\\\/index.php\\\/2023\\\/09\\\/20\\\/continua-la-preocupacion-de-vecinos-de-campillo-y-torrecilla-por-la-inoperancia-de-la-chs-sobre-el-drenaje-de-la-rambla-de-biznaga\\\/\"},\"wordCount\":133,\"commentCount\":0,\"image\":{\"@id\":\"https:\\\/\\\/arealorcaradio.es\\\/index.php\\\/2023\\\/09\\\/20\\\/continua-la-preocupacion-de-vecinos-de-campillo-y-torrecilla-por-la-inoperancia-de-la-chs-sobre-el-drenaje-de-la-rambla-de-biznaga\\\/#primaryimage\"},\"thumbnailUrl\":\"https:\\\/\\\/arealorcaradio.es\\\/wp-content\\\/uploads\\\/2023\\\/09\\\/rambla-biznaga.jpg\",\"articleSection\":[\"LORCA\"],\"inLanguage\":\"es\",\"potentialAction\":[{\"@type\":\"CommentAction\",\"name\":\"Comment\",\"target\":[\"https:\\\/\\\/arealorcaradio.es\\\/index.php\\\/2023\\\/09\\\/20\\\/continua-la-preocupacion-de-vecinos-de-campillo-y-torrecilla-por-la-inoperancia-de-la-chs-sobre-el-drenaje-de-la-rambla-de-biznaga\\\/#respond\"]}]},{\"@type\":\"WebPage\",\"@id\":\"https:\\\/\\\/arealorcaradio.es\\\/index.php\\\/2023\\\/09\\\/20\\\/continua-la-preocupacion-de-vecinos-de-campillo-y-torrecilla-por-la-inoperancia-de-la-chs-sobre-el-drenaje-de-la-rambla-de-biznaga\\\/\",\"url\":\"https:\\\/\\\/arealorcaradio.es\\\/index.php\\\/2023\\\/09\\\/20\\\/continua-la-preocupacion-de-vecinos-de-campillo-y-torrecilla-por-la-inoperancia-de-la-chs-sobre-el-drenaje-de-la-rambla-de-biznaga\\\/\",\"name\":\"Contin\u00faa la preocupaci\u00f3n de vecinos de Campillo y Torrecilla por la inoperancia de la CHS sobre el drenaje de la Rambla de Biznaga - AREA LORCA RADIO\",\"isPartOf\":{\"@id\":\"https:\\\/\\\/arealorcaradio.es\\\/#website\"},\"primaryImageOfPage\":{\"@id\":\"https:\\\/\\\/arealorcaradio.es\\\/index.php\\\/2023\\\/09\\\/20\\\/continua-la-preocupacion-de-vecinos-de-campillo-y-torrecilla-por-la-inoperancia-de-la-chs-sobre-el-drenaje-de-la-rambla-de-biznaga\\\/#primaryimage\"},\"image\":{\"@id\":\"https:\\\/\\\/arealorcaradio.es\\\/index.php\\\/2023\\\/09\\\/20\\\/continua-la-preocupacion-de-vecinos-de-campillo-y-torrecilla-por-la-inoperancia-de-la-chs-sobre-el-drenaje-de-la-rambla-de-biznaga\\\/#primaryimage\"},\"thumbnailUrl\":\"https:\\\/\\\/arealorcaradio.es\\\/wp-content\\\/uploads\\\/2023\\\/09\\\/rambla-biznaga.jpg\",\"datePublished\":\"2023-09-20T08:47:57+00:00\",\"author\":{\"@id\":\"https:\\\/\\\/arealorcaradio.es\\\/#\\\/schema\\\/person\\\/9fae605fc25b0f2c83c1ab207139bd27\"},\"breadcrumb\":{\"@id\":\"https:\\\/\\\/arealorcaradio.es\\\/index.php\\\/2023\\\/09\\\/20\\\/continua-la-preocupacion-de-vecinos-de-campillo-y-torrecilla-por-la-inoperancia-de-la-chs-sobre-el-drenaje-de-la-rambla-de-biznaga\\\/#breadcrumb\"},\"inLanguage\":\"es\",\"potentialAction\":[{\"@type\":\"ReadAction\",\"target\":[\"https:\\\/\\\/arealorcaradio.es\\\/index.php\\\/2023\\\/09\\\/20\\\/continua-la-preocupacion-de-vecinos-de-campillo-y-torrecilla-por-la-inoperancia-de-la-chs-sobre-el-drenaje-de-la-rambla-de-biznaga\\\/\"]}]},{\"@type\":\"ImageObject\",\"inLanguage\":\"es\",\"@id\":\"https:\\\/\\\/arealorcaradio.es\\\/index.php\\\/2023\\\/09\\\/20\\\/continua-la-preocupacion-de-vecinos-de-campillo-y-torrecilla-por-la-inoperancia-de-la-chs-sobre-el-drenaje-de-la-rambla-de-biznaga\\\/#primaryimage\",\"url\":\"https:\\\/\\\/arealorcaradio.es\\\/wp-content\\\/uploads\\\/2023\\\/09\\\/rambla-biznaga.jpg\",\"contentUrl\":\"https:\\\/\\\/arealorcaradio.es\\\/wp-content\\\/uploads\\\/2023\\\/09\\\/rambla-biznaga.jpg\",\"width\":758,\"height\":531},{\"@type\":\"BreadcrumbList\",\"@id\":\"https:\\\/\\\/arealorcaradio.es\\\/index.php\\\/2023\\\/09\\\/20\\\/continua-la-preocupacion-de-vecinos-de-campillo-y-torrecilla-por-la-inoperancia-de-la-chs-sobre-el-drenaje-de-la-rambla-de-biznaga\\\/#breadcrumb\",\"itemListElement\":[{\"@type\":\"ListItem\",\"position\":1,\"name\":\"Portada\",\"item\":\"https:\\\/\\\/arealorcaradio.es\\\/\"},{\"@type\":\"ListItem\",\"position\":2,\"name\":\"Contin\u00faa la preocupaci\u00f3n de vecinos de Campillo y Torrecilla por la inoperancia de la CHS sobre el drenaje de la Rambla de Biznaga\"}]},{\"@type\":\"WebSite\",\"@id\":\"https:\\\/\\\/arealorcaradio.es\\\/#website\",\"url\":\"https:\\\/\\\/arealorcaradio.es\\\/\",\"name\":\"AREA LORCA RADIO\",\"description\":\"Descubre la programaci\u00f3n actual en \u00c1rea Lorca Radio, tu fuente de entrenamiento y noticias locales. Sintoniza ahora y mantente conectado online.\",\"potentialAction\":[{\"@type\":\"SearchAction\",\"target\":{\"@type\":\"EntryPoint\",\"urlTemplate\":\"https:\\\/\\\/arealorcaradio.es\\\/?s={search_term_string}\"},\"query-input\":{\"@type\":\"PropertyValueSpecification\",\"valueRequired\":true,\"valueName\":\"search_term_string\"}}],\"inLanguage\":\"es\"},{\"@type\":\"Person\",\"@id\":\"https:\\\/\\\/arealorcaradio.es\\\/#\\\/schema\\\/person\\\/9fae605fc25b0f2c83c1ab207139bd27\",\"name\":\"Paco S\u00e1nchez\",\"image\":{\"@type\":\"ImageObject\",\"inLanguage\":\"es\",\"@id\":\"https:\\\/\\\/secure.gravatar.com\\\/avatar\\\/d67144e966420fb74aa84c9f2a0103be4724fd14db52b52d3b6bca749f257e79?s=96&d=mm&r=g\",\"url\":\"https:\\\/\\\/secure.gravatar.com\\\/avatar\\\/d67144e966420fb74aa84c9f2a0103be4724fd14db52b52d3b6bca749f257e79?s=96&d=mm&r=g\",\"contentUrl\":\"https:\\\/\\\/secure.gravatar.com\\\/avatar\\\/d67144e966420fb74aa84c9f2a0103be4724fd14db52b52d3b6bca749f257e79?s=96&d=mm&r=g\",\"caption\":\"Paco S\u00e1nchez\"},\"sameAs\":[\"https:\\\/\\\/arealorcaradio.es\"],\"url\":\"https:\\\/\\\/arealorcaradio.es\\\/index.php\\\/author\\\/admin_alorcaradio\\\/\"}]}<\/script>\n<!-- \/ Yoast SEO plugin. -->","yoast_head_json":{"title":"Contin\u00faa la preocupaci\u00f3n de vecinos de Campillo y Torrecilla por la inoperancia de la CHS sobre el drenaje de la Rambla de Biznaga - AREA LORCA RADIO","robots":{"index":"index","follow":"follow","max-snippet":"max-snippet:-1","max-image-preview":"max-image-preview:large","max-video-preview":"max-video-preview:-1"},"canonical":"https:\/\/arealorcaradio.es\/index.php\/2023\/09\/20\/continua-la-preocupacion-de-vecinos-de-campillo-y-torrecilla-por-la-inoperancia-de-la-chs-sobre-el-drenaje-de-la-rambla-de-biznaga\/","og_locale":"es_ES","og_type":"article","og_title":"Contin\u00faa la preocupaci\u00f3n de vecinos de Campillo y Torrecilla por la inoperancia de la CHS sobre el drenaje de la Rambla de Biznaga - AREA LORCA RADIO","og_description":"\u00c1REA LORCA RADIO. Cuando est\u00e1n a punto de cumplirse 11 a\u00f1os de la riada de San Wenceslao que inund\u00f3 las pedan\u00edas de Campillo y Torrecilla, poco se ha adelantado en referencia a las medidas a adoptar por la Confederaci\u00f3n Hidrogr\u00e1fica del Segura para que lo ocurrido aquel 28 de septiembre de 2012 no vuelva a [&hellip;]","og_url":"https:\/\/arealorcaradio.es\/index.php\/2023\/09\/20\/continua-la-preocupacion-de-vecinos-de-campillo-y-torrecilla-por-la-inoperancia-de-la-chs-sobre-el-drenaje-de-la-rambla-de-biznaga\/","og_site_name":"AREA LORCA RADIO","article_published_time":"2023-09-20T08:47:57+00:00","og_image":[{"width":758,"height":531,"url":"https:\/\/arealorcaradio.es\/wp-content\/uploads\/2023\/09\/rambla-biznaga.jpg","type":"image\/jpeg"}],"author":"Paco S\u00e1nchez","twitter_card":"summary_large_image","twitter_misc":{"Escrito por":"Paco S\u00e1nchez","Tiempo de lectura":"1 minuto"},"schema":{"@context":"https:\/\/schema.org","@graph":[{"@type":"Article","@id":"https:\/\/arealorcaradio.es\/index.php\/2023\/09\/20\/continua-la-preocupacion-de-vecinos-de-campillo-y-torrecilla-por-la-inoperancia-de-la-chs-sobre-el-drenaje-de-la-rambla-de-biznaga\/#article","isPartOf":{"@id":"https:\/\/arealorcaradio.es\/index.php\/2023\/09\/20\/continua-la-preocupacion-de-vecinos-de-campillo-y-torrecilla-por-la-inoperancia-de-la-chs-sobre-el-drenaje-de-la-rambla-de-biznaga\/"},"author":{"name":"Paco S\u00e1nchez","@id":"https:\/\/arealorcaradio.es\/#\/schema\/person\/9fae605fc25b0f2c83c1ab207139bd27"},"headline":"Contin\u00faa la preocupaci\u00f3n de vecinos de Campillo y Torrecilla por la inoperancia de la CHS sobre el drenaje de la Rambla de Biznaga","datePublished":"2023-09-20T08:47:57+00:00","mainEntityOfPage":{"@id":"https:\/\/arealorcaradio.es\/index.php\/2023\/09\/20\/continua-la-preocupacion-de-vecinos-de-campillo-y-torrecilla-por-la-inoperancia-de-la-chs-sobre-el-drenaje-de-la-rambla-de-biznaga\/"},"wordCount":133,"commentCount":0,"image":{"@id":"https:\/\/arealorcaradio.es\/index.php\/2023\/09\/20\/continua-la-preocupacion-de-vecinos-de-campillo-y-torrecilla-por-la-inoperancia-de-la-chs-sobre-el-drenaje-de-la-rambla-de-biznaga\/#primaryimage"},"thumbnailUrl":"https:\/\/arealorcaradio.es\/wp-content\/uploads\/2023\/09\/rambla-biznaga.jpg","articleSection":["LORCA"],"inLanguage":"es","potentialAction":[{"@type":"CommentAction","name":"Comment","target":["https:\/\/arealorcaradio.es\/index.php\/2023\/09\/20\/continua-la-preocupacion-de-vecinos-de-campillo-y-torrecilla-por-la-inoperancia-de-la-chs-sobre-el-drenaje-de-la-rambla-de-biznaga\/#respond"]}]},{"@type":"WebPage","@id":"https:\/\/arealorcaradio.es\/index.php\/2023\/09\/20\/continua-la-preocupacion-de-vecinos-de-campillo-y-torrecilla-por-la-inoperancia-de-la-chs-sobre-el-drenaje-de-la-rambla-de-biznaga\/","url":"https:\/\/arealorcaradio.es\/index.php\/2023\/09\/20\/continua-la-preocupacion-de-vecinos-de-campillo-y-torrecilla-por-la-inoperancia-de-la-chs-sobre-el-drenaje-de-la-rambla-de-biznaga\/","name":"Contin\u00faa la preocupaci\u00f3n de vecinos de Campillo y Torrecilla por la inoperancia de la CHS sobre el drenaje de la Rambla de Biznaga - AREA LORCA RADIO","isPartOf":{"@id":"https:\/\/arealorcaradio.es\/#website"},"primaryImageOfPage":{"@id":"https:\/\/arealorcaradio.es\/index.php\/2023\/09\/20\/continua-la-preocupacion-de-vecinos-de-campillo-y-torrecilla-por-la-inoperancia-de-la-chs-sobre-el-drenaje-de-la-rambla-de-biznaga\/#primaryimage"},"image":{"@id":"https:\/\/arealorcaradio.es\/index.php\/2023\/09\/20\/continua-la-preocupacion-de-vecinos-de-campillo-y-torrecilla-por-la-inoperancia-de-la-chs-sobre-el-drenaje-de-la-rambla-de-biznaga\/#primaryimage"},"thumbnailUrl":"https:\/\/arealorcaradio.es\/wp-content\/uploads\/2023\/09\/rambla-biznaga.jpg","datePublished":"2023-09-20T08:47:57+00:00","author":{"@id":"https:\/\/arealorcaradio.es\/#\/schema\/person\/9fae605fc25b0f2c83c1ab207139bd27"},"breadcrumb":{"@id":"https:\/\/arealorcaradio.es\/index.php\/2023\/09\/20\/continua-la-preocupacion-de-vecinos-de-campillo-y-torrecilla-por-la-inoperancia-de-la-chs-sobre-el-drenaje-de-la-rambla-de-biznaga\/#breadcrumb"},"inLanguage":"es","potentialAction":[{"@type":"ReadAction","target":["https:\/\/arealorcaradio.es\/index.php\/2023\/09\/20\/continua-la-preocupacion-de-vecinos-de-campillo-y-torrecilla-por-la-inoperancia-de-la-chs-sobre-el-drenaje-de-la-rambla-de-biznaga\/"]}]},{"@type":"ImageObject","inLanguage":"es","@id":"https:\/\/arealorcaradio.es\/index.php\/2023\/09\/20\/continua-la-preocupacion-de-vecinos-de-campillo-y-torrecilla-por-la-inoperancia-de-la-chs-sobre-el-drenaje-de-la-rambla-de-biznaga\/#primaryimage","url":"https:\/\/arealorcaradio.es\/wp-content\/uploads\/2023\/09\/rambla-biznaga.jpg","contentUrl":"https:\/\/arealorcaradio.es\/wp-content\/uploads\/2023\/09\/rambla-biznaga.jpg","width":758,"height":531},{"@type":"BreadcrumbList","@id":"https:\/\/arealorcaradio.es\/index.php\/2023\/09\/20\/continua-la-preocupacion-de-vecinos-de-campillo-y-torrecilla-por-la-inoperancia-de-la-chs-sobre-el-drenaje-de-la-rambla-de-biznaga\/#breadcrumb","itemListElement":[{"@type":"ListItem","position":1,"name":"Portada","item":"https:\/\/arealorcaradio.es\/"},{"@type":"ListItem","position":2,"name":"Contin\u00faa la preocupaci\u00f3n de vecinos de Campillo y Torrecilla por la inoperancia de la CHS sobre el drenaje de la Rambla de Biznaga"}]},{"@type":"WebSite","@id":"https:\/\/arealorcaradio.es\/#website","url":"https:\/\/arealorcaradio.es\/","name":"AREA LORCA RADIO","description":"Descubre la programaci\u00f3n actual en \u00c1rea Lorca Radio, tu fuente de entrenamiento y noticias locales. Sintoniza ahora y mantente conectado online.","potentialAction":[{"@type":"SearchAction","target":{"@type":"EntryPoint","urlTemplate":"https:\/\/arealorcaradio.es\/?s={search_term_string}"},"query-input":{"@type":"PropertyValueSpecification","valueRequired":true,"valueName":"search_term_string"}}],"inLanguage":"es"},{"@type":"Person","@id":"https:\/\/arealorcaradio.es\/#\/schema\/person\/9fae605fc25b0f2c83c1ab207139bd27","name":"Paco S\u00e1nchez","image":{"@type":"ImageObject","inLanguage":"es","@id":"https:\/\/secure.gravatar.com\/avatar\/d67144e966420fb74aa84c9f2a0103be4724fd14db52b52d3b6bca749f257e79?s=96&d=mm&r=g","url":"https:\/\/secure.gravatar.com\/avatar\/d67144e966420fb74aa84c9f2a0103be4724fd14db52b52d3b6bca749f257e79?s=96&d=mm&r=g","contentUrl":"https:\/\/secure.gravatar.com\/avatar\/d67144e966420fb74aa84c9f2a0103be4724fd14db52b52d3b6bca749f257e79?s=96&d=mm&r=g","caption":"Paco S\u00e1nchez"},"sameAs":["https:\/\/arealorcaradio.es"],"url":"https:\/\/arealorcaradio.es\/index.php\/author\/admin_alorcaradio\/"}]}},"_links":{"self":[{"href":"https:\/\/arealorcaradio.es\/index.php\/wp-json\/wp\/v2\/posts\/1453","targetHints":{"allow":["GET"]}}],"collection":[{"href":"https:\/\/arealorcaradio.es\/index.php\/wp-json\/wp\/v2\/posts"}],"about":[{"href":"https:\/\/arealorcaradio.es\/index.php\/wp-json\/wp\/v2\/types\/post"}],"author":[{"embeddable":true,"href":"https:\/\/arealorcaradio.es\/index.php\/wp-json\/wp\/v2\/users\/1"}],"replies":[{"embeddable":true,"href":"https:\/\/arealorcaradio.es\/index.php\/wp-json\/wp\/v2\/comments?post=1453"}],"version-history":[{"count":2,"href":"https:\/\/arealorcaradio.es\/index.php\/wp-json\/wp\/v2\/posts\/1453\/revisions"}],"predecessor-version":[{"id":1457,"href":"https:\/\/arealorcaradio.es\/index.php\/wp-json\/wp\/v2\/posts\/1453\/revisions\/1457"}],"wp:featuredmedia":[{"embeddable":true,"href":"https:\/\/arealorcaradio.es\/index.php\/wp-json\/wp\/v2\/media\/1455"}],"wp:attachment":[{"href":"https:\/\/arealorcaradio.es\/index.php\/wp-json\/wp\/v2\/media?parent=1453"}],"wp:term":[{"taxonomy":"category","embeddable":true,"href":"https:\/\/arealorcaradio.es\/index.php\/wp-json\/wp\/v2\/categories?post=1453"},{"taxonomy":"post_tag","embeddable":true,"href":"https:\/\/arealorcaradio.es\/index.php\/wp-json\/wp\/v2\/tags?post=1453"}],"curies":[{"name":"wp","href":"https:\/\/api.w.org\/{rel}","templated":true}]}}