{"id":1447,"date":"2023-09-19T16:41:27","date_gmt":"2023-09-19T16:41:27","guid":{"rendered":"https:\/\/arealorcaradio.es\/?p=1447"},"modified":"2023-09-19T16:42:40","modified_gmt":"2023-09-19T16:42:40","slug":"13-mujeres-participan-en-el-proyecto-carmen-dirigido-a-fomentar-la-autonomia-y-el-empoderamiento-en-el-ambito-laboral","status":"publish","type":"post","link":"https:\/\/arealorcaradio.es\/index.php\/2023\/09\/19\/13-mujeres-participan-en-el-proyecto-carmen-dirigido-a-fomentar-la-autonomia-y-el-empoderamiento-en-el-ambito-laboral\/","title":{"rendered":"13 mujeres participan en el &#8216;Proyecto Carmen&#8217;, dirigido a fomentar la autonom\u00eda y el empoderamiento en el \u00e1mbito laboral"},"content":{"rendered":"<p>\u00c1REA LORCA RADIO.<\/p>\n<p><b>Fomentar la autonom\u00eda, el empoderamiento y el emprendimiento con plena igualdad de oportunidades para las mujeres.<\/b>\u00a0Estos son los objetivos principales del &#8216;Proyecto Carmen&#8217;, promovido por la Federaci\u00f3n de Mujeres de Lorca, y que alcanza este a\u00f1o su cuarta edici\u00f3n.<\/p>\n<p>Hasta el momento,<b>\u00a0un total de 13 mujeres participan<\/b>\u00a0en este programa gratuito, aunque a\u00fan es posible que otras interesadas puedan entrar a formar parte del proyecto. \u00abHabilitamos unos d\u00edas m\u00e1s para aquellas mujeres que lo conozcan una vez iniciado, y muestren inter\u00e9s en sumarse para adquirir competencias y aumentar las oportunidades de encontrar un empleo. A d\u00eda de hoy,\u00a0hemos recibido hasta 50 solicitudes; el n\u00famero de plazas es de 18\u00bb,\u00a0indicaba Pilar Fern\u00e1ndez, presidenta de la Federaci\u00f3n.<\/p>\n<p>El acto de inauguraci\u00f3n oficial, que ha tenido lugar en el FOML, ha contado con la participaci\u00f3n de la directora general de Familias, <b>Silvia Mu\u00f1oz Hern\u00e1ndez<\/b>; la presidenta de la Federaci\u00f3n<b>, Pilar Fern\u00e1ndez<\/b>; y la edil de Mujer,\u00a0<b>Mar\u00eda de las Huertas Garc\u00eda.<\/b><\/p>\n<p>El &#8216;Proyecto Carmen&#8217; es un programa de impulso a la empleabilidad dirigido a mujeres de Lorca y comarca, de entre 16 a 45 a\u00f1os, para apoyar la b\u00fasqueda de trabajo y disminuir su situaci\u00f3n de precariedad laboral.\u00a0Se llevar\u00e1 a cabo -de manera presencial- los martes, mi\u00e9rcoles y viernes, en horario de 9:30 a 13:30 horas, en la sede del FOML (c\/ Padre Azor, 4) hasta el mes de diciembre. Est\u00e1 desarrollado por la propia Federaci\u00f3n de Mujeres de Lorca; tiene una dotaci\u00f3n de 46.000 euros, financiados por la Direcci\u00f3n General de la mujer de la Consejer\u00eda de Pol\u00edtica Social, Familias e Igualdad, con los fondos del Pacto de Estado Contra la Violencia de G\u00e9nero; y cuenta con la colaboraci\u00f3n del Ayuntamiento de Lorca.<\/p>\n<p>Tiene como prop\u00f3sito\u00a0<b>aumentar la motivaci\u00f3n y fomentar las oportunidades a trav\u00e9s del autoconocimiento\u00a0<\/b>y la mejora de sus competencias y habilidades; y cuenta con el apoyo, adem\u00e1s de empresas e instituciones p\u00fablicas y privadas, de profesionales cualificados encargados de guiar en la<b>\u00a0formaci\u00f3n, la motivaci\u00f3n, el autoconocimiento y su desarrollo cualitativo,<\/b>\u00a0ofreciendo herramientas de psicoeducaci\u00f3n y acompa\u00f1amiento grupal, pero tambi\u00e9n individualizado.<\/p>\n<p>Lo hace a trav\u00e9s de\u00a0<b>sesiones espec\u00edficas con din\u00e1micas de grupo, fundamentadas en la empleabilidad y la preparaci\u00f3n para las entrevistas, formaciones de competencias b\u00e1sicas digitales, talleres donde trabajar objetivos profesionales y encuentros con empresas interesadas y foros de empleo.<\/b><\/p>\n<p>Todo ello,\u00a0<b>generando redes de apoyo\u00a0y espacios de networking,<\/b>\u00a0adem\u00e1s de una\u00a0<b>\u00abMesa de Emprendedoras\u00bb\u00a0<\/b>en la que decenas de participantes lograr\u00e1n entrar a formar parte de un entorno de promoci\u00f3n laboral real.<\/p>\n<p>Gracias a este programa \u00abpromovemos la equidad laboral y concienciaci\u00f3n, se desaf\u00edan estereotipos y se trabaja para construir un entorno de valores que promueva la igualdad en el empleo\u00bb, significaba Mar\u00eda de las Huertas Garc\u00eda. \u00abEsta iniciativa est\u00e1 consolidada y cada a\u00f1o ofrece una oportunidad m\u00e1s a todas aquellas mujeres que desean adquirir nuevas habilidades, fortalecer su confianza y su autoestima&#8230; En definitiva, abrirse puertas en el mundo laboral\u00bb.<\/p>\n<p><b>Destaca el impacto positivo del proyecto<\/b>. \u00abEn la III edici\u00f3n, cuatro de sus 16 participantes encontraron un trabajo, cinco retomaron su formaci\u00f3n para mejorar su perfil profesional y cinco realizan pr\u00e1cticas en empresas\u00bb, concretaba Pilar Fern\u00e1ndez.<\/p>\n<p>Tambi\u00e9n cabe mencionar el convenio con la entidad Caser, para la realizaci\u00f3n de pr\u00e1cticas una vez finalizado el curso, adem\u00e1s de la colaboraci\u00f3n con otras entidades y colectivos de otros municipios, como las participantes del &#8216;Proyecto Sara Rom\u00ed&#8217;, que se llev\u00f3 a cabo en Puerto Lumbreras.<\/p>\n<p>La\u00a0<b>clausura de esta IV edici\u00f3n tendr\u00e1 lugar el 22 de diciembre c<\/b>on el reconocimiento a las participantes y la entrega de diplomas acreditativos.<\/p>\n<p>Desde la Federaci\u00f3n \u00abrecordamos que el plazo de\u00a0inscripci\u00f3n a\u00fan est\u00e1 abierto unos d\u00edas m\u00e1s. Se puede formalizar a trav\u00e9s del formulario de la web\u00a0&#8216;<a href=\"https:\/\/fomlorca.org\/proyectos\/proyecto-carmen\/\" target=\"_blank\" rel=\"noopener noreferrer\">https:\/\/fomlorca.org\/proyectos\/proyecto-<span class=\"v1gmail-il\">carmen<\/span>\/<\/a>&#8216;; y cualquier consulta se puede realizar en la propia sede (c\/ Padre Azor, 4) o en el tel\u00e9fono 646 39 44 34&#8243;.<\/p>\n<p><img loading=\"lazy\" decoding=\"async\" class=\"alignnone size-medium wp-image-1448\" src=\"https:\/\/arealorcaradio.es\/wp-content\/uploads\/2023\/09\/20230919_170830-300x225.jpg\" alt=\"\" width=\"300\" height=\"225\" srcset=\"https:\/\/arealorcaradio.es\/wp-content\/uploads\/2023\/09\/20230919_170830-300x225.jpg 300w, https:\/\/arealorcaradio.es\/wp-content\/uploads\/2023\/09\/20230919_170830-1024x768.jpg 1024w, https:\/\/arealorcaradio.es\/wp-content\/uploads\/2023\/09\/20230919_170830-768x576.jpg 768w, https:\/\/arealorcaradio.es\/wp-content\/uploads\/2023\/09\/20230919_170830-1536x1152.jpg 1536w, https:\/\/arealorcaradio.es\/wp-content\/uploads\/2023\/09\/20230919_170830-2048x1536.jpg 2048w, https:\/\/arealorcaradio.es\/wp-content\/uploads\/2023\/09\/20230919_170830-86x64.jpg 86w\" sizes=\"auto, (max-width: 300px) 100vw, 300px\" \/><\/p>\n<audio class=\"wp-audio-shortcode\" id=\"audio-1447-1\" preload=\"none\" style=\"width: 100%;\" controls=\"controls\"><source type=\"audio\/mpeg\" src=\"https:\/\/arealorcaradio.es\/wp-content\/uploads\/2023\/09\/190923-PILAR-FERNANDEZ.-PROYECTO-CARMEN.mp3?_=1\" \/><a href=\"https:\/\/arealorcaradio.es\/wp-content\/uploads\/2023\/09\/190923-PILAR-FERNANDEZ.-PROYECTO-CARMEN.mp3\">https:\/\/arealorcaradio.es\/wp-content\/uploads\/2023\/09\/190923-PILAR-FERNANDEZ.-PROYECTO-CARMEN.mp3<\/a><\/audio>\n<p>La presidenta de la Federaci\u00f3n de Organizaciones de Mujeres de Lorca<b>, <\/b>Pilar Fern\u00e1ndez ha intervenido con Paco S\u00e1nchez en \u00c1rea Lorca Radio.<\/p>\n","protected":false},"excerpt":{"rendered":"<p>\u00c1REA LORCA RADIO. Fomentar la autonom\u00eda, el empoderamiento y el emprendimiento con plena igualdad de oportunidades para las mujeres.\u00a0Estos son los objetivos principales del &#8216;Proyecto Carmen&#8217;, promovido por la Federaci\u00f3n de Mujeres de Lorca, y que alcanza este a\u00f1o su cuarta edici\u00f3n. Hasta el momento,\u00a0un total de 13 mujeres participan\u00a0en este programa gratuito, aunque a\u00fan [&hellip;]<\/p>\n","protected":false},"author":1,"featured_media":1449,"comment_status":"open","ping_status":"open","sticky":false,"template":"","format":"standard","meta":{"iawp_total_views":1,"footnotes":""},"categories":[5,7],"tags":[],"class_list":["post-1447","post","type-post","status-publish","format-standard","has-post-thumbnail","hentry","category-actualidad","category-lorca"],"yoast_head":"<!-- This site is optimized with the Yoast SEO plugin v27.5 - https:\/\/yoast.com\/product\/yoast-seo-wordpress\/ -->\n<title>13 mujeres participan en el &#039;Proyecto Carmen&#039;, dirigido a fomentar la autonom\u00eda y el empoderamiento en el \u00e1mbito laboral - AREA LORCA RADIO<\/title>\n<meta name=\"robots\" content=\"index, follow, max-snippet:-1, max-image-preview:large, max-video-preview:-1\" \/>\n<link rel=\"canonical\" href=\"https:\/\/arealorcaradio.es\/index.php\/2023\/09\/19\/13-mujeres-participan-en-el-proyecto-carmen-dirigido-a-fomentar-la-autonomia-y-el-empoderamiento-en-el-ambito-laboral\/\" \/>\n<meta property=\"og:locale\" content=\"es_ES\" \/>\n<meta property=\"og:type\" content=\"article\" \/>\n<meta property=\"og:title\" content=\"13 mujeres participan en el &#039;Proyecto Carmen&#039;, dirigido a fomentar la autonom\u00eda y el empoderamiento en el \u00e1mbito laboral - AREA LORCA RADIO\" \/>\n<meta property=\"og:description\" content=\"\u00c1REA LORCA RADIO. Fomentar la autonom\u00eda, el empoderamiento y el emprendimiento con plena igualdad de oportunidades para las mujeres.\u00a0Estos son los objetivos principales del &#8216;Proyecto Carmen&#8217;, promovido por la Federaci\u00f3n de Mujeres de Lorca, y que alcanza este a\u00f1o su cuarta edici\u00f3n. Hasta el momento,\u00a0un total de 13 mujeres participan\u00a0en este programa gratuito, aunque a\u00fan [&hellip;]\" \/>\n<meta property=\"og:url\" content=\"https:\/\/arealorcaradio.es\/index.php\/2023\/09\/19\/13-mujeres-participan-en-el-proyecto-carmen-dirigido-a-fomentar-la-autonomia-y-el-empoderamiento-en-el-ambito-laboral\/\" \/>\n<meta property=\"og:site_name\" content=\"AREA LORCA RADIO\" \/>\n<meta property=\"article:published_time\" content=\"2023-09-19T16:41:27+00:00\" \/>\n<meta property=\"article:modified_time\" content=\"2023-09-19T16:42:40+00:00\" \/>\n<meta property=\"og:image\" content=\"https:\/\/arealorcaradio.es\/wp-content\/uploads\/2023\/09\/Maria-de-las-Huertas-G.-en-su-intervencion_--scaled.jpg\" \/>\n\t<meta property=\"og:image:width\" content=\"2560\" \/>\n\t<meta property=\"og:image:height\" content=\"1639\" \/>\n\t<meta property=\"og:image:type\" content=\"image\/jpeg\" \/>\n<meta name=\"author\" content=\"Paco S\u00e1nchez\" \/>\n<meta name=\"twitter:card\" content=\"summary_large_image\" \/>\n<meta name=\"twitter:label1\" content=\"Escrito por\" \/>\n\t<meta name=\"twitter:data1\" content=\"Paco S\u00e1nchez\" \/>\n\t<meta name=\"twitter:label2\" content=\"Tiempo de lectura\" \/>\n\t<meta name=\"twitter:data2\" content=\"4 minutos\" \/>\n<script type=\"application\/ld+json\" class=\"yoast-schema-graph\">{\"@context\":\"https:\\\/\\\/schema.org\",\"@graph\":[{\"@type\":\"Article\",\"@id\":\"https:\\\/\\\/arealorcaradio.es\\\/index.php\\\/2023\\\/09\\\/19\\\/13-mujeres-participan-en-el-proyecto-carmen-dirigido-a-fomentar-la-autonomia-y-el-empoderamiento-en-el-ambito-laboral\\\/#article\",\"isPartOf\":{\"@id\":\"https:\\\/\\\/arealorcaradio.es\\\/index.php\\\/2023\\\/09\\\/19\\\/13-mujeres-participan-en-el-proyecto-carmen-dirigido-a-fomentar-la-autonomia-y-el-empoderamiento-en-el-ambito-laboral\\\/\"},\"author\":{\"name\":\"Paco S\u00e1nchez\",\"@id\":\"https:\\\/\\\/arealorcaradio.es\\\/#\\\/schema\\\/person\\\/9fae605fc25b0f2c83c1ab207139bd27\"},\"headline\":\"13 mujeres participan en el &#8216;Proyecto Carmen&#8217;, dirigido a fomentar la autonom\u00eda y el empoderamiento en el \u00e1mbito laboral\",\"datePublished\":\"2023-09-19T16:41:27+00:00\",\"dateModified\":\"2023-09-19T16:42:40+00:00\",\"mainEntityOfPage\":{\"@id\":\"https:\\\/\\\/arealorcaradio.es\\\/index.php\\\/2023\\\/09\\\/19\\\/13-mujeres-participan-en-el-proyecto-carmen-dirigido-a-fomentar-la-autonomia-y-el-empoderamiento-en-el-ambito-laboral\\\/\"},\"wordCount\":763,\"commentCount\":0,\"image\":{\"@id\":\"https:\\\/\\\/arealorcaradio.es\\\/index.php\\\/2023\\\/09\\\/19\\\/13-mujeres-participan-en-el-proyecto-carmen-dirigido-a-fomentar-la-autonomia-y-el-empoderamiento-en-el-ambito-laboral\\\/#primaryimage\"},\"thumbnailUrl\":\"https:\\\/\\\/arealorcaradio.es\\\/wp-content\\\/uploads\\\/2023\\\/09\\\/Maria-de-las-Huertas-G.-en-su-intervencion_--scaled.jpg\",\"articleSection\":[\"ACTUALIDAD\",\"LORCA\"],\"inLanguage\":\"es\",\"potentialAction\":[{\"@type\":\"CommentAction\",\"name\":\"Comment\",\"target\":[\"https:\\\/\\\/arealorcaradio.es\\\/index.php\\\/2023\\\/09\\\/19\\\/13-mujeres-participan-en-el-proyecto-carmen-dirigido-a-fomentar-la-autonomia-y-el-empoderamiento-en-el-ambito-laboral\\\/#respond\"]}]},{\"@type\":\"WebPage\",\"@id\":\"https:\\\/\\\/arealorcaradio.es\\\/index.php\\\/2023\\\/09\\\/19\\\/13-mujeres-participan-en-el-proyecto-carmen-dirigido-a-fomentar-la-autonomia-y-el-empoderamiento-en-el-ambito-laboral\\\/\",\"url\":\"https:\\\/\\\/arealorcaradio.es\\\/index.php\\\/2023\\\/09\\\/19\\\/13-mujeres-participan-en-el-proyecto-carmen-dirigido-a-fomentar-la-autonomia-y-el-empoderamiento-en-el-ambito-laboral\\\/\",\"name\":\"13 mujeres participan en el 'Proyecto Carmen', dirigido a fomentar la autonom\u00eda y el empoderamiento en el \u00e1mbito laboral - AREA LORCA RADIO\",\"isPartOf\":{\"@id\":\"https:\\\/\\\/arealorcaradio.es\\\/#website\"},\"primaryImageOfPage\":{\"@id\":\"https:\\\/\\\/arealorcaradio.es\\\/index.php\\\/2023\\\/09\\\/19\\\/13-mujeres-participan-en-el-proyecto-carmen-dirigido-a-fomentar-la-autonomia-y-el-empoderamiento-en-el-ambito-laboral\\\/#primaryimage\"},\"image\":{\"@id\":\"https:\\\/\\\/arealorcaradio.es\\\/index.php\\\/2023\\\/09\\\/19\\\/13-mujeres-participan-en-el-proyecto-carmen-dirigido-a-fomentar-la-autonomia-y-el-empoderamiento-en-el-ambito-laboral\\\/#primaryimage\"},\"thumbnailUrl\":\"https:\\\/\\\/arealorcaradio.es\\\/wp-content\\\/uploads\\\/2023\\\/09\\\/Maria-de-las-Huertas-G.-en-su-intervencion_--scaled.jpg\",\"datePublished\":\"2023-09-19T16:41:27+00:00\",\"dateModified\":\"2023-09-19T16:42:40+00:00\",\"author\":{\"@id\":\"https:\\\/\\\/arealorcaradio.es\\\/#\\\/schema\\\/person\\\/9fae605fc25b0f2c83c1ab207139bd27\"},\"breadcrumb\":{\"@id\":\"https:\\\/\\\/arealorcaradio.es\\\/index.php\\\/2023\\\/09\\\/19\\\/13-mujeres-participan-en-el-proyecto-carmen-dirigido-a-fomentar-la-autonomia-y-el-empoderamiento-en-el-ambito-laboral\\\/#breadcrumb\"},\"inLanguage\":\"es\",\"potentialAction\":[{\"@type\":\"ReadAction\",\"target\":[\"https:\\\/\\\/arealorcaradio.es\\\/index.php\\\/2023\\\/09\\\/19\\\/13-mujeres-participan-en-el-proyecto-carmen-dirigido-a-fomentar-la-autonomia-y-el-empoderamiento-en-el-ambito-laboral\\\/\"]}]},{\"@type\":\"ImageObject\",\"inLanguage\":\"es\",\"@id\":\"https:\\\/\\\/arealorcaradio.es\\\/index.php\\\/2023\\\/09\\\/19\\\/13-mujeres-participan-en-el-proyecto-carmen-dirigido-a-fomentar-la-autonomia-y-el-empoderamiento-en-el-ambito-laboral\\\/#primaryimage\",\"url\":\"https:\\\/\\\/arealorcaradio.es\\\/wp-content\\\/uploads\\\/2023\\\/09\\\/Maria-de-las-Huertas-G.-en-su-intervencion_--scaled.jpg\",\"contentUrl\":\"https:\\\/\\\/arealorcaradio.es\\\/wp-content\\\/uploads\\\/2023\\\/09\\\/Maria-de-las-Huertas-G.-en-su-intervencion_--scaled.jpg\",\"width\":2560,\"height\":1639},{\"@type\":\"BreadcrumbList\",\"@id\":\"https:\\\/\\\/arealorcaradio.es\\\/index.php\\\/2023\\\/09\\\/19\\\/13-mujeres-participan-en-el-proyecto-carmen-dirigido-a-fomentar-la-autonomia-y-el-empoderamiento-en-el-ambito-laboral\\\/#breadcrumb\",\"itemListElement\":[{\"@type\":\"ListItem\",\"position\":1,\"name\":\"Portada\",\"item\":\"https:\\\/\\\/arealorcaradio.es\\\/\"},{\"@type\":\"ListItem\",\"position\":2,\"name\":\"13 mujeres participan en el &#8216;Proyecto Carmen&#8217;, dirigido a fomentar la autonom\u00eda y el empoderamiento en el \u00e1mbito laboral\"}]},{\"@type\":\"WebSite\",\"@id\":\"https:\\\/\\\/arealorcaradio.es\\\/#website\",\"url\":\"https:\\\/\\\/arealorcaradio.es\\\/\",\"name\":\"AREA LORCA RADIO\",\"description\":\"Descubre la programaci\u00f3n actual en \u00c1rea Lorca Radio, tu fuente de entrenamiento y noticias locales. Sintoniza ahora y mantente conectado online.\",\"potentialAction\":[{\"@type\":\"SearchAction\",\"target\":{\"@type\":\"EntryPoint\",\"urlTemplate\":\"https:\\\/\\\/arealorcaradio.es\\\/?s={search_term_string}\"},\"query-input\":{\"@type\":\"PropertyValueSpecification\",\"valueRequired\":true,\"valueName\":\"search_term_string\"}}],\"inLanguage\":\"es\"},{\"@type\":\"Person\",\"@id\":\"https:\\\/\\\/arealorcaradio.es\\\/#\\\/schema\\\/person\\\/9fae605fc25b0f2c83c1ab207139bd27\",\"name\":\"Paco S\u00e1nchez\",\"image\":{\"@type\":\"ImageObject\",\"inLanguage\":\"es\",\"@id\":\"https:\\\/\\\/secure.gravatar.com\\\/avatar\\\/d67144e966420fb74aa84c9f2a0103be4724fd14db52b52d3b6bca749f257e79?s=96&d=mm&r=g\",\"url\":\"https:\\\/\\\/secure.gravatar.com\\\/avatar\\\/d67144e966420fb74aa84c9f2a0103be4724fd14db52b52d3b6bca749f257e79?s=96&d=mm&r=g\",\"contentUrl\":\"https:\\\/\\\/secure.gravatar.com\\\/avatar\\\/d67144e966420fb74aa84c9f2a0103be4724fd14db52b52d3b6bca749f257e79?s=96&d=mm&r=g\",\"caption\":\"Paco S\u00e1nchez\"},\"sameAs\":[\"https:\\\/\\\/arealorcaradio.es\"],\"url\":\"https:\\\/\\\/arealorcaradio.es\\\/index.php\\\/author\\\/admin_alorcaradio\\\/\"}]}<\/script>\n<!-- \/ Yoast SEO plugin. -->","yoast_head_json":{"title":"13 mujeres participan en el 'Proyecto Carmen', dirigido a fomentar la autonom\u00eda y el empoderamiento en el \u00e1mbito laboral - AREA LORCA RADIO","robots":{"index":"index","follow":"follow","max-snippet":"max-snippet:-1","max-image-preview":"max-image-preview:large","max-video-preview":"max-video-preview:-1"},"canonical":"https:\/\/arealorcaradio.es\/index.php\/2023\/09\/19\/13-mujeres-participan-en-el-proyecto-carmen-dirigido-a-fomentar-la-autonomia-y-el-empoderamiento-en-el-ambito-laboral\/","og_locale":"es_ES","og_type":"article","og_title":"13 mujeres participan en el 'Proyecto Carmen', dirigido a fomentar la autonom\u00eda y el empoderamiento en el \u00e1mbito laboral - AREA LORCA RADIO","og_description":"\u00c1REA LORCA RADIO. Fomentar la autonom\u00eda, el empoderamiento y el emprendimiento con plena igualdad de oportunidades para las mujeres.\u00a0Estos son los objetivos principales del &#8216;Proyecto Carmen&#8217;, promovido por la Federaci\u00f3n de Mujeres de Lorca, y que alcanza este a\u00f1o su cuarta edici\u00f3n. Hasta el momento,\u00a0un total de 13 mujeres participan\u00a0en este programa gratuito, aunque a\u00fan [&hellip;]","og_url":"https:\/\/arealorcaradio.es\/index.php\/2023\/09\/19\/13-mujeres-participan-en-el-proyecto-carmen-dirigido-a-fomentar-la-autonomia-y-el-empoderamiento-en-el-ambito-laboral\/","og_site_name":"AREA LORCA RADIO","article_published_time":"2023-09-19T16:41:27+00:00","article_modified_time":"2023-09-19T16:42:40+00:00","og_image":[{"width":2560,"height":1639,"url":"https:\/\/arealorcaradio.es\/wp-content\/uploads\/2023\/09\/Maria-de-las-Huertas-G.-en-su-intervencion_--scaled.jpg","type":"image\/jpeg"}],"author":"Paco S\u00e1nchez","twitter_card":"summary_large_image","twitter_misc":{"Escrito por":"Paco S\u00e1nchez","Tiempo de lectura":"4 minutos"},"schema":{"@context":"https:\/\/schema.org","@graph":[{"@type":"Article","@id":"https:\/\/arealorcaradio.es\/index.php\/2023\/09\/19\/13-mujeres-participan-en-el-proyecto-carmen-dirigido-a-fomentar-la-autonomia-y-el-empoderamiento-en-el-ambito-laboral\/#article","isPartOf":{"@id":"https:\/\/arealorcaradio.es\/index.php\/2023\/09\/19\/13-mujeres-participan-en-el-proyecto-carmen-dirigido-a-fomentar-la-autonomia-y-el-empoderamiento-en-el-ambito-laboral\/"},"author":{"name":"Paco S\u00e1nchez","@id":"https:\/\/arealorcaradio.es\/#\/schema\/person\/9fae605fc25b0f2c83c1ab207139bd27"},"headline":"13 mujeres participan en el &#8216;Proyecto Carmen&#8217;, dirigido a fomentar la autonom\u00eda y el empoderamiento en el \u00e1mbito laboral","datePublished":"2023-09-19T16:41:27+00:00","dateModified":"2023-09-19T16:42:40+00:00","mainEntityOfPage":{"@id":"https:\/\/arealorcaradio.es\/index.php\/2023\/09\/19\/13-mujeres-participan-en-el-proyecto-carmen-dirigido-a-fomentar-la-autonomia-y-el-empoderamiento-en-el-ambito-laboral\/"},"wordCount":763,"commentCount":0,"image":{"@id":"https:\/\/arealorcaradio.es\/index.php\/2023\/09\/19\/13-mujeres-participan-en-el-proyecto-carmen-dirigido-a-fomentar-la-autonomia-y-el-empoderamiento-en-el-ambito-laboral\/#primaryimage"},"thumbnailUrl":"https:\/\/arealorcaradio.es\/wp-content\/uploads\/2023\/09\/Maria-de-las-Huertas-G.-en-su-intervencion_--scaled.jpg","articleSection":["ACTUALIDAD","LORCA"],"inLanguage":"es","potentialAction":[{"@type":"CommentAction","name":"Comment","target":["https:\/\/arealorcaradio.es\/index.php\/2023\/09\/19\/13-mujeres-participan-en-el-proyecto-carmen-dirigido-a-fomentar-la-autonomia-y-el-empoderamiento-en-el-ambito-laboral\/#respond"]}]},{"@type":"WebPage","@id":"https:\/\/arealorcaradio.es\/index.php\/2023\/09\/19\/13-mujeres-participan-en-el-proyecto-carmen-dirigido-a-fomentar-la-autonomia-y-el-empoderamiento-en-el-ambito-laboral\/","url":"https:\/\/arealorcaradio.es\/index.php\/2023\/09\/19\/13-mujeres-participan-en-el-proyecto-carmen-dirigido-a-fomentar-la-autonomia-y-el-empoderamiento-en-el-ambito-laboral\/","name":"13 mujeres participan en el 'Proyecto Carmen', dirigido a fomentar la autonom\u00eda y el empoderamiento en el \u00e1mbito laboral - AREA LORCA RADIO","isPartOf":{"@id":"https:\/\/arealorcaradio.es\/#website"},"primaryImageOfPage":{"@id":"https:\/\/arealorcaradio.es\/index.php\/2023\/09\/19\/13-mujeres-participan-en-el-proyecto-carmen-dirigido-a-fomentar-la-autonomia-y-el-empoderamiento-en-el-ambito-laboral\/#primaryimage"},"image":{"@id":"https:\/\/arealorcaradio.es\/index.php\/2023\/09\/19\/13-mujeres-participan-en-el-proyecto-carmen-dirigido-a-fomentar-la-autonomia-y-el-empoderamiento-en-el-ambito-laboral\/#primaryimage"},"thumbnailUrl":"https:\/\/arealorcaradio.es\/wp-content\/uploads\/2023\/09\/Maria-de-las-Huertas-G.-en-su-intervencion_--scaled.jpg","datePublished":"2023-09-19T16:41:27+00:00","dateModified":"2023-09-19T16:42:40+00:00","author":{"@id":"https:\/\/arealorcaradio.es\/#\/schema\/person\/9fae605fc25b0f2c83c1ab207139bd27"},"breadcrumb":{"@id":"https:\/\/arealorcaradio.es\/index.php\/2023\/09\/19\/13-mujeres-participan-en-el-proyecto-carmen-dirigido-a-fomentar-la-autonomia-y-el-empoderamiento-en-el-ambito-laboral\/#breadcrumb"},"inLanguage":"es","potentialAction":[{"@type":"ReadAction","target":["https:\/\/arealorcaradio.es\/index.php\/2023\/09\/19\/13-mujeres-participan-en-el-proyecto-carmen-dirigido-a-fomentar-la-autonomia-y-el-empoderamiento-en-el-ambito-laboral\/"]}]},{"@type":"ImageObject","inLanguage":"es","@id":"https:\/\/arealorcaradio.es\/index.php\/2023\/09\/19\/13-mujeres-participan-en-el-proyecto-carmen-dirigido-a-fomentar-la-autonomia-y-el-empoderamiento-en-el-ambito-laboral\/#primaryimage","url":"https:\/\/arealorcaradio.es\/wp-content\/uploads\/2023\/09\/Maria-de-las-Huertas-G.-en-su-intervencion_--scaled.jpg","contentUrl":"https:\/\/arealorcaradio.es\/wp-content\/uploads\/2023\/09\/Maria-de-las-Huertas-G.-en-su-intervencion_--scaled.jpg","width":2560,"height":1639},{"@type":"BreadcrumbList","@id":"https:\/\/arealorcaradio.es\/index.php\/2023\/09\/19\/13-mujeres-participan-en-el-proyecto-carmen-dirigido-a-fomentar-la-autonomia-y-el-empoderamiento-en-el-ambito-laboral\/#breadcrumb","itemListElement":[{"@type":"ListItem","position":1,"name":"Portada","item":"https:\/\/arealorcaradio.es\/"},{"@type":"ListItem","position":2,"name":"13 mujeres participan en el &#8216;Proyecto Carmen&#8217;, dirigido a fomentar la autonom\u00eda y el empoderamiento en el \u00e1mbito laboral"}]},{"@type":"WebSite","@id":"https:\/\/arealorcaradio.es\/#website","url":"https:\/\/arealorcaradio.es\/","name":"AREA LORCA RADIO","description":"Descubre la programaci\u00f3n actual en \u00c1rea Lorca Radio, tu fuente de entrenamiento y noticias locales. Sintoniza ahora y mantente conectado online.","potentialAction":[{"@type":"SearchAction","target":{"@type":"EntryPoint","urlTemplate":"https:\/\/arealorcaradio.es\/?s={search_term_string}"},"query-input":{"@type":"PropertyValueSpecification","valueRequired":true,"valueName":"search_term_string"}}],"inLanguage":"es"},{"@type":"Person","@id":"https:\/\/arealorcaradio.es\/#\/schema\/person\/9fae605fc25b0f2c83c1ab207139bd27","name":"Paco S\u00e1nchez","image":{"@type":"ImageObject","inLanguage":"es","@id":"https:\/\/secure.gravatar.com\/avatar\/d67144e966420fb74aa84c9f2a0103be4724fd14db52b52d3b6bca749f257e79?s=96&d=mm&r=g","url":"https:\/\/secure.gravatar.com\/avatar\/d67144e966420fb74aa84c9f2a0103be4724fd14db52b52d3b6bca749f257e79?s=96&d=mm&r=g","contentUrl":"https:\/\/secure.gravatar.com\/avatar\/d67144e966420fb74aa84c9f2a0103be4724fd14db52b52d3b6bca749f257e79?s=96&d=mm&r=g","caption":"Paco S\u00e1nchez"},"sameAs":["https:\/\/arealorcaradio.es"],"url":"https:\/\/arealorcaradio.es\/index.php\/author\/admin_alorcaradio\/"}]}},"_links":{"self":[{"href":"https:\/\/arealorcaradio.es\/index.php\/wp-json\/wp\/v2\/posts\/1447","targetHints":{"allow":["GET"]}}],"collection":[{"href":"https:\/\/arealorcaradio.es\/index.php\/wp-json\/wp\/v2\/posts"}],"about":[{"href":"https:\/\/arealorcaradio.es\/index.php\/wp-json\/wp\/v2\/types\/post"}],"author":[{"embeddable":true,"href":"https:\/\/arealorcaradio.es\/index.php\/wp-json\/wp\/v2\/users\/1"}],"replies":[{"embeddable":true,"href":"https:\/\/arealorcaradio.es\/index.php\/wp-json\/wp\/v2\/comments?post=1447"}],"version-history":[{"count":2,"href":"https:\/\/arealorcaradio.es\/index.php\/wp-json\/wp\/v2\/posts\/1447\/revisions"}],"predecessor-version":[{"id":1452,"href":"https:\/\/arealorcaradio.es\/index.php\/wp-json\/wp\/v2\/posts\/1447\/revisions\/1452"}],"wp:featuredmedia":[{"embeddable":true,"href":"https:\/\/arealorcaradio.es\/index.php\/wp-json\/wp\/v2\/media\/1449"}],"wp:attachment":[{"href":"https:\/\/arealorcaradio.es\/index.php\/wp-json\/wp\/v2\/media?parent=1447"}],"wp:term":[{"taxonomy":"category","embeddable":true,"href":"https:\/\/arealorcaradio.es\/index.php\/wp-json\/wp\/v2\/categories?post=1447"},{"taxonomy":"post_tag","embeddable":true,"href":"https:\/\/arealorcaradio.es\/index.php\/wp-json\/wp\/v2\/tags?post=1447"}],"curies":[{"name":"wp","href":"https:\/\/api.w.org\/{rel}","templated":true}]}}