{"id":1435,"date":"2023-09-19T14:26:48","date_gmt":"2023-09-19T14:26:48","guid":{"rendered":"https:\/\/arealorcaradio.es\/?p=1435"},"modified":"2023-09-19T14:26:48","modified_gmt":"2023-09-19T14:26:48","slug":"las-alamedas-de-lorca-acogeran-el-fin-de-semana-la-exhibicion-de-enganches-con-la-participacion-de-mas-de-40-carruajes","status":"publish","type":"post","link":"https:\/\/arealorcaradio.es\/index.php\/2023\/09\/19\/las-alamedas-de-lorca-acogeran-el-fin-de-semana-la-exhibicion-de-enganches-con-la-participacion-de-mas-de-40-carruajes\/","title":{"rendered":"Las Alamedas de Lorca acoger\u00e1n el fin de semana la exhibici\u00f3n de enganches con la participaci\u00f3n de m\u00e1s de 40 carruajes"},"content":{"rendered":"<p>\u00c1REA LORCA RADIO.<\/p>\n<p class=\"v1MsoNormal\">Las Alamedas de Lorca ser\u00e1n el pr\u00f3ximo fin de semana el escenario de la XVI Exhibici\u00f3n de Enganches y Paseo a Caballo, dos actividades organizadas por la Asociaci\u00f3n de Enganches de Lorca \u00abCiudad del Sol\u00bb, que sin lugar a dudas se han convertido en eventos imprescindibles para los amantes de los caballos y la tradici\u00f3n ecuestre en nuestro municipio y que enriquecer\u00e1n la programaci\u00f3n de nuestra Feria gracias a su esplendor.<\/p>\n<p class=\"v1MsoNormal\">El Alcalde de Lorca ha presentado esta ma\u00f1ana, junto a la presidenta de la Asociaci\u00f3n de Enganches de Lorca, Lola S\u00e1nchez, la exhibici\u00f3n de enganches tendr\u00e1 lugar el domingo, 24 de septiembre, a partir de las 12 horas en la confluencia de las Alamedas Dr. Campoy Robles, Dr. Parra Garrigues, Dr. Jos\u00e9 Rodr\u00edguez y Dr. Mart\u00ednez M\u00ednguez, y contar\u00e1 con la participaci\u00f3n de carruajes, cocheros y caballos procedentes de Murcia, Cartagena y, por supuesto, Lorca, as\u00ed como de provincias lim\u00edtrofes como Granada. Se espera la participaci\u00f3n de m\u00e1s de 40 coches con diferentes modalidades, incluyendo limoneras, troncos, cuartas y tresillos, entre otras.<\/p>\n<p class=\"v1MsoNormal\">Gil ha a\u00f1adido que \u00abuna vez concluida, est\u00e1 previsto un recorrido urbano de estos enganches saliendo de la Plaza de Toros y continuando por Alameda de Cervantes, \u00d3valo, Avenida Juan Carlos I, Floridablanca, Lope Gisbert, Santa Paula, \u00d3valo hasta volver a la Plaza Toros por la Alameda Rafael M\u00e9ndez. Teniendo as\u00ed los lorquinos y visitantes la oportunidad de admirar la belleza de estos carruajes, as\u00ed como de sus ocupantes, que lucir\u00e1n trajes apropiados para la ocasi\u00f3n\u00bb.<\/p>\n<p class=\"v1MsoNormal\">Dentro de la programaci\u00f3n de Feria, el Primer Edil tambi\u00e9n ha anunciado que \u00abla Asociaci\u00f3n de Enganches llevar\u00e1 a cabo el s\u00e1bado 23 de septiembre a partir de las 12 horas su tradicional paseo ecuestre por nuestra ciudad. M\u00e1s de 60 caballos desfilar\u00e1n por las Alamedas, la Plaza de Toros, Alameda de Cervantes, \u00d3valo, Avenida Juan Carlos I, Floridablanca, Lope Gisbert, Santa Paula, \u00d3valo hasta volver a la Plaza Toros por la Alameda Rafael M\u00e9ndez\u00bb.<\/p>\n<p class=\"v1MsoNormal\">Fulgencio Gil ha destacado la importancia de este evento para la ciudad, afirmando que \u00abse trata de una oportunidad \u00fanica para poder presenciar un espect\u00e1culo que, por su calidad y atracci\u00f3n, se ha convertido en una tradici\u00f3n arraigada en nuestra ciudad. Cada a\u00f1o, atrae a un importante n\u00famero de aficionados al mundo del enganche y del caballo. Todos somos conscientes de la larga tradici\u00f3n ecuestre que Lorca atesora, desde nuestra Semana Santa, en el que el caballo es el gran protagonista, hasta FERICAB, la Feria del Caballo, que se ha consolidado como una de las mejores de Espa\u00f1a\u00bb<\/p>\n<p class=\"v1MsoNormal\">Lola S\u00e1nchez, por su parte, ha invitado a todos los lorquinos, as\u00ed como a los vecinos de la comarca y de la Regi\u00f3n, a participar en los actos organizados. \u00abDesde la Asociaci\u00f3n de Enganches de Lorca, como cada a\u00f1o, queremos poner nuestro granito de arena al\u00a0programa de la Feria de Lorca con esta exhibici\u00f3n de enganches y el paseo ecuestre. Los lorquinos siempre hemos tenido una gran afici\u00f3n por los caballos, por lo que desde la Asociaci\u00f3n deseamos seguir fortaleciendo este inter\u00e9s y compartirlo con todos aquellos que deseen sumarse a estos actos, y a los que organizamos durante todo el a\u00f1o, con entusiasmo y esfuerzo\u00bb.<\/p>\n","protected":false},"excerpt":{"rendered":"<p>\u00c1REA LORCA RADIO. Las Alamedas de Lorca ser\u00e1n el pr\u00f3ximo fin de semana el escenario de la XVI Exhibici\u00f3n de Enganches y Paseo a Caballo, dos actividades organizadas por la Asociaci\u00f3n de Enganches de Lorca \u00abCiudad del Sol\u00bb, que sin lugar a dudas se han convertido en eventos imprescindibles para los amantes de los caballos [&hellip;]<\/p>\n","protected":false},"author":1,"featured_media":1436,"comment_status":"open","ping_status":"open","sticky":false,"template":"","format":"standard","meta":{"iawp_total_views":2,"footnotes":""},"categories":[5,7],"tags":[],"class_list":["post-1435","post","type-post","status-publish","format-standard","has-post-thumbnail","hentry","category-actualidad","category-lorca"],"yoast_head":"<!-- This site is optimized with the Yoast SEO plugin v27.5 - https:\/\/yoast.com\/product\/yoast-seo-wordpress\/ -->\n<title>Las Alamedas de Lorca acoger\u00e1n el fin de semana la exhibici\u00f3n de enganches con la participaci\u00f3n de m\u00e1s de 40 carruajes - AREA LORCA RADIO<\/title>\n<meta name=\"robots\" content=\"index, follow, max-snippet:-1, max-image-preview:large, max-video-preview:-1\" \/>\n<link rel=\"canonical\" href=\"https:\/\/arealorcaradio.es\/index.php\/2023\/09\/19\/las-alamedas-de-lorca-acogeran-el-fin-de-semana-la-exhibicion-de-enganches-con-la-participacion-de-mas-de-40-carruajes\/\" \/>\n<meta property=\"og:locale\" content=\"es_ES\" \/>\n<meta property=\"og:type\" content=\"article\" \/>\n<meta property=\"og:title\" content=\"Las Alamedas de Lorca acoger\u00e1n el fin de semana la exhibici\u00f3n de enganches con la participaci\u00f3n de m\u00e1s de 40 carruajes - AREA LORCA RADIO\" \/>\n<meta property=\"og:description\" content=\"\u00c1REA LORCA RADIO. Las Alamedas de Lorca ser\u00e1n el pr\u00f3ximo fin de semana el escenario de la XVI Exhibici\u00f3n de Enganches y Paseo a Caballo, dos actividades organizadas por la Asociaci\u00f3n de Enganches de Lorca \u00abCiudad del Sol\u00bb, que sin lugar a dudas se han convertido en eventos imprescindibles para los amantes de los caballos [&hellip;]\" \/>\n<meta property=\"og:url\" content=\"https:\/\/arealorcaradio.es\/index.php\/2023\/09\/19\/las-alamedas-de-lorca-acogeran-el-fin-de-semana-la-exhibicion-de-enganches-con-la-participacion-de-mas-de-40-carruajes\/\" \/>\n<meta property=\"og:site_name\" content=\"AREA LORCA RADIO\" \/>\n<meta property=\"article:published_time\" content=\"2023-09-19T14:26:48+00:00\" \/>\n<meta property=\"og:image\" content=\"https:\/\/arealorcaradio.es\/wp-content\/uploads\/2023\/09\/ENGANCHES.jpeg\" \/>\n\t<meta property=\"og:image:width\" content=\"1600\" \/>\n\t<meta property=\"og:image:height\" content=\"1066\" \/>\n\t<meta property=\"og:image:type\" content=\"image\/jpeg\" \/>\n<meta name=\"author\" content=\"Paco S\u00e1nchez\" \/>\n<meta name=\"twitter:card\" content=\"summary_large_image\" \/>\n<meta name=\"twitter:label1\" content=\"Escrito por\" \/>\n\t<meta name=\"twitter:data1\" content=\"Paco S\u00e1nchez\" \/>\n\t<meta name=\"twitter:label2\" content=\"Tiempo de lectura\" \/>\n\t<meta name=\"twitter:data2\" content=\"3 minutos\" \/>\n<script type=\"application\/ld+json\" class=\"yoast-schema-graph\">{\"@context\":\"https:\\\/\\\/schema.org\",\"@graph\":[{\"@type\":\"Article\",\"@id\":\"https:\\\/\\\/arealorcaradio.es\\\/index.php\\\/2023\\\/09\\\/19\\\/las-alamedas-de-lorca-acogeran-el-fin-de-semana-la-exhibicion-de-enganches-con-la-participacion-de-mas-de-40-carruajes\\\/#article\",\"isPartOf\":{\"@id\":\"https:\\\/\\\/arealorcaradio.es\\\/index.php\\\/2023\\\/09\\\/19\\\/las-alamedas-de-lorca-acogeran-el-fin-de-semana-la-exhibicion-de-enganches-con-la-participacion-de-mas-de-40-carruajes\\\/\"},\"author\":{\"name\":\"Paco S\u00e1nchez\",\"@id\":\"https:\\\/\\\/arealorcaradio.es\\\/#\\\/schema\\\/person\\\/9fae605fc25b0f2c83c1ab207139bd27\"},\"headline\":\"Las Alamedas de Lorca acoger\u00e1n el fin de semana la exhibici\u00f3n de enganches con la participaci\u00f3n de m\u00e1s de 40 carruajes\",\"datePublished\":\"2023-09-19T14:26:48+00:00\",\"mainEntityOfPage\":{\"@id\":\"https:\\\/\\\/arealorcaradio.es\\\/index.php\\\/2023\\\/09\\\/19\\\/las-alamedas-de-lorca-acogeran-el-fin-de-semana-la-exhibicion-de-enganches-con-la-participacion-de-mas-de-40-carruajes\\\/\"},\"wordCount\":595,\"commentCount\":0,\"image\":{\"@id\":\"https:\\\/\\\/arealorcaradio.es\\\/index.php\\\/2023\\\/09\\\/19\\\/las-alamedas-de-lorca-acogeran-el-fin-de-semana-la-exhibicion-de-enganches-con-la-participacion-de-mas-de-40-carruajes\\\/#primaryimage\"},\"thumbnailUrl\":\"https:\\\/\\\/arealorcaradio.es\\\/wp-content\\\/uploads\\\/2023\\\/09\\\/ENGANCHES.jpeg\",\"articleSection\":[\"ACTUALIDAD\",\"LORCA\"],\"inLanguage\":\"es\",\"potentialAction\":[{\"@type\":\"CommentAction\",\"name\":\"Comment\",\"target\":[\"https:\\\/\\\/arealorcaradio.es\\\/index.php\\\/2023\\\/09\\\/19\\\/las-alamedas-de-lorca-acogeran-el-fin-de-semana-la-exhibicion-de-enganches-con-la-participacion-de-mas-de-40-carruajes\\\/#respond\"]}]},{\"@type\":\"WebPage\",\"@id\":\"https:\\\/\\\/arealorcaradio.es\\\/index.php\\\/2023\\\/09\\\/19\\\/las-alamedas-de-lorca-acogeran-el-fin-de-semana-la-exhibicion-de-enganches-con-la-participacion-de-mas-de-40-carruajes\\\/\",\"url\":\"https:\\\/\\\/arealorcaradio.es\\\/index.php\\\/2023\\\/09\\\/19\\\/las-alamedas-de-lorca-acogeran-el-fin-de-semana-la-exhibicion-de-enganches-con-la-participacion-de-mas-de-40-carruajes\\\/\",\"name\":\"Las Alamedas de Lorca acoger\u00e1n el fin de semana la exhibici\u00f3n de enganches con la participaci\u00f3n de m\u00e1s de 40 carruajes - AREA LORCA RADIO\",\"isPartOf\":{\"@id\":\"https:\\\/\\\/arealorcaradio.es\\\/#website\"},\"primaryImageOfPage\":{\"@id\":\"https:\\\/\\\/arealorcaradio.es\\\/index.php\\\/2023\\\/09\\\/19\\\/las-alamedas-de-lorca-acogeran-el-fin-de-semana-la-exhibicion-de-enganches-con-la-participacion-de-mas-de-40-carruajes\\\/#primaryimage\"},\"image\":{\"@id\":\"https:\\\/\\\/arealorcaradio.es\\\/index.php\\\/2023\\\/09\\\/19\\\/las-alamedas-de-lorca-acogeran-el-fin-de-semana-la-exhibicion-de-enganches-con-la-participacion-de-mas-de-40-carruajes\\\/#primaryimage\"},\"thumbnailUrl\":\"https:\\\/\\\/arealorcaradio.es\\\/wp-content\\\/uploads\\\/2023\\\/09\\\/ENGANCHES.jpeg\",\"datePublished\":\"2023-09-19T14:26:48+00:00\",\"author\":{\"@id\":\"https:\\\/\\\/arealorcaradio.es\\\/#\\\/schema\\\/person\\\/9fae605fc25b0f2c83c1ab207139bd27\"},\"breadcrumb\":{\"@id\":\"https:\\\/\\\/arealorcaradio.es\\\/index.php\\\/2023\\\/09\\\/19\\\/las-alamedas-de-lorca-acogeran-el-fin-de-semana-la-exhibicion-de-enganches-con-la-participacion-de-mas-de-40-carruajes\\\/#breadcrumb\"},\"inLanguage\":\"es\",\"potentialAction\":[{\"@type\":\"ReadAction\",\"target\":[\"https:\\\/\\\/arealorcaradio.es\\\/index.php\\\/2023\\\/09\\\/19\\\/las-alamedas-de-lorca-acogeran-el-fin-de-semana-la-exhibicion-de-enganches-con-la-participacion-de-mas-de-40-carruajes\\\/\"]}]},{\"@type\":\"ImageObject\",\"inLanguage\":\"es\",\"@id\":\"https:\\\/\\\/arealorcaradio.es\\\/index.php\\\/2023\\\/09\\\/19\\\/las-alamedas-de-lorca-acogeran-el-fin-de-semana-la-exhibicion-de-enganches-con-la-participacion-de-mas-de-40-carruajes\\\/#primaryimage\",\"url\":\"https:\\\/\\\/arealorcaradio.es\\\/wp-content\\\/uploads\\\/2023\\\/09\\\/ENGANCHES.jpeg\",\"contentUrl\":\"https:\\\/\\\/arealorcaradio.es\\\/wp-content\\\/uploads\\\/2023\\\/09\\\/ENGANCHES.jpeg\",\"width\":1600,\"height\":1066},{\"@type\":\"BreadcrumbList\",\"@id\":\"https:\\\/\\\/arealorcaradio.es\\\/index.php\\\/2023\\\/09\\\/19\\\/las-alamedas-de-lorca-acogeran-el-fin-de-semana-la-exhibicion-de-enganches-con-la-participacion-de-mas-de-40-carruajes\\\/#breadcrumb\",\"itemListElement\":[{\"@type\":\"ListItem\",\"position\":1,\"name\":\"Portada\",\"item\":\"https:\\\/\\\/arealorcaradio.es\\\/\"},{\"@type\":\"ListItem\",\"position\":2,\"name\":\"Las Alamedas de Lorca acoger\u00e1n el fin de semana la exhibici\u00f3n de enganches con la participaci\u00f3n de m\u00e1s de 40 carruajes\"}]},{\"@type\":\"WebSite\",\"@id\":\"https:\\\/\\\/arealorcaradio.es\\\/#website\",\"url\":\"https:\\\/\\\/arealorcaradio.es\\\/\",\"name\":\"AREA LORCA RADIO\",\"description\":\"Descubre la programaci\u00f3n actual en \u00c1rea Lorca Radio, tu fuente de entrenamiento y noticias locales. Sintoniza ahora y mantente conectado online.\",\"potentialAction\":[{\"@type\":\"SearchAction\",\"target\":{\"@type\":\"EntryPoint\",\"urlTemplate\":\"https:\\\/\\\/arealorcaradio.es\\\/?s={search_term_string}\"},\"query-input\":{\"@type\":\"PropertyValueSpecification\",\"valueRequired\":true,\"valueName\":\"search_term_string\"}}],\"inLanguage\":\"es\"},{\"@type\":\"Person\",\"@id\":\"https:\\\/\\\/arealorcaradio.es\\\/#\\\/schema\\\/person\\\/9fae605fc25b0f2c83c1ab207139bd27\",\"name\":\"Paco S\u00e1nchez\",\"image\":{\"@type\":\"ImageObject\",\"inLanguage\":\"es\",\"@id\":\"https:\\\/\\\/secure.gravatar.com\\\/avatar\\\/d67144e966420fb74aa84c9f2a0103be4724fd14db52b52d3b6bca749f257e79?s=96&d=mm&r=g\",\"url\":\"https:\\\/\\\/secure.gravatar.com\\\/avatar\\\/d67144e966420fb74aa84c9f2a0103be4724fd14db52b52d3b6bca749f257e79?s=96&d=mm&r=g\",\"contentUrl\":\"https:\\\/\\\/secure.gravatar.com\\\/avatar\\\/d67144e966420fb74aa84c9f2a0103be4724fd14db52b52d3b6bca749f257e79?s=96&d=mm&r=g\",\"caption\":\"Paco S\u00e1nchez\"},\"sameAs\":[\"https:\\\/\\\/arealorcaradio.es\"],\"url\":\"https:\\\/\\\/arealorcaradio.es\\\/index.php\\\/author\\\/admin_alorcaradio\\\/\"}]}<\/script>\n<!-- \/ Yoast SEO plugin. -->","yoast_head_json":{"title":"Las Alamedas de Lorca acoger\u00e1n el fin de semana la exhibici\u00f3n de enganches con la participaci\u00f3n de m\u00e1s de 40 carruajes - AREA LORCA RADIO","robots":{"index":"index","follow":"follow","max-snippet":"max-snippet:-1","max-image-preview":"max-image-preview:large","max-video-preview":"max-video-preview:-1"},"canonical":"https:\/\/arealorcaradio.es\/index.php\/2023\/09\/19\/las-alamedas-de-lorca-acogeran-el-fin-de-semana-la-exhibicion-de-enganches-con-la-participacion-de-mas-de-40-carruajes\/","og_locale":"es_ES","og_type":"article","og_title":"Las Alamedas de Lorca acoger\u00e1n el fin de semana la exhibici\u00f3n de enganches con la participaci\u00f3n de m\u00e1s de 40 carruajes - AREA LORCA RADIO","og_description":"\u00c1REA LORCA RADIO. Las Alamedas de Lorca ser\u00e1n el pr\u00f3ximo fin de semana el escenario de la XVI Exhibici\u00f3n de Enganches y Paseo a Caballo, dos actividades organizadas por la Asociaci\u00f3n de Enganches de Lorca \u00abCiudad del Sol\u00bb, que sin lugar a dudas se han convertido en eventos imprescindibles para los amantes de los caballos [&hellip;]","og_url":"https:\/\/arealorcaradio.es\/index.php\/2023\/09\/19\/las-alamedas-de-lorca-acogeran-el-fin-de-semana-la-exhibicion-de-enganches-con-la-participacion-de-mas-de-40-carruajes\/","og_site_name":"AREA LORCA RADIO","article_published_time":"2023-09-19T14:26:48+00:00","og_image":[{"width":1600,"height":1066,"url":"https:\/\/arealorcaradio.es\/wp-content\/uploads\/2023\/09\/ENGANCHES.jpeg","type":"image\/jpeg"}],"author":"Paco S\u00e1nchez","twitter_card":"summary_large_image","twitter_misc":{"Escrito por":"Paco S\u00e1nchez","Tiempo de lectura":"3 minutos"},"schema":{"@context":"https:\/\/schema.org","@graph":[{"@type":"Article","@id":"https:\/\/arealorcaradio.es\/index.php\/2023\/09\/19\/las-alamedas-de-lorca-acogeran-el-fin-de-semana-la-exhibicion-de-enganches-con-la-participacion-de-mas-de-40-carruajes\/#article","isPartOf":{"@id":"https:\/\/arealorcaradio.es\/index.php\/2023\/09\/19\/las-alamedas-de-lorca-acogeran-el-fin-de-semana-la-exhibicion-de-enganches-con-la-participacion-de-mas-de-40-carruajes\/"},"author":{"name":"Paco S\u00e1nchez","@id":"https:\/\/arealorcaradio.es\/#\/schema\/person\/9fae605fc25b0f2c83c1ab207139bd27"},"headline":"Las Alamedas de Lorca acoger\u00e1n el fin de semana la exhibici\u00f3n de enganches con la participaci\u00f3n de m\u00e1s de 40 carruajes","datePublished":"2023-09-19T14:26:48+00:00","mainEntityOfPage":{"@id":"https:\/\/arealorcaradio.es\/index.php\/2023\/09\/19\/las-alamedas-de-lorca-acogeran-el-fin-de-semana-la-exhibicion-de-enganches-con-la-participacion-de-mas-de-40-carruajes\/"},"wordCount":595,"commentCount":0,"image":{"@id":"https:\/\/arealorcaradio.es\/index.php\/2023\/09\/19\/las-alamedas-de-lorca-acogeran-el-fin-de-semana-la-exhibicion-de-enganches-con-la-participacion-de-mas-de-40-carruajes\/#primaryimage"},"thumbnailUrl":"https:\/\/arealorcaradio.es\/wp-content\/uploads\/2023\/09\/ENGANCHES.jpeg","articleSection":["ACTUALIDAD","LORCA"],"inLanguage":"es","potentialAction":[{"@type":"CommentAction","name":"Comment","target":["https:\/\/arealorcaradio.es\/index.php\/2023\/09\/19\/las-alamedas-de-lorca-acogeran-el-fin-de-semana-la-exhibicion-de-enganches-con-la-participacion-de-mas-de-40-carruajes\/#respond"]}]},{"@type":"WebPage","@id":"https:\/\/arealorcaradio.es\/index.php\/2023\/09\/19\/las-alamedas-de-lorca-acogeran-el-fin-de-semana-la-exhibicion-de-enganches-con-la-participacion-de-mas-de-40-carruajes\/","url":"https:\/\/arealorcaradio.es\/index.php\/2023\/09\/19\/las-alamedas-de-lorca-acogeran-el-fin-de-semana-la-exhibicion-de-enganches-con-la-participacion-de-mas-de-40-carruajes\/","name":"Las Alamedas de Lorca acoger\u00e1n el fin de semana la exhibici\u00f3n de enganches con la participaci\u00f3n de m\u00e1s de 40 carruajes - AREA LORCA RADIO","isPartOf":{"@id":"https:\/\/arealorcaradio.es\/#website"},"primaryImageOfPage":{"@id":"https:\/\/arealorcaradio.es\/index.php\/2023\/09\/19\/las-alamedas-de-lorca-acogeran-el-fin-de-semana-la-exhibicion-de-enganches-con-la-participacion-de-mas-de-40-carruajes\/#primaryimage"},"image":{"@id":"https:\/\/arealorcaradio.es\/index.php\/2023\/09\/19\/las-alamedas-de-lorca-acogeran-el-fin-de-semana-la-exhibicion-de-enganches-con-la-participacion-de-mas-de-40-carruajes\/#primaryimage"},"thumbnailUrl":"https:\/\/arealorcaradio.es\/wp-content\/uploads\/2023\/09\/ENGANCHES.jpeg","datePublished":"2023-09-19T14:26:48+00:00","author":{"@id":"https:\/\/arealorcaradio.es\/#\/schema\/person\/9fae605fc25b0f2c83c1ab207139bd27"},"breadcrumb":{"@id":"https:\/\/arealorcaradio.es\/index.php\/2023\/09\/19\/las-alamedas-de-lorca-acogeran-el-fin-de-semana-la-exhibicion-de-enganches-con-la-participacion-de-mas-de-40-carruajes\/#breadcrumb"},"inLanguage":"es","potentialAction":[{"@type":"ReadAction","target":["https:\/\/arealorcaradio.es\/index.php\/2023\/09\/19\/las-alamedas-de-lorca-acogeran-el-fin-de-semana-la-exhibicion-de-enganches-con-la-participacion-de-mas-de-40-carruajes\/"]}]},{"@type":"ImageObject","inLanguage":"es","@id":"https:\/\/arealorcaradio.es\/index.php\/2023\/09\/19\/las-alamedas-de-lorca-acogeran-el-fin-de-semana-la-exhibicion-de-enganches-con-la-participacion-de-mas-de-40-carruajes\/#primaryimage","url":"https:\/\/arealorcaradio.es\/wp-content\/uploads\/2023\/09\/ENGANCHES.jpeg","contentUrl":"https:\/\/arealorcaradio.es\/wp-content\/uploads\/2023\/09\/ENGANCHES.jpeg","width":1600,"height":1066},{"@type":"BreadcrumbList","@id":"https:\/\/arealorcaradio.es\/index.php\/2023\/09\/19\/las-alamedas-de-lorca-acogeran-el-fin-de-semana-la-exhibicion-de-enganches-con-la-participacion-de-mas-de-40-carruajes\/#breadcrumb","itemListElement":[{"@type":"ListItem","position":1,"name":"Portada","item":"https:\/\/arealorcaradio.es\/"},{"@type":"ListItem","position":2,"name":"Las Alamedas de Lorca acoger\u00e1n el fin de semana la exhibici\u00f3n de enganches con la participaci\u00f3n de m\u00e1s de 40 carruajes"}]},{"@type":"WebSite","@id":"https:\/\/arealorcaradio.es\/#website","url":"https:\/\/arealorcaradio.es\/","name":"AREA LORCA RADIO","description":"Descubre la programaci\u00f3n actual en \u00c1rea Lorca Radio, tu fuente de entrenamiento y noticias locales. Sintoniza ahora y mantente conectado online.","potentialAction":[{"@type":"SearchAction","target":{"@type":"EntryPoint","urlTemplate":"https:\/\/arealorcaradio.es\/?s={search_term_string}"},"query-input":{"@type":"PropertyValueSpecification","valueRequired":true,"valueName":"search_term_string"}}],"inLanguage":"es"},{"@type":"Person","@id":"https:\/\/arealorcaradio.es\/#\/schema\/person\/9fae605fc25b0f2c83c1ab207139bd27","name":"Paco S\u00e1nchez","image":{"@type":"ImageObject","inLanguage":"es","@id":"https:\/\/secure.gravatar.com\/avatar\/d67144e966420fb74aa84c9f2a0103be4724fd14db52b52d3b6bca749f257e79?s=96&d=mm&r=g","url":"https:\/\/secure.gravatar.com\/avatar\/d67144e966420fb74aa84c9f2a0103be4724fd14db52b52d3b6bca749f257e79?s=96&d=mm&r=g","contentUrl":"https:\/\/secure.gravatar.com\/avatar\/d67144e966420fb74aa84c9f2a0103be4724fd14db52b52d3b6bca749f257e79?s=96&d=mm&r=g","caption":"Paco S\u00e1nchez"},"sameAs":["https:\/\/arealorcaradio.es"],"url":"https:\/\/arealorcaradio.es\/index.php\/author\/admin_alorcaradio\/"}]}},"_links":{"self":[{"href":"https:\/\/arealorcaradio.es\/index.php\/wp-json\/wp\/v2\/posts\/1435","targetHints":{"allow":["GET"]}}],"collection":[{"href":"https:\/\/arealorcaradio.es\/index.php\/wp-json\/wp\/v2\/posts"}],"about":[{"href":"https:\/\/arealorcaradio.es\/index.php\/wp-json\/wp\/v2\/types\/post"}],"author":[{"embeddable":true,"href":"https:\/\/arealorcaradio.es\/index.php\/wp-json\/wp\/v2\/users\/1"}],"replies":[{"embeddable":true,"href":"https:\/\/arealorcaradio.es\/index.php\/wp-json\/wp\/v2\/comments?post=1435"}],"version-history":[{"count":1,"href":"https:\/\/arealorcaradio.es\/index.php\/wp-json\/wp\/v2\/posts\/1435\/revisions"}],"predecessor-version":[{"id":1437,"href":"https:\/\/arealorcaradio.es\/index.php\/wp-json\/wp\/v2\/posts\/1435\/revisions\/1437"}],"wp:featuredmedia":[{"embeddable":true,"href":"https:\/\/arealorcaradio.es\/index.php\/wp-json\/wp\/v2\/media\/1436"}],"wp:attachment":[{"href":"https:\/\/arealorcaradio.es\/index.php\/wp-json\/wp\/v2\/media?parent=1435"}],"wp:term":[{"taxonomy":"category","embeddable":true,"href":"https:\/\/arealorcaradio.es\/index.php\/wp-json\/wp\/v2\/categories?post=1435"},{"taxonomy":"post_tag","embeddable":true,"href":"https:\/\/arealorcaradio.es\/index.php\/wp-json\/wp\/v2\/tags?post=1435"}],"curies":[{"name":"wp","href":"https:\/\/api.w.org\/{rel}","templated":true}]}}