{"id":139,"date":"2023-02-22T18:16:49","date_gmt":"2023-02-22T18:16:49","guid":{"rendered":"https:\/\/arealorcaradio.es\/?p=139"},"modified":"2023-02-22T18:16:49","modified_gmt":"2023-02-22T18:16:49","slug":"el-piloto-lorquino-de-motocross-beni-garcia-vuelve-a-la-competicion-tras-la-rotura-de-tibia-y-perone-que-sufrio-en-julio","status":"publish","type":"post","link":"https:\/\/arealorcaradio.es\/index.php\/2023\/02\/22\/el-piloto-lorquino-de-motocross-beni-garcia-vuelve-a-la-competicion-tras-la-rotura-de-tibia-y-perone-que-sufrio-en-julio\/","title":{"rendered":"El piloto lorquino de motocross Beni Garc\u00eda vuelve a la competici\u00f3n tras la rotura de tibia y peron\u00e9 que sufri\u00f3 en julio"},"content":{"rendered":"<p>\u00c1REA LORCA RADIO.<\/p>\n<p>Despu\u00e9s de casi siete meses sin competir, Beni Garc\u00eda participaba en el Nacional de Motocross de Sanl\u00facar de Barrameda (C\u00e1diz), donde el principal objetivo era recuperar sensaciones y ganar f\u00edsico cara a pruebas posteriores. En lo referente a como se encontr\u00f3 el joven piloto de 13 a\u00f1os, nos cuenta en \u00c1rea Lorca Deportes que las sensaciones fueron muy buenas aunque not\u00f3 cansancio al final de ambas mangas.<\/p>\n<p>Escucha aqu\u00ed la entrevista que Beni Garc\u00eda ha concedido a Paco S\u00e1nchez en el programa deportivo de \u00c1rea Lorca Radio.<\/p>\n<audio class=\"wp-audio-shortcode\" id=\"audio-139-1\" preload=\"none\" style=\"width: 100%;\" controls=\"controls\"><source type=\"audio\/mpeg\" src=\"https:\/\/arealorcaradio.es\/wp-content\/uploads\/2023\/02\/220223-BENI-GARCIA.-VUELTA-A-COMPETIR.mp3?_=1\" \/><a href=\"https:\/\/arealorcaradio.es\/wp-content\/uploads\/2023\/02\/220223-BENI-GARCIA.-VUELTA-A-COMPETIR.mp3\">https:\/\/arealorcaradio.es\/wp-content\/uploads\/2023\/02\/220223-BENI-GARCIA.-VUELTA-A-COMPETIR.mp3<\/a><\/audio>\n<p><img loading=\"lazy\" decoding=\"async\" class=\"alignnone size-medium wp-image-141\" src=\"https:\/\/arealorcaradio.es\/wp-content\/uploads\/2023\/02\/IMG-20230213-WA0000-135x300.jpg\" alt=\"\" width=\"135\" height=\"300\" srcset=\"https:\/\/arealorcaradio.es\/wp-content\/uploads\/2023\/02\/IMG-20230213-WA0000-135x300.jpg 135w, https:\/\/arealorcaradio.es\/wp-content\/uploads\/2023\/02\/IMG-20230213-WA0000-461x1024.jpg 461w, https:\/\/arealorcaradio.es\/wp-content\/uploads\/2023\/02\/IMG-20230213-WA0000-691x1536.jpg 691w, https:\/\/arealorcaradio.es\/wp-content\/uploads\/2023\/02\/IMG-20230213-WA0000.jpg 720w\" sizes=\"auto, (max-width: 135px) 100vw, 135px\" \/><\/p>\n","protected":false},"excerpt":{"rendered":"<p>\u00c1REA LORCA RADIO. Despu\u00e9s de casi siete meses sin competir, Beni Garc\u00eda participaba en el Nacional de Motocross de Sanl\u00facar de Barrameda (C\u00e1diz), donde el principal objetivo era recuperar sensaciones y ganar f\u00edsico cara a pruebas posteriores. En lo referente a como se encontr\u00f3 el joven piloto de 13 a\u00f1os, nos cuenta en \u00c1rea Lorca [&hellip;]<\/p>\n","protected":false},"author":1,"featured_media":142,"comment_status":"open","ping_status":"open","sticky":false,"template":"","format":"standard","meta":{"iawp_total_views":5,"footnotes":""},"categories":[4,7],"tags":[],"class_list":["post-139","post","type-post","status-publish","format-standard","has-post-thumbnail","hentry","category-deportes","category-lorca"],"yoast_head":"<!-- This site is optimized with the Yoast SEO plugin v27.5 - https:\/\/yoast.com\/product\/yoast-seo-wordpress\/ -->\n<title>El piloto lorquino de motocross Beni Garc\u00eda vuelve a la competici\u00f3n tras la rotura de tibia y peron\u00e9 que sufri\u00f3 en julio - AREA LORCA RADIO<\/title>\n<meta name=\"robots\" content=\"index, follow, max-snippet:-1, max-image-preview:large, max-video-preview:-1\" \/>\n<link rel=\"canonical\" href=\"https:\/\/arealorcaradio.es\/index.php\/2023\/02\/22\/el-piloto-lorquino-de-motocross-beni-garcia-vuelve-a-la-competicion-tras-la-rotura-de-tibia-y-perone-que-sufrio-en-julio\/\" \/>\n<meta property=\"og:locale\" content=\"es_ES\" \/>\n<meta property=\"og:type\" content=\"article\" \/>\n<meta property=\"og:title\" content=\"El piloto lorquino de motocross Beni Garc\u00eda vuelve a la competici\u00f3n tras la rotura de tibia y peron\u00e9 que sufri\u00f3 en julio - AREA LORCA RADIO\" \/>\n<meta property=\"og:description\" content=\"\u00c1REA LORCA RADIO. Despu\u00e9s de casi siete meses sin competir, Beni Garc\u00eda participaba en el Nacional de Motocross de Sanl\u00facar de Barrameda (C\u00e1diz), donde el principal objetivo era recuperar sensaciones y ganar f\u00edsico cara a pruebas posteriores. En lo referente a como se encontr\u00f3 el joven piloto de 13 a\u00f1os, nos cuenta en \u00c1rea Lorca [&hellip;]\" \/>\n<meta property=\"og:url\" content=\"https:\/\/arealorcaradio.es\/index.php\/2023\/02\/22\/el-piloto-lorquino-de-motocross-beni-garcia-vuelve-a-la-competicion-tras-la-rotura-de-tibia-y-perone-que-sufrio-en-julio\/\" \/>\n<meta property=\"og:site_name\" content=\"AREA LORCA RADIO\" \/>\n<meta property=\"article:published_time\" content=\"2023-02-22T18:16:49+00:00\" \/>\n<meta property=\"og:image\" content=\"https:\/\/arealorcaradio.es\/wp-content\/uploads\/2023\/02\/20230222_163421-scaled.jpg\" \/>\n\t<meta property=\"og:image:width\" content=\"2560\" \/>\n\t<meta property=\"og:image:height\" content=\"1920\" \/>\n\t<meta property=\"og:image:type\" content=\"image\/jpeg\" \/>\n<meta name=\"author\" content=\"Paco S\u00e1nchez\" \/>\n<meta name=\"twitter:card\" content=\"summary_large_image\" \/>\n<meta name=\"twitter:label1\" content=\"Escrito por\" \/>\n\t<meta name=\"twitter:data1\" content=\"Paco S\u00e1nchez\" \/>\n\t<meta name=\"twitter:label2\" content=\"Tiempo de lectura\" \/>\n\t<meta name=\"twitter:data2\" content=\"1 minuto\" \/>\n<script type=\"application\/ld+json\" class=\"yoast-schema-graph\">{\"@context\":\"https:\\\/\\\/schema.org\",\"@graph\":[{\"@type\":\"Article\",\"@id\":\"https:\\\/\\\/arealorcaradio.es\\\/index.php\\\/2023\\\/02\\\/22\\\/el-piloto-lorquino-de-motocross-beni-garcia-vuelve-a-la-competicion-tras-la-rotura-de-tibia-y-perone-que-sufrio-en-julio\\\/#article\",\"isPartOf\":{\"@id\":\"https:\\\/\\\/arealorcaradio.es\\\/index.php\\\/2023\\\/02\\\/22\\\/el-piloto-lorquino-de-motocross-beni-garcia-vuelve-a-la-competicion-tras-la-rotura-de-tibia-y-perone-que-sufrio-en-julio\\\/\"},\"author\":{\"name\":\"Paco S\u00e1nchez\",\"@id\":\"https:\\\/\\\/arealorcaradio.es\\\/#\\\/schema\\\/person\\\/9fae605fc25b0f2c83c1ab207139bd27\"},\"headline\":\"El piloto lorquino de motocross Beni Garc\u00eda vuelve a la competici\u00f3n tras la rotura de tibia y peron\u00e9 que sufri\u00f3 en julio\",\"datePublished\":\"2023-02-22T18:16:49+00:00\",\"mainEntityOfPage\":{\"@id\":\"https:\\\/\\\/arealorcaradio.es\\\/index.php\\\/2023\\\/02\\\/22\\\/el-piloto-lorquino-de-motocross-beni-garcia-vuelve-a-la-competicion-tras-la-rotura-de-tibia-y-perone-que-sufrio-en-julio\\\/\"},\"wordCount\":132,\"commentCount\":0,\"image\":{\"@id\":\"https:\\\/\\\/arealorcaradio.es\\\/index.php\\\/2023\\\/02\\\/22\\\/el-piloto-lorquino-de-motocross-beni-garcia-vuelve-a-la-competicion-tras-la-rotura-de-tibia-y-perone-que-sufrio-en-julio\\\/#primaryimage\"},\"thumbnailUrl\":\"https:\\\/\\\/arealorcaradio.es\\\/wp-content\\\/uploads\\\/2023\\\/02\\\/20230222_163421-scaled.jpg\",\"articleSection\":[\"DEPORTES\",\"LORCA\"],\"inLanguage\":\"es\",\"potentialAction\":[{\"@type\":\"CommentAction\",\"name\":\"Comment\",\"target\":[\"https:\\\/\\\/arealorcaradio.es\\\/index.php\\\/2023\\\/02\\\/22\\\/el-piloto-lorquino-de-motocross-beni-garcia-vuelve-a-la-competicion-tras-la-rotura-de-tibia-y-perone-que-sufrio-en-julio\\\/#respond\"]}]},{\"@type\":\"WebPage\",\"@id\":\"https:\\\/\\\/arealorcaradio.es\\\/index.php\\\/2023\\\/02\\\/22\\\/el-piloto-lorquino-de-motocross-beni-garcia-vuelve-a-la-competicion-tras-la-rotura-de-tibia-y-perone-que-sufrio-en-julio\\\/\",\"url\":\"https:\\\/\\\/arealorcaradio.es\\\/index.php\\\/2023\\\/02\\\/22\\\/el-piloto-lorquino-de-motocross-beni-garcia-vuelve-a-la-competicion-tras-la-rotura-de-tibia-y-perone-que-sufrio-en-julio\\\/\",\"name\":\"El piloto lorquino de motocross Beni Garc\u00eda vuelve a la competici\u00f3n tras la rotura de tibia y peron\u00e9 que sufri\u00f3 en julio - AREA LORCA RADIO\",\"isPartOf\":{\"@id\":\"https:\\\/\\\/arealorcaradio.es\\\/#website\"},\"primaryImageOfPage\":{\"@id\":\"https:\\\/\\\/arealorcaradio.es\\\/index.php\\\/2023\\\/02\\\/22\\\/el-piloto-lorquino-de-motocross-beni-garcia-vuelve-a-la-competicion-tras-la-rotura-de-tibia-y-perone-que-sufrio-en-julio\\\/#primaryimage\"},\"image\":{\"@id\":\"https:\\\/\\\/arealorcaradio.es\\\/index.php\\\/2023\\\/02\\\/22\\\/el-piloto-lorquino-de-motocross-beni-garcia-vuelve-a-la-competicion-tras-la-rotura-de-tibia-y-perone-que-sufrio-en-julio\\\/#primaryimage\"},\"thumbnailUrl\":\"https:\\\/\\\/arealorcaradio.es\\\/wp-content\\\/uploads\\\/2023\\\/02\\\/20230222_163421-scaled.jpg\",\"datePublished\":\"2023-02-22T18:16:49+00:00\",\"author\":{\"@id\":\"https:\\\/\\\/arealorcaradio.es\\\/#\\\/schema\\\/person\\\/9fae605fc25b0f2c83c1ab207139bd27\"},\"breadcrumb\":{\"@id\":\"https:\\\/\\\/arealorcaradio.es\\\/index.php\\\/2023\\\/02\\\/22\\\/el-piloto-lorquino-de-motocross-beni-garcia-vuelve-a-la-competicion-tras-la-rotura-de-tibia-y-perone-que-sufrio-en-julio\\\/#breadcrumb\"},\"inLanguage\":\"es\",\"potentialAction\":[{\"@type\":\"ReadAction\",\"target\":[\"https:\\\/\\\/arealorcaradio.es\\\/index.php\\\/2023\\\/02\\\/22\\\/el-piloto-lorquino-de-motocross-beni-garcia-vuelve-a-la-competicion-tras-la-rotura-de-tibia-y-perone-que-sufrio-en-julio\\\/\"]}]},{\"@type\":\"ImageObject\",\"inLanguage\":\"es\",\"@id\":\"https:\\\/\\\/arealorcaradio.es\\\/index.php\\\/2023\\\/02\\\/22\\\/el-piloto-lorquino-de-motocross-beni-garcia-vuelve-a-la-competicion-tras-la-rotura-de-tibia-y-perone-que-sufrio-en-julio\\\/#primaryimage\",\"url\":\"https:\\\/\\\/arealorcaradio.es\\\/wp-content\\\/uploads\\\/2023\\\/02\\\/20230222_163421-scaled.jpg\",\"contentUrl\":\"https:\\\/\\\/arealorcaradio.es\\\/wp-content\\\/uploads\\\/2023\\\/02\\\/20230222_163421-scaled.jpg\",\"width\":2560,\"height\":1920},{\"@type\":\"BreadcrumbList\",\"@id\":\"https:\\\/\\\/arealorcaradio.es\\\/index.php\\\/2023\\\/02\\\/22\\\/el-piloto-lorquino-de-motocross-beni-garcia-vuelve-a-la-competicion-tras-la-rotura-de-tibia-y-perone-que-sufrio-en-julio\\\/#breadcrumb\",\"itemListElement\":[{\"@type\":\"ListItem\",\"position\":1,\"name\":\"Portada\",\"item\":\"https:\\\/\\\/arealorcaradio.es\\\/\"},{\"@type\":\"ListItem\",\"position\":2,\"name\":\"El piloto lorquino de motocross Beni Garc\u00eda vuelve a la competici\u00f3n tras la rotura de tibia y peron\u00e9 que sufri\u00f3 en julio\"}]},{\"@type\":\"WebSite\",\"@id\":\"https:\\\/\\\/arealorcaradio.es\\\/#website\",\"url\":\"https:\\\/\\\/arealorcaradio.es\\\/\",\"name\":\"AREA LORCA RADIO\",\"description\":\"Descubre la programaci\u00f3n actual en \u00c1rea Lorca Radio, tu fuente de entrenamiento y noticias locales. Sintoniza ahora y mantente conectado online.\",\"potentialAction\":[{\"@type\":\"SearchAction\",\"target\":{\"@type\":\"EntryPoint\",\"urlTemplate\":\"https:\\\/\\\/arealorcaradio.es\\\/?s={search_term_string}\"},\"query-input\":{\"@type\":\"PropertyValueSpecification\",\"valueRequired\":true,\"valueName\":\"search_term_string\"}}],\"inLanguage\":\"es\"},{\"@type\":\"Person\",\"@id\":\"https:\\\/\\\/arealorcaradio.es\\\/#\\\/schema\\\/person\\\/9fae605fc25b0f2c83c1ab207139bd27\",\"name\":\"Paco S\u00e1nchez\",\"image\":{\"@type\":\"ImageObject\",\"inLanguage\":\"es\",\"@id\":\"https:\\\/\\\/secure.gravatar.com\\\/avatar\\\/d67144e966420fb74aa84c9f2a0103be4724fd14db52b52d3b6bca749f257e79?s=96&d=mm&r=g\",\"url\":\"https:\\\/\\\/secure.gravatar.com\\\/avatar\\\/d67144e966420fb74aa84c9f2a0103be4724fd14db52b52d3b6bca749f257e79?s=96&d=mm&r=g\",\"contentUrl\":\"https:\\\/\\\/secure.gravatar.com\\\/avatar\\\/d67144e966420fb74aa84c9f2a0103be4724fd14db52b52d3b6bca749f257e79?s=96&d=mm&r=g\",\"caption\":\"Paco S\u00e1nchez\"},\"sameAs\":[\"https:\\\/\\\/arealorcaradio.es\"],\"url\":\"https:\\\/\\\/arealorcaradio.es\\\/index.php\\\/author\\\/admin_alorcaradio\\\/\"}]}<\/script>\n<!-- \/ Yoast SEO plugin. -->","yoast_head_json":{"title":"El piloto lorquino de motocross Beni Garc\u00eda vuelve a la competici\u00f3n tras la rotura de tibia y peron\u00e9 que sufri\u00f3 en julio - AREA LORCA RADIO","robots":{"index":"index","follow":"follow","max-snippet":"max-snippet:-1","max-image-preview":"max-image-preview:large","max-video-preview":"max-video-preview:-1"},"canonical":"https:\/\/arealorcaradio.es\/index.php\/2023\/02\/22\/el-piloto-lorquino-de-motocross-beni-garcia-vuelve-a-la-competicion-tras-la-rotura-de-tibia-y-perone-que-sufrio-en-julio\/","og_locale":"es_ES","og_type":"article","og_title":"El piloto lorquino de motocross Beni Garc\u00eda vuelve a la competici\u00f3n tras la rotura de tibia y peron\u00e9 que sufri\u00f3 en julio - AREA LORCA RADIO","og_description":"\u00c1REA LORCA RADIO. Despu\u00e9s de casi siete meses sin competir, Beni Garc\u00eda participaba en el Nacional de Motocross de Sanl\u00facar de Barrameda (C\u00e1diz), donde el principal objetivo era recuperar sensaciones y ganar f\u00edsico cara a pruebas posteriores. En lo referente a como se encontr\u00f3 el joven piloto de 13 a\u00f1os, nos cuenta en \u00c1rea Lorca [&hellip;]","og_url":"https:\/\/arealorcaradio.es\/index.php\/2023\/02\/22\/el-piloto-lorquino-de-motocross-beni-garcia-vuelve-a-la-competicion-tras-la-rotura-de-tibia-y-perone-que-sufrio-en-julio\/","og_site_name":"AREA LORCA RADIO","article_published_time":"2023-02-22T18:16:49+00:00","og_image":[{"width":2560,"height":1920,"url":"https:\/\/arealorcaradio.es\/wp-content\/uploads\/2023\/02\/20230222_163421-scaled.jpg","type":"image\/jpeg"}],"author":"Paco S\u00e1nchez","twitter_card":"summary_large_image","twitter_misc":{"Escrito por":"Paco S\u00e1nchez","Tiempo de lectura":"1 minuto"},"schema":{"@context":"https:\/\/schema.org","@graph":[{"@type":"Article","@id":"https:\/\/arealorcaradio.es\/index.php\/2023\/02\/22\/el-piloto-lorquino-de-motocross-beni-garcia-vuelve-a-la-competicion-tras-la-rotura-de-tibia-y-perone-que-sufrio-en-julio\/#article","isPartOf":{"@id":"https:\/\/arealorcaradio.es\/index.php\/2023\/02\/22\/el-piloto-lorquino-de-motocross-beni-garcia-vuelve-a-la-competicion-tras-la-rotura-de-tibia-y-perone-que-sufrio-en-julio\/"},"author":{"name":"Paco S\u00e1nchez","@id":"https:\/\/arealorcaradio.es\/#\/schema\/person\/9fae605fc25b0f2c83c1ab207139bd27"},"headline":"El piloto lorquino de motocross Beni Garc\u00eda vuelve a la competici\u00f3n tras la rotura de tibia y peron\u00e9 que sufri\u00f3 en julio","datePublished":"2023-02-22T18:16:49+00:00","mainEntityOfPage":{"@id":"https:\/\/arealorcaradio.es\/index.php\/2023\/02\/22\/el-piloto-lorquino-de-motocross-beni-garcia-vuelve-a-la-competicion-tras-la-rotura-de-tibia-y-perone-que-sufrio-en-julio\/"},"wordCount":132,"commentCount":0,"image":{"@id":"https:\/\/arealorcaradio.es\/index.php\/2023\/02\/22\/el-piloto-lorquino-de-motocross-beni-garcia-vuelve-a-la-competicion-tras-la-rotura-de-tibia-y-perone-que-sufrio-en-julio\/#primaryimage"},"thumbnailUrl":"https:\/\/arealorcaradio.es\/wp-content\/uploads\/2023\/02\/20230222_163421-scaled.jpg","articleSection":["DEPORTES","LORCA"],"inLanguage":"es","potentialAction":[{"@type":"CommentAction","name":"Comment","target":["https:\/\/arealorcaradio.es\/index.php\/2023\/02\/22\/el-piloto-lorquino-de-motocross-beni-garcia-vuelve-a-la-competicion-tras-la-rotura-de-tibia-y-perone-que-sufrio-en-julio\/#respond"]}]},{"@type":"WebPage","@id":"https:\/\/arealorcaradio.es\/index.php\/2023\/02\/22\/el-piloto-lorquino-de-motocross-beni-garcia-vuelve-a-la-competicion-tras-la-rotura-de-tibia-y-perone-que-sufrio-en-julio\/","url":"https:\/\/arealorcaradio.es\/index.php\/2023\/02\/22\/el-piloto-lorquino-de-motocross-beni-garcia-vuelve-a-la-competicion-tras-la-rotura-de-tibia-y-perone-que-sufrio-en-julio\/","name":"El piloto lorquino de motocross Beni Garc\u00eda vuelve a la competici\u00f3n tras la rotura de tibia y peron\u00e9 que sufri\u00f3 en julio - AREA LORCA RADIO","isPartOf":{"@id":"https:\/\/arealorcaradio.es\/#website"},"primaryImageOfPage":{"@id":"https:\/\/arealorcaradio.es\/index.php\/2023\/02\/22\/el-piloto-lorquino-de-motocross-beni-garcia-vuelve-a-la-competicion-tras-la-rotura-de-tibia-y-perone-que-sufrio-en-julio\/#primaryimage"},"image":{"@id":"https:\/\/arealorcaradio.es\/index.php\/2023\/02\/22\/el-piloto-lorquino-de-motocross-beni-garcia-vuelve-a-la-competicion-tras-la-rotura-de-tibia-y-perone-que-sufrio-en-julio\/#primaryimage"},"thumbnailUrl":"https:\/\/arealorcaradio.es\/wp-content\/uploads\/2023\/02\/20230222_163421-scaled.jpg","datePublished":"2023-02-22T18:16:49+00:00","author":{"@id":"https:\/\/arealorcaradio.es\/#\/schema\/person\/9fae605fc25b0f2c83c1ab207139bd27"},"breadcrumb":{"@id":"https:\/\/arealorcaradio.es\/index.php\/2023\/02\/22\/el-piloto-lorquino-de-motocross-beni-garcia-vuelve-a-la-competicion-tras-la-rotura-de-tibia-y-perone-que-sufrio-en-julio\/#breadcrumb"},"inLanguage":"es","potentialAction":[{"@type":"ReadAction","target":["https:\/\/arealorcaradio.es\/index.php\/2023\/02\/22\/el-piloto-lorquino-de-motocross-beni-garcia-vuelve-a-la-competicion-tras-la-rotura-de-tibia-y-perone-que-sufrio-en-julio\/"]}]},{"@type":"ImageObject","inLanguage":"es","@id":"https:\/\/arealorcaradio.es\/index.php\/2023\/02\/22\/el-piloto-lorquino-de-motocross-beni-garcia-vuelve-a-la-competicion-tras-la-rotura-de-tibia-y-perone-que-sufrio-en-julio\/#primaryimage","url":"https:\/\/arealorcaradio.es\/wp-content\/uploads\/2023\/02\/20230222_163421-scaled.jpg","contentUrl":"https:\/\/arealorcaradio.es\/wp-content\/uploads\/2023\/02\/20230222_163421-scaled.jpg","width":2560,"height":1920},{"@type":"BreadcrumbList","@id":"https:\/\/arealorcaradio.es\/index.php\/2023\/02\/22\/el-piloto-lorquino-de-motocross-beni-garcia-vuelve-a-la-competicion-tras-la-rotura-de-tibia-y-perone-que-sufrio-en-julio\/#breadcrumb","itemListElement":[{"@type":"ListItem","position":1,"name":"Portada","item":"https:\/\/arealorcaradio.es\/"},{"@type":"ListItem","position":2,"name":"El piloto lorquino de motocross Beni Garc\u00eda vuelve a la competici\u00f3n tras la rotura de tibia y peron\u00e9 que sufri\u00f3 en julio"}]},{"@type":"WebSite","@id":"https:\/\/arealorcaradio.es\/#website","url":"https:\/\/arealorcaradio.es\/","name":"AREA LORCA RADIO","description":"Descubre la programaci\u00f3n actual en \u00c1rea Lorca Radio, tu fuente de entrenamiento y noticias locales. Sintoniza ahora y mantente conectado online.","potentialAction":[{"@type":"SearchAction","target":{"@type":"EntryPoint","urlTemplate":"https:\/\/arealorcaradio.es\/?s={search_term_string}"},"query-input":{"@type":"PropertyValueSpecification","valueRequired":true,"valueName":"search_term_string"}}],"inLanguage":"es"},{"@type":"Person","@id":"https:\/\/arealorcaradio.es\/#\/schema\/person\/9fae605fc25b0f2c83c1ab207139bd27","name":"Paco S\u00e1nchez","image":{"@type":"ImageObject","inLanguage":"es","@id":"https:\/\/secure.gravatar.com\/avatar\/d67144e966420fb74aa84c9f2a0103be4724fd14db52b52d3b6bca749f257e79?s=96&d=mm&r=g","url":"https:\/\/secure.gravatar.com\/avatar\/d67144e966420fb74aa84c9f2a0103be4724fd14db52b52d3b6bca749f257e79?s=96&d=mm&r=g","contentUrl":"https:\/\/secure.gravatar.com\/avatar\/d67144e966420fb74aa84c9f2a0103be4724fd14db52b52d3b6bca749f257e79?s=96&d=mm&r=g","caption":"Paco S\u00e1nchez"},"sameAs":["https:\/\/arealorcaradio.es"],"url":"https:\/\/arealorcaradio.es\/index.php\/author\/admin_alorcaradio\/"}]}},"_links":{"self":[{"href":"https:\/\/arealorcaradio.es\/index.php\/wp-json\/wp\/v2\/posts\/139","targetHints":{"allow":["GET"]}}],"collection":[{"href":"https:\/\/arealorcaradio.es\/index.php\/wp-json\/wp\/v2\/posts"}],"about":[{"href":"https:\/\/arealorcaradio.es\/index.php\/wp-json\/wp\/v2\/types\/post"}],"author":[{"embeddable":true,"href":"https:\/\/arealorcaradio.es\/index.php\/wp-json\/wp\/v2\/users\/1"}],"replies":[{"embeddable":true,"href":"https:\/\/arealorcaradio.es\/index.php\/wp-json\/wp\/v2\/comments?post=139"}],"version-history":[{"count":1,"href":"https:\/\/arealorcaradio.es\/index.php\/wp-json\/wp\/v2\/posts\/139\/revisions"}],"predecessor-version":[{"id":143,"href":"https:\/\/arealorcaradio.es\/index.php\/wp-json\/wp\/v2\/posts\/139\/revisions\/143"}],"wp:featuredmedia":[{"embeddable":true,"href":"https:\/\/arealorcaradio.es\/index.php\/wp-json\/wp\/v2\/media\/142"}],"wp:attachment":[{"href":"https:\/\/arealorcaradio.es\/index.php\/wp-json\/wp\/v2\/media?parent=139"}],"wp:term":[{"taxonomy":"category","embeddable":true,"href":"https:\/\/arealorcaradio.es\/index.php\/wp-json\/wp\/v2\/categories?post=139"},{"taxonomy":"post_tag","embeddable":true,"href":"https:\/\/arealorcaradio.es\/index.php\/wp-json\/wp\/v2\/tags?post=139"}],"curies":[{"name":"wp","href":"https:\/\/api.w.org\/{rel}","templated":true}]}}