{"id":1246,"date":"2023-07-26T17:18:05","date_gmt":"2023-07-26T17:18:05","guid":{"rendered":"https:\/\/arealorcaradio.es\/?p=1246"},"modified":"2023-07-26T17:18:05","modified_gmt":"2023-07-26T17:18:05","slug":"lorca-acoge-este-fin-de-semana-29-y-30-de-julio-el-ii-open-internacional-de-petanca-ciudad-del-sol","status":"publish","type":"post","link":"https:\/\/arealorcaradio.es\/index.php\/2023\/07\/26\/lorca-acoge-este-fin-de-semana-29-y-30-de-julio-el-ii-open-internacional-de-petanca-ciudad-del-sol\/","title":{"rendered":"Lorca acoge este fin de semana 29 y 30 de julio el II Open Internacional de Petanca Ciudad del Sol"},"content":{"rendered":"<p>\u00c1REA LORCA RADIO.<\/p>\n<p>Escucha aqu\u00ed la entrevista que ha concedido el presidente del club organizador del evento, Club de Petanca Mil Estrellas, Iago Pi\u00f1eiro qui\u00e9n ha confirmado que la proyecci\u00f3n de Lorca se ver\u00e1 amplificada a nivel internacional ya que el Campeonato ser\u00e1 retransmitido por la plataforma deportiva LA LIGA +.<\/p>\n<audio class=\"wp-audio-shortcode\" id=\"audio-1246-1\" preload=\"none\" style=\"width: 100%;\" controls=\"controls\"><source type=\"audio\/mpeg\" src=\"https:\/\/arealorcaradio.es\/wp-content\/uploads\/2023\/07\/260723-IAGO-PINEIRO.-PETANCA-MIL-ESTRELLAS.mp3?_=1\" \/><a href=\"https:\/\/arealorcaradio.es\/wp-content\/uploads\/2023\/07\/260723-IAGO-PINEIRO.-PETANCA-MIL-ESTRELLAS.mp3\">https:\/\/arealorcaradio.es\/wp-content\/uploads\/2023\/07\/260723-IAGO-PINEIRO.-PETANCA-MIL-ESTRELLAS.mp3<\/a><\/audio>\n<p><img loading=\"lazy\" decoding=\"async\" class=\"alignnone size-medium wp-image-1248\" src=\"https:\/\/arealorcaradio.es\/wp-content\/uploads\/2023\/07\/Petanca-Mil-Estrellas-2-300x164.jpg\" alt=\"\" width=\"300\" height=\"164\" srcset=\"https:\/\/arealorcaradio.es\/wp-content\/uploads\/2023\/07\/Petanca-Mil-Estrellas-2-300x164.jpg 300w, https:\/\/arealorcaradio.es\/wp-content\/uploads\/2023\/07\/Petanca-Mil-Estrellas-2-1024x559.jpg 1024w, https:\/\/arealorcaradio.es\/wp-content\/uploads\/2023\/07\/Petanca-Mil-Estrellas-2-768x420.jpg 768w, https:\/\/arealorcaradio.es\/wp-content\/uploads\/2023\/07\/Petanca-Mil-Estrellas-2.jpg 1080w\" sizes=\"auto, (max-width: 300px) 100vw, 300px\" \/><\/p>\n","protected":false},"excerpt":{"rendered":"<p>\u00c1REA LORCA RADIO. Escucha aqu\u00ed la entrevista que ha concedido el presidente del club organizador del evento, Club de Petanca Mil Estrellas, Iago Pi\u00f1eiro qui\u00e9n ha confirmado que la proyecci\u00f3n de Lorca se ver\u00e1 amplificada a nivel internacional ya que el Campeonato ser\u00e1 retransmitido por la plataforma deportiva LA LIGA +.<\/p>\n","protected":false},"author":1,"featured_media":1251,"comment_status":"open","ping_status":"open","sticky":false,"template":"","format":"standard","meta":{"iawp_total_views":2,"footnotes":""},"categories":[4,7],"tags":[],"class_list":["post-1246","post","type-post","status-publish","format-standard","has-post-thumbnail","hentry","category-deportes","category-lorca"],"yoast_head":"<!-- This site is optimized with the Yoast SEO plugin v27.5 - https:\/\/yoast.com\/product\/yoast-seo-wordpress\/ -->\n<title>Lorca acoge este fin de semana 29 y 30 de julio el II Open Internacional de Petanca Ciudad del Sol - AREA LORCA RADIO<\/title>\n<meta name=\"robots\" content=\"index, follow, max-snippet:-1, max-image-preview:large, max-video-preview:-1\" \/>\n<link rel=\"canonical\" href=\"https:\/\/arealorcaradio.es\/index.php\/2023\/07\/26\/lorca-acoge-este-fin-de-semana-29-y-30-de-julio-el-ii-open-internacional-de-petanca-ciudad-del-sol\/\" \/>\n<meta property=\"og:locale\" content=\"es_ES\" \/>\n<meta property=\"og:type\" content=\"article\" \/>\n<meta property=\"og:title\" content=\"Lorca acoge este fin de semana 29 y 30 de julio el II Open Internacional de Petanca Ciudad del Sol - AREA LORCA RADIO\" \/>\n<meta property=\"og:description\" content=\"\u00c1REA LORCA RADIO. Escucha aqu\u00ed la entrevista que ha concedido el presidente del club organizador del evento, Club de Petanca Mil Estrellas, Iago Pi\u00f1eiro qui\u00e9n ha confirmado que la proyecci\u00f3n de Lorca se ver\u00e1 amplificada a nivel internacional ya que el Campeonato ser\u00e1 retransmitido por la plataforma deportiva LA LIGA +.\" \/>\n<meta property=\"og:url\" content=\"https:\/\/arealorcaradio.es\/index.php\/2023\/07\/26\/lorca-acoge-este-fin-de-semana-29-y-30-de-julio-el-ii-open-internacional-de-petanca-ciudad-del-sol\/\" \/>\n<meta property=\"og:site_name\" content=\"AREA LORCA RADIO\" \/>\n<meta property=\"article:published_time\" content=\"2023-07-26T17:18:05+00:00\" \/>\n<meta property=\"og:image\" content=\"https:\/\/arealorcaradio.es\/wp-content\/uploads\/2023\/07\/Petanca-Mil-Estrellas-1.jpg\" \/>\n\t<meta property=\"og:image:width\" content=\"1930\" \/>\n\t<meta property=\"og:image:height\" content=\"1080\" \/>\n\t<meta property=\"og:image:type\" content=\"image\/jpeg\" \/>\n<meta name=\"author\" content=\"Paco S\u00e1nchez\" \/>\n<meta name=\"twitter:card\" content=\"summary_large_image\" \/>\n<meta name=\"twitter:label1\" content=\"Escrito por\" \/>\n\t<meta name=\"twitter:data1\" content=\"Paco S\u00e1nchez\" \/>\n\t<meta name=\"twitter:label2\" content=\"Tiempo de lectura\" \/>\n\t<meta name=\"twitter:data2\" content=\"1 minuto\" \/>\n<script type=\"application\/ld+json\" class=\"yoast-schema-graph\">{\"@context\":\"https:\\\/\\\/schema.org\",\"@graph\":[{\"@type\":\"Article\",\"@id\":\"https:\\\/\\\/arealorcaradio.es\\\/index.php\\\/2023\\\/07\\\/26\\\/lorca-acoge-este-fin-de-semana-29-y-30-de-julio-el-ii-open-internacional-de-petanca-ciudad-del-sol\\\/#article\",\"isPartOf\":{\"@id\":\"https:\\\/\\\/arealorcaradio.es\\\/index.php\\\/2023\\\/07\\\/26\\\/lorca-acoge-este-fin-de-semana-29-y-30-de-julio-el-ii-open-internacional-de-petanca-ciudad-del-sol\\\/\"},\"author\":{\"name\":\"Paco S\u00e1nchez\",\"@id\":\"https:\\\/\\\/arealorcaradio.es\\\/#\\\/schema\\\/person\\\/9fae605fc25b0f2c83c1ab207139bd27\"},\"headline\":\"Lorca acoge este fin de semana 29 y 30 de julio el II Open Internacional de Petanca Ciudad del Sol\",\"datePublished\":\"2023-07-26T17:18:05+00:00\",\"mainEntityOfPage\":{\"@id\":\"https:\\\/\\\/arealorcaradio.es\\\/index.php\\\/2023\\\/07\\\/26\\\/lorca-acoge-este-fin-de-semana-29-y-30-de-julio-el-ii-open-internacional-de-petanca-ciudad-del-sol\\\/\"},\"wordCount\":82,\"commentCount\":0,\"image\":{\"@id\":\"https:\\\/\\\/arealorcaradio.es\\\/index.php\\\/2023\\\/07\\\/26\\\/lorca-acoge-este-fin-de-semana-29-y-30-de-julio-el-ii-open-internacional-de-petanca-ciudad-del-sol\\\/#primaryimage\"},\"thumbnailUrl\":\"https:\\\/\\\/arealorcaradio.es\\\/wp-content\\\/uploads\\\/2023\\\/07\\\/Petanca-Mil-Estrellas-1.jpg\",\"articleSection\":[\"DEPORTES\",\"LORCA\"],\"inLanguage\":\"es\",\"potentialAction\":[{\"@type\":\"CommentAction\",\"name\":\"Comment\",\"target\":[\"https:\\\/\\\/arealorcaradio.es\\\/index.php\\\/2023\\\/07\\\/26\\\/lorca-acoge-este-fin-de-semana-29-y-30-de-julio-el-ii-open-internacional-de-petanca-ciudad-del-sol\\\/#respond\"]}]},{\"@type\":\"WebPage\",\"@id\":\"https:\\\/\\\/arealorcaradio.es\\\/index.php\\\/2023\\\/07\\\/26\\\/lorca-acoge-este-fin-de-semana-29-y-30-de-julio-el-ii-open-internacional-de-petanca-ciudad-del-sol\\\/\",\"url\":\"https:\\\/\\\/arealorcaradio.es\\\/index.php\\\/2023\\\/07\\\/26\\\/lorca-acoge-este-fin-de-semana-29-y-30-de-julio-el-ii-open-internacional-de-petanca-ciudad-del-sol\\\/\",\"name\":\"Lorca acoge este fin de semana 29 y 30 de julio el II Open Internacional de Petanca Ciudad del Sol - AREA LORCA RADIO\",\"isPartOf\":{\"@id\":\"https:\\\/\\\/arealorcaradio.es\\\/#website\"},\"primaryImageOfPage\":{\"@id\":\"https:\\\/\\\/arealorcaradio.es\\\/index.php\\\/2023\\\/07\\\/26\\\/lorca-acoge-este-fin-de-semana-29-y-30-de-julio-el-ii-open-internacional-de-petanca-ciudad-del-sol\\\/#primaryimage\"},\"image\":{\"@id\":\"https:\\\/\\\/arealorcaradio.es\\\/index.php\\\/2023\\\/07\\\/26\\\/lorca-acoge-este-fin-de-semana-29-y-30-de-julio-el-ii-open-internacional-de-petanca-ciudad-del-sol\\\/#primaryimage\"},\"thumbnailUrl\":\"https:\\\/\\\/arealorcaradio.es\\\/wp-content\\\/uploads\\\/2023\\\/07\\\/Petanca-Mil-Estrellas-1.jpg\",\"datePublished\":\"2023-07-26T17:18:05+00:00\",\"author\":{\"@id\":\"https:\\\/\\\/arealorcaradio.es\\\/#\\\/schema\\\/person\\\/9fae605fc25b0f2c83c1ab207139bd27\"},\"breadcrumb\":{\"@id\":\"https:\\\/\\\/arealorcaradio.es\\\/index.php\\\/2023\\\/07\\\/26\\\/lorca-acoge-este-fin-de-semana-29-y-30-de-julio-el-ii-open-internacional-de-petanca-ciudad-del-sol\\\/#breadcrumb\"},\"inLanguage\":\"es\",\"potentialAction\":[{\"@type\":\"ReadAction\",\"target\":[\"https:\\\/\\\/arealorcaradio.es\\\/index.php\\\/2023\\\/07\\\/26\\\/lorca-acoge-este-fin-de-semana-29-y-30-de-julio-el-ii-open-internacional-de-petanca-ciudad-del-sol\\\/\"]}]},{\"@type\":\"ImageObject\",\"inLanguage\":\"es\",\"@id\":\"https:\\\/\\\/arealorcaradio.es\\\/index.php\\\/2023\\\/07\\\/26\\\/lorca-acoge-este-fin-de-semana-29-y-30-de-julio-el-ii-open-internacional-de-petanca-ciudad-del-sol\\\/#primaryimage\",\"url\":\"https:\\\/\\\/arealorcaradio.es\\\/wp-content\\\/uploads\\\/2023\\\/07\\\/Petanca-Mil-Estrellas-1.jpg\",\"contentUrl\":\"https:\\\/\\\/arealorcaradio.es\\\/wp-content\\\/uploads\\\/2023\\\/07\\\/Petanca-Mil-Estrellas-1.jpg\",\"width\":1930,\"height\":1080},{\"@type\":\"BreadcrumbList\",\"@id\":\"https:\\\/\\\/arealorcaradio.es\\\/index.php\\\/2023\\\/07\\\/26\\\/lorca-acoge-este-fin-de-semana-29-y-30-de-julio-el-ii-open-internacional-de-petanca-ciudad-del-sol\\\/#breadcrumb\",\"itemListElement\":[{\"@type\":\"ListItem\",\"position\":1,\"name\":\"Portada\",\"item\":\"https:\\\/\\\/arealorcaradio.es\\\/\"},{\"@type\":\"ListItem\",\"position\":2,\"name\":\"Lorca acoge este fin de semana 29 y 30 de julio el II Open Internacional de Petanca Ciudad del Sol\"}]},{\"@type\":\"WebSite\",\"@id\":\"https:\\\/\\\/arealorcaradio.es\\\/#website\",\"url\":\"https:\\\/\\\/arealorcaradio.es\\\/\",\"name\":\"AREA LORCA RADIO\",\"description\":\"Descubre la programaci\u00f3n actual en \u00c1rea Lorca Radio, tu fuente de entrenamiento y noticias locales. Sintoniza ahora y mantente conectado online.\",\"potentialAction\":[{\"@type\":\"SearchAction\",\"target\":{\"@type\":\"EntryPoint\",\"urlTemplate\":\"https:\\\/\\\/arealorcaradio.es\\\/?s={search_term_string}\"},\"query-input\":{\"@type\":\"PropertyValueSpecification\",\"valueRequired\":true,\"valueName\":\"search_term_string\"}}],\"inLanguage\":\"es\"},{\"@type\":\"Person\",\"@id\":\"https:\\\/\\\/arealorcaradio.es\\\/#\\\/schema\\\/person\\\/9fae605fc25b0f2c83c1ab207139bd27\",\"name\":\"Paco S\u00e1nchez\",\"image\":{\"@type\":\"ImageObject\",\"inLanguage\":\"es\",\"@id\":\"https:\\\/\\\/secure.gravatar.com\\\/avatar\\\/d67144e966420fb74aa84c9f2a0103be4724fd14db52b52d3b6bca749f257e79?s=96&d=mm&r=g\",\"url\":\"https:\\\/\\\/secure.gravatar.com\\\/avatar\\\/d67144e966420fb74aa84c9f2a0103be4724fd14db52b52d3b6bca749f257e79?s=96&d=mm&r=g\",\"contentUrl\":\"https:\\\/\\\/secure.gravatar.com\\\/avatar\\\/d67144e966420fb74aa84c9f2a0103be4724fd14db52b52d3b6bca749f257e79?s=96&d=mm&r=g\",\"caption\":\"Paco S\u00e1nchez\"},\"sameAs\":[\"https:\\\/\\\/arealorcaradio.es\"],\"url\":\"https:\\\/\\\/arealorcaradio.es\\\/index.php\\\/author\\\/admin_alorcaradio\\\/\"}]}<\/script>\n<!-- \/ Yoast SEO plugin. -->","yoast_head_json":{"title":"Lorca acoge este fin de semana 29 y 30 de julio el II Open Internacional de Petanca Ciudad del Sol - AREA LORCA RADIO","robots":{"index":"index","follow":"follow","max-snippet":"max-snippet:-1","max-image-preview":"max-image-preview:large","max-video-preview":"max-video-preview:-1"},"canonical":"https:\/\/arealorcaradio.es\/index.php\/2023\/07\/26\/lorca-acoge-este-fin-de-semana-29-y-30-de-julio-el-ii-open-internacional-de-petanca-ciudad-del-sol\/","og_locale":"es_ES","og_type":"article","og_title":"Lorca acoge este fin de semana 29 y 30 de julio el II Open Internacional de Petanca Ciudad del Sol - AREA LORCA RADIO","og_description":"\u00c1REA LORCA RADIO. Escucha aqu\u00ed la entrevista que ha concedido el presidente del club organizador del evento, Club de Petanca Mil Estrellas, Iago Pi\u00f1eiro qui\u00e9n ha confirmado que la proyecci\u00f3n de Lorca se ver\u00e1 amplificada a nivel internacional ya que el Campeonato ser\u00e1 retransmitido por la plataforma deportiva LA LIGA +.","og_url":"https:\/\/arealorcaradio.es\/index.php\/2023\/07\/26\/lorca-acoge-este-fin-de-semana-29-y-30-de-julio-el-ii-open-internacional-de-petanca-ciudad-del-sol\/","og_site_name":"AREA LORCA RADIO","article_published_time":"2023-07-26T17:18:05+00:00","og_image":[{"width":1930,"height":1080,"url":"https:\/\/arealorcaradio.es\/wp-content\/uploads\/2023\/07\/Petanca-Mil-Estrellas-1.jpg","type":"image\/jpeg"}],"author":"Paco S\u00e1nchez","twitter_card":"summary_large_image","twitter_misc":{"Escrito por":"Paco S\u00e1nchez","Tiempo de lectura":"1 minuto"},"schema":{"@context":"https:\/\/schema.org","@graph":[{"@type":"Article","@id":"https:\/\/arealorcaradio.es\/index.php\/2023\/07\/26\/lorca-acoge-este-fin-de-semana-29-y-30-de-julio-el-ii-open-internacional-de-petanca-ciudad-del-sol\/#article","isPartOf":{"@id":"https:\/\/arealorcaradio.es\/index.php\/2023\/07\/26\/lorca-acoge-este-fin-de-semana-29-y-30-de-julio-el-ii-open-internacional-de-petanca-ciudad-del-sol\/"},"author":{"name":"Paco S\u00e1nchez","@id":"https:\/\/arealorcaradio.es\/#\/schema\/person\/9fae605fc25b0f2c83c1ab207139bd27"},"headline":"Lorca acoge este fin de semana 29 y 30 de julio el II Open Internacional de Petanca Ciudad del Sol","datePublished":"2023-07-26T17:18:05+00:00","mainEntityOfPage":{"@id":"https:\/\/arealorcaradio.es\/index.php\/2023\/07\/26\/lorca-acoge-este-fin-de-semana-29-y-30-de-julio-el-ii-open-internacional-de-petanca-ciudad-del-sol\/"},"wordCount":82,"commentCount":0,"image":{"@id":"https:\/\/arealorcaradio.es\/index.php\/2023\/07\/26\/lorca-acoge-este-fin-de-semana-29-y-30-de-julio-el-ii-open-internacional-de-petanca-ciudad-del-sol\/#primaryimage"},"thumbnailUrl":"https:\/\/arealorcaradio.es\/wp-content\/uploads\/2023\/07\/Petanca-Mil-Estrellas-1.jpg","articleSection":["DEPORTES","LORCA"],"inLanguage":"es","potentialAction":[{"@type":"CommentAction","name":"Comment","target":["https:\/\/arealorcaradio.es\/index.php\/2023\/07\/26\/lorca-acoge-este-fin-de-semana-29-y-30-de-julio-el-ii-open-internacional-de-petanca-ciudad-del-sol\/#respond"]}]},{"@type":"WebPage","@id":"https:\/\/arealorcaradio.es\/index.php\/2023\/07\/26\/lorca-acoge-este-fin-de-semana-29-y-30-de-julio-el-ii-open-internacional-de-petanca-ciudad-del-sol\/","url":"https:\/\/arealorcaradio.es\/index.php\/2023\/07\/26\/lorca-acoge-este-fin-de-semana-29-y-30-de-julio-el-ii-open-internacional-de-petanca-ciudad-del-sol\/","name":"Lorca acoge este fin de semana 29 y 30 de julio el II Open Internacional de Petanca Ciudad del Sol - AREA LORCA RADIO","isPartOf":{"@id":"https:\/\/arealorcaradio.es\/#website"},"primaryImageOfPage":{"@id":"https:\/\/arealorcaradio.es\/index.php\/2023\/07\/26\/lorca-acoge-este-fin-de-semana-29-y-30-de-julio-el-ii-open-internacional-de-petanca-ciudad-del-sol\/#primaryimage"},"image":{"@id":"https:\/\/arealorcaradio.es\/index.php\/2023\/07\/26\/lorca-acoge-este-fin-de-semana-29-y-30-de-julio-el-ii-open-internacional-de-petanca-ciudad-del-sol\/#primaryimage"},"thumbnailUrl":"https:\/\/arealorcaradio.es\/wp-content\/uploads\/2023\/07\/Petanca-Mil-Estrellas-1.jpg","datePublished":"2023-07-26T17:18:05+00:00","author":{"@id":"https:\/\/arealorcaradio.es\/#\/schema\/person\/9fae605fc25b0f2c83c1ab207139bd27"},"breadcrumb":{"@id":"https:\/\/arealorcaradio.es\/index.php\/2023\/07\/26\/lorca-acoge-este-fin-de-semana-29-y-30-de-julio-el-ii-open-internacional-de-petanca-ciudad-del-sol\/#breadcrumb"},"inLanguage":"es","potentialAction":[{"@type":"ReadAction","target":["https:\/\/arealorcaradio.es\/index.php\/2023\/07\/26\/lorca-acoge-este-fin-de-semana-29-y-30-de-julio-el-ii-open-internacional-de-petanca-ciudad-del-sol\/"]}]},{"@type":"ImageObject","inLanguage":"es","@id":"https:\/\/arealorcaradio.es\/index.php\/2023\/07\/26\/lorca-acoge-este-fin-de-semana-29-y-30-de-julio-el-ii-open-internacional-de-petanca-ciudad-del-sol\/#primaryimage","url":"https:\/\/arealorcaradio.es\/wp-content\/uploads\/2023\/07\/Petanca-Mil-Estrellas-1.jpg","contentUrl":"https:\/\/arealorcaradio.es\/wp-content\/uploads\/2023\/07\/Petanca-Mil-Estrellas-1.jpg","width":1930,"height":1080},{"@type":"BreadcrumbList","@id":"https:\/\/arealorcaradio.es\/index.php\/2023\/07\/26\/lorca-acoge-este-fin-de-semana-29-y-30-de-julio-el-ii-open-internacional-de-petanca-ciudad-del-sol\/#breadcrumb","itemListElement":[{"@type":"ListItem","position":1,"name":"Portada","item":"https:\/\/arealorcaradio.es\/"},{"@type":"ListItem","position":2,"name":"Lorca acoge este fin de semana 29 y 30 de julio el II Open Internacional de Petanca Ciudad del Sol"}]},{"@type":"WebSite","@id":"https:\/\/arealorcaradio.es\/#website","url":"https:\/\/arealorcaradio.es\/","name":"AREA LORCA RADIO","description":"Descubre la programaci\u00f3n actual en \u00c1rea Lorca Radio, tu fuente de entrenamiento y noticias locales. Sintoniza ahora y mantente conectado online.","potentialAction":[{"@type":"SearchAction","target":{"@type":"EntryPoint","urlTemplate":"https:\/\/arealorcaradio.es\/?s={search_term_string}"},"query-input":{"@type":"PropertyValueSpecification","valueRequired":true,"valueName":"search_term_string"}}],"inLanguage":"es"},{"@type":"Person","@id":"https:\/\/arealorcaradio.es\/#\/schema\/person\/9fae605fc25b0f2c83c1ab207139bd27","name":"Paco S\u00e1nchez","image":{"@type":"ImageObject","inLanguage":"es","@id":"https:\/\/secure.gravatar.com\/avatar\/d67144e966420fb74aa84c9f2a0103be4724fd14db52b52d3b6bca749f257e79?s=96&d=mm&r=g","url":"https:\/\/secure.gravatar.com\/avatar\/d67144e966420fb74aa84c9f2a0103be4724fd14db52b52d3b6bca749f257e79?s=96&d=mm&r=g","contentUrl":"https:\/\/secure.gravatar.com\/avatar\/d67144e966420fb74aa84c9f2a0103be4724fd14db52b52d3b6bca749f257e79?s=96&d=mm&r=g","caption":"Paco S\u00e1nchez"},"sameAs":["https:\/\/arealorcaradio.es"],"url":"https:\/\/arealorcaradio.es\/index.php\/author\/admin_alorcaradio\/"}]}},"_links":{"self":[{"href":"https:\/\/arealorcaradio.es\/index.php\/wp-json\/wp\/v2\/posts\/1246","targetHints":{"allow":["GET"]}}],"collection":[{"href":"https:\/\/arealorcaradio.es\/index.php\/wp-json\/wp\/v2\/posts"}],"about":[{"href":"https:\/\/arealorcaradio.es\/index.php\/wp-json\/wp\/v2\/types\/post"}],"author":[{"embeddable":true,"href":"https:\/\/arealorcaradio.es\/index.php\/wp-json\/wp\/v2\/users\/1"}],"replies":[{"embeddable":true,"href":"https:\/\/arealorcaradio.es\/index.php\/wp-json\/wp\/v2\/comments?post=1246"}],"version-history":[{"count":1,"href":"https:\/\/arealorcaradio.es\/index.php\/wp-json\/wp\/v2\/posts\/1246\/revisions"}],"predecessor-version":[{"id":1250,"href":"https:\/\/arealorcaradio.es\/index.php\/wp-json\/wp\/v2\/posts\/1246\/revisions\/1250"}],"wp:featuredmedia":[{"embeddable":true,"href":"https:\/\/arealorcaradio.es\/index.php\/wp-json\/wp\/v2\/media\/1251"}],"wp:attachment":[{"href":"https:\/\/arealorcaradio.es\/index.php\/wp-json\/wp\/v2\/media?parent=1246"}],"wp:term":[{"taxonomy":"category","embeddable":true,"href":"https:\/\/arealorcaradio.es\/index.php\/wp-json\/wp\/v2\/categories?post=1246"},{"taxonomy":"post_tag","embeddable":true,"href":"https:\/\/arealorcaradio.es\/index.php\/wp-json\/wp\/v2\/tags?post=1246"}],"curies":[{"name":"wp","href":"https:\/\/api.w.org\/{rel}","templated":true}]}}