{"id":1229,"date":"2023-07-25T17:15:54","date_gmt":"2023-07-25T17:15:54","guid":{"rendered":"https:\/\/arealorcaradio.es\/?p=1229"},"modified":"2023-07-25T17:15:54","modified_gmt":"2023-07-25T17:15:54","slug":"fulgencio-gil-pese-a-que-el-panorama-economico-municipal-no-es-el-idoneo-bajaremos-los-impuestos-a-los-lorquinos","status":"publish","type":"post","link":"https:\/\/arealorcaradio.es\/index.php\/2023\/07\/25\/fulgencio-gil-pese-a-que-el-panorama-economico-municipal-no-es-el-idoneo-bajaremos-los-impuestos-a-los-lorquinos\/","title":{"rendered":"Fulgencio Gil: \u00abPese a que el panorama econ\u00f3mico municipal no es el id\u00f3neo bajaremos los impuestos a los lorquinos\u00bb."},"content":{"rendered":"<p>\u00c1REA LORCA RADIO.<\/p>\n<p>Escucha aqu\u00ed la entrevista que ha concedido en su despacho del Ayuntamiento de Lorca el alcalde Fulgencio Gil a Paco S\u00e1nchez, donde analiza las cuentas actuales que se ha encontrado a su llegada de nuevo a la alcald\u00eda tras el paso del PSOE por esta durante cuatro a\u00f1os. Adem\u00e1s habla de pol\u00edtica local, regional y nacional, casco hist\u00f3rico, seguridad ciudadana, sanidad y mucho m\u00e1s.<\/p>\n<audio class=\"wp-audio-shortcode\" id=\"audio-1229-1\" preload=\"none\" style=\"width: 100%;\" controls=\"controls\"><source type=\"audio\/mpeg\" src=\"https:\/\/arealorcaradio.es\/wp-content\/uploads\/2023\/07\/250723-FULGENCIO-GIL.-ENTREVISTA-ALCALDIA.mp3?_=1\" \/><a href=\"https:\/\/arealorcaradio.es\/wp-content\/uploads\/2023\/07\/250723-FULGENCIO-GIL.-ENTREVISTA-ALCALDIA.mp3\">https:\/\/arealorcaradio.es\/wp-content\/uploads\/2023\/07\/250723-FULGENCIO-GIL.-ENTREVISTA-ALCALDIA.mp3<\/a><\/audio>\n","protected":false},"excerpt":{"rendered":"<p>\u00c1REA LORCA RADIO. Escucha aqu\u00ed la entrevista que ha concedido en su despacho del Ayuntamiento de Lorca el alcalde Fulgencio Gil a Paco S\u00e1nchez, donde analiza las cuentas actuales que se ha encontrado a su llegada de nuevo a la alcald\u00eda tras el paso del PSOE por esta durante cuatro a\u00f1os. Adem\u00e1s habla de pol\u00edtica [&hellip;]<\/p>\n","protected":false},"author":1,"featured_media":1231,"comment_status":"open","ping_status":"open","sticky":false,"template":"","format":"standard","meta":{"iawp_total_views":3,"footnotes":""},"categories":[3,7],"tags":[],"class_list":["post-1229","post","type-post","status-publish","format-standard","has-post-thumbnail","hentry","category-informacion","category-lorca"],"yoast_head":"<!-- This site is optimized with the Yoast SEO plugin v27.5 - https:\/\/yoast.com\/product\/yoast-seo-wordpress\/ -->\n<title>Fulgencio Gil: &quot;Pese a que el panorama econ\u00f3mico municipal no es el id\u00f3neo bajaremos los impuestos a los lorquinos&quot;. - AREA LORCA RADIO<\/title>\n<meta name=\"robots\" content=\"index, follow, max-snippet:-1, max-image-preview:large, max-video-preview:-1\" \/>\n<link rel=\"canonical\" href=\"https:\/\/arealorcaradio.es\/index.php\/2023\/07\/25\/fulgencio-gil-pese-a-que-el-panorama-economico-municipal-no-es-el-idoneo-bajaremos-los-impuestos-a-los-lorquinos\/\" \/>\n<meta property=\"og:locale\" content=\"es_ES\" \/>\n<meta property=\"og:type\" content=\"article\" \/>\n<meta property=\"og:title\" content=\"Fulgencio Gil: &quot;Pese a que el panorama econ\u00f3mico municipal no es el id\u00f3neo bajaremos los impuestos a los lorquinos&quot;. - AREA LORCA RADIO\" \/>\n<meta property=\"og:description\" content=\"\u00c1REA LORCA RADIO. Escucha aqu\u00ed la entrevista que ha concedido en su despacho del Ayuntamiento de Lorca el alcalde Fulgencio Gil a Paco S\u00e1nchez, donde analiza las cuentas actuales que se ha encontrado a su llegada de nuevo a la alcald\u00eda tras el paso del PSOE por esta durante cuatro a\u00f1os. Adem\u00e1s habla de pol\u00edtica [&hellip;]\" \/>\n<meta property=\"og:url\" content=\"https:\/\/arealorcaradio.es\/index.php\/2023\/07\/25\/fulgencio-gil-pese-a-que-el-panorama-economico-municipal-no-es-el-idoneo-bajaremos-los-impuestos-a-los-lorquinos\/\" \/>\n<meta property=\"og:site_name\" content=\"AREA LORCA RADIO\" \/>\n<meta property=\"article:published_time\" content=\"2023-07-25T17:15:54+00:00\" \/>\n<meta property=\"og:image\" content=\"https:\/\/arealorcaradio.es\/wp-content\/uploads\/2023\/07\/IMG-20230725-WA0004.jpg\" \/>\n\t<meta property=\"og:image:width\" content=\"1600\" \/>\n\t<meta property=\"og:image:height\" content=\"738\" \/>\n\t<meta property=\"og:image:type\" content=\"image\/jpeg\" \/>\n<meta name=\"author\" content=\"Paco S\u00e1nchez\" \/>\n<meta name=\"twitter:card\" content=\"summary_large_image\" \/>\n<meta name=\"twitter:label1\" content=\"Escrito por\" \/>\n\t<meta name=\"twitter:data1\" content=\"Paco S\u00e1nchez\" \/>\n\t<meta name=\"twitter:label2\" content=\"Tiempo de lectura\" \/>\n\t<meta name=\"twitter:data2\" content=\"1 minuto\" \/>\n<script type=\"application\/ld+json\" class=\"yoast-schema-graph\">{\"@context\":\"https:\\\/\\\/schema.org\",\"@graph\":[{\"@type\":\"Article\",\"@id\":\"https:\\\/\\\/arealorcaradio.es\\\/index.php\\\/2023\\\/07\\\/25\\\/fulgencio-gil-pese-a-que-el-panorama-economico-municipal-no-es-el-idoneo-bajaremos-los-impuestos-a-los-lorquinos\\\/#article\",\"isPartOf\":{\"@id\":\"https:\\\/\\\/arealorcaradio.es\\\/index.php\\\/2023\\\/07\\\/25\\\/fulgencio-gil-pese-a-que-el-panorama-economico-municipal-no-es-el-idoneo-bajaremos-los-impuestos-a-los-lorquinos\\\/\"},\"author\":{\"name\":\"Paco S\u00e1nchez\",\"@id\":\"https:\\\/\\\/arealorcaradio.es\\\/#\\\/schema\\\/person\\\/9fae605fc25b0f2c83c1ab207139bd27\"},\"headline\":\"Fulgencio Gil: \u00abPese a que el panorama econ\u00f3mico municipal no es el id\u00f3neo bajaremos los impuestos a los lorquinos\u00bb.\",\"datePublished\":\"2023-07-25T17:15:54+00:00\",\"mainEntityOfPage\":{\"@id\":\"https:\\\/\\\/arealorcaradio.es\\\/index.php\\\/2023\\\/07\\\/25\\\/fulgencio-gil-pese-a-que-el-panorama-economico-municipal-no-es-el-idoneo-bajaremos-los-impuestos-a-los-lorquinos\\\/\"},\"wordCount\":106,\"commentCount\":0,\"image\":{\"@id\":\"https:\\\/\\\/arealorcaradio.es\\\/index.php\\\/2023\\\/07\\\/25\\\/fulgencio-gil-pese-a-que-el-panorama-economico-municipal-no-es-el-idoneo-bajaremos-los-impuestos-a-los-lorquinos\\\/#primaryimage\"},\"thumbnailUrl\":\"https:\\\/\\\/arealorcaradio.es\\\/wp-content\\\/uploads\\\/2023\\\/07\\\/IMG-20230725-WA0004.jpg\",\"articleSection\":[\"INFORMACI\u00d3N\",\"LORCA\"],\"inLanguage\":\"es\",\"potentialAction\":[{\"@type\":\"CommentAction\",\"name\":\"Comment\",\"target\":[\"https:\\\/\\\/arealorcaradio.es\\\/index.php\\\/2023\\\/07\\\/25\\\/fulgencio-gil-pese-a-que-el-panorama-economico-municipal-no-es-el-idoneo-bajaremos-los-impuestos-a-los-lorquinos\\\/#respond\"]}]},{\"@type\":\"WebPage\",\"@id\":\"https:\\\/\\\/arealorcaradio.es\\\/index.php\\\/2023\\\/07\\\/25\\\/fulgencio-gil-pese-a-que-el-panorama-economico-municipal-no-es-el-idoneo-bajaremos-los-impuestos-a-los-lorquinos\\\/\",\"url\":\"https:\\\/\\\/arealorcaradio.es\\\/index.php\\\/2023\\\/07\\\/25\\\/fulgencio-gil-pese-a-que-el-panorama-economico-municipal-no-es-el-idoneo-bajaremos-los-impuestos-a-los-lorquinos\\\/\",\"name\":\"Fulgencio Gil: \\\"Pese a que el panorama econ\u00f3mico municipal no es el id\u00f3neo bajaremos los impuestos a los lorquinos\\\". - AREA LORCA RADIO\",\"isPartOf\":{\"@id\":\"https:\\\/\\\/arealorcaradio.es\\\/#website\"},\"primaryImageOfPage\":{\"@id\":\"https:\\\/\\\/arealorcaradio.es\\\/index.php\\\/2023\\\/07\\\/25\\\/fulgencio-gil-pese-a-que-el-panorama-economico-municipal-no-es-el-idoneo-bajaremos-los-impuestos-a-los-lorquinos\\\/#primaryimage\"},\"image\":{\"@id\":\"https:\\\/\\\/arealorcaradio.es\\\/index.php\\\/2023\\\/07\\\/25\\\/fulgencio-gil-pese-a-que-el-panorama-economico-municipal-no-es-el-idoneo-bajaremos-los-impuestos-a-los-lorquinos\\\/#primaryimage\"},\"thumbnailUrl\":\"https:\\\/\\\/arealorcaradio.es\\\/wp-content\\\/uploads\\\/2023\\\/07\\\/IMG-20230725-WA0004.jpg\",\"datePublished\":\"2023-07-25T17:15:54+00:00\",\"author\":{\"@id\":\"https:\\\/\\\/arealorcaradio.es\\\/#\\\/schema\\\/person\\\/9fae605fc25b0f2c83c1ab207139bd27\"},\"breadcrumb\":{\"@id\":\"https:\\\/\\\/arealorcaradio.es\\\/index.php\\\/2023\\\/07\\\/25\\\/fulgencio-gil-pese-a-que-el-panorama-economico-municipal-no-es-el-idoneo-bajaremos-los-impuestos-a-los-lorquinos\\\/#breadcrumb\"},\"inLanguage\":\"es\",\"potentialAction\":[{\"@type\":\"ReadAction\",\"target\":[\"https:\\\/\\\/arealorcaradio.es\\\/index.php\\\/2023\\\/07\\\/25\\\/fulgencio-gil-pese-a-que-el-panorama-economico-municipal-no-es-el-idoneo-bajaremos-los-impuestos-a-los-lorquinos\\\/\"]}]},{\"@type\":\"ImageObject\",\"inLanguage\":\"es\",\"@id\":\"https:\\\/\\\/arealorcaradio.es\\\/index.php\\\/2023\\\/07\\\/25\\\/fulgencio-gil-pese-a-que-el-panorama-economico-municipal-no-es-el-idoneo-bajaremos-los-impuestos-a-los-lorquinos\\\/#primaryimage\",\"url\":\"https:\\\/\\\/arealorcaradio.es\\\/wp-content\\\/uploads\\\/2023\\\/07\\\/IMG-20230725-WA0004.jpg\",\"contentUrl\":\"https:\\\/\\\/arealorcaradio.es\\\/wp-content\\\/uploads\\\/2023\\\/07\\\/IMG-20230725-WA0004.jpg\",\"width\":1600,\"height\":738},{\"@type\":\"BreadcrumbList\",\"@id\":\"https:\\\/\\\/arealorcaradio.es\\\/index.php\\\/2023\\\/07\\\/25\\\/fulgencio-gil-pese-a-que-el-panorama-economico-municipal-no-es-el-idoneo-bajaremos-los-impuestos-a-los-lorquinos\\\/#breadcrumb\",\"itemListElement\":[{\"@type\":\"ListItem\",\"position\":1,\"name\":\"Portada\",\"item\":\"https:\\\/\\\/arealorcaradio.es\\\/\"},{\"@type\":\"ListItem\",\"position\":2,\"name\":\"Fulgencio Gil: \u00abPese a que el panorama econ\u00f3mico municipal no es el id\u00f3neo bajaremos los impuestos a los lorquinos\u00bb.\"}]},{\"@type\":\"WebSite\",\"@id\":\"https:\\\/\\\/arealorcaradio.es\\\/#website\",\"url\":\"https:\\\/\\\/arealorcaradio.es\\\/\",\"name\":\"AREA LORCA RADIO\",\"description\":\"Descubre la programaci\u00f3n actual en \u00c1rea Lorca Radio, tu fuente de entrenamiento y noticias locales. Sintoniza ahora y mantente conectado online.\",\"potentialAction\":[{\"@type\":\"SearchAction\",\"target\":{\"@type\":\"EntryPoint\",\"urlTemplate\":\"https:\\\/\\\/arealorcaradio.es\\\/?s={search_term_string}\"},\"query-input\":{\"@type\":\"PropertyValueSpecification\",\"valueRequired\":true,\"valueName\":\"search_term_string\"}}],\"inLanguage\":\"es\"},{\"@type\":\"Person\",\"@id\":\"https:\\\/\\\/arealorcaradio.es\\\/#\\\/schema\\\/person\\\/9fae605fc25b0f2c83c1ab207139bd27\",\"name\":\"Paco S\u00e1nchez\",\"image\":{\"@type\":\"ImageObject\",\"inLanguage\":\"es\",\"@id\":\"https:\\\/\\\/secure.gravatar.com\\\/avatar\\\/d67144e966420fb74aa84c9f2a0103be4724fd14db52b52d3b6bca749f257e79?s=96&d=mm&r=g\",\"url\":\"https:\\\/\\\/secure.gravatar.com\\\/avatar\\\/d67144e966420fb74aa84c9f2a0103be4724fd14db52b52d3b6bca749f257e79?s=96&d=mm&r=g\",\"contentUrl\":\"https:\\\/\\\/secure.gravatar.com\\\/avatar\\\/d67144e966420fb74aa84c9f2a0103be4724fd14db52b52d3b6bca749f257e79?s=96&d=mm&r=g\",\"caption\":\"Paco S\u00e1nchez\"},\"sameAs\":[\"https:\\\/\\\/arealorcaradio.es\"],\"url\":\"https:\\\/\\\/arealorcaradio.es\\\/index.php\\\/author\\\/admin_alorcaradio\\\/\"}]}<\/script>\n<!-- \/ Yoast SEO plugin. -->","yoast_head_json":{"title":"Fulgencio Gil: \"Pese a que el panorama econ\u00f3mico municipal no es el id\u00f3neo bajaremos los impuestos a los lorquinos\". - AREA LORCA RADIO","robots":{"index":"index","follow":"follow","max-snippet":"max-snippet:-1","max-image-preview":"max-image-preview:large","max-video-preview":"max-video-preview:-1"},"canonical":"https:\/\/arealorcaradio.es\/index.php\/2023\/07\/25\/fulgencio-gil-pese-a-que-el-panorama-economico-municipal-no-es-el-idoneo-bajaremos-los-impuestos-a-los-lorquinos\/","og_locale":"es_ES","og_type":"article","og_title":"Fulgencio Gil: \"Pese a que el panorama econ\u00f3mico municipal no es el id\u00f3neo bajaremos los impuestos a los lorquinos\". - AREA LORCA RADIO","og_description":"\u00c1REA LORCA RADIO. Escucha aqu\u00ed la entrevista que ha concedido en su despacho del Ayuntamiento de Lorca el alcalde Fulgencio Gil a Paco S\u00e1nchez, donde analiza las cuentas actuales que se ha encontrado a su llegada de nuevo a la alcald\u00eda tras el paso del PSOE por esta durante cuatro a\u00f1os. Adem\u00e1s habla de pol\u00edtica [&hellip;]","og_url":"https:\/\/arealorcaradio.es\/index.php\/2023\/07\/25\/fulgencio-gil-pese-a-que-el-panorama-economico-municipal-no-es-el-idoneo-bajaremos-los-impuestos-a-los-lorquinos\/","og_site_name":"AREA LORCA RADIO","article_published_time":"2023-07-25T17:15:54+00:00","og_image":[{"width":1600,"height":738,"url":"https:\/\/arealorcaradio.es\/wp-content\/uploads\/2023\/07\/IMG-20230725-WA0004.jpg","type":"image\/jpeg"}],"author":"Paco S\u00e1nchez","twitter_card":"summary_large_image","twitter_misc":{"Escrito por":"Paco S\u00e1nchez","Tiempo de lectura":"1 minuto"},"schema":{"@context":"https:\/\/schema.org","@graph":[{"@type":"Article","@id":"https:\/\/arealorcaradio.es\/index.php\/2023\/07\/25\/fulgencio-gil-pese-a-que-el-panorama-economico-municipal-no-es-el-idoneo-bajaremos-los-impuestos-a-los-lorquinos\/#article","isPartOf":{"@id":"https:\/\/arealorcaradio.es\/index.php\/2023\/07\/25\/fulgencio-gil-pese-a-que-el-panorama-economico-municipal-no-es-el-idoneo-bajaremos-los-impuestos-a-los-lorquinos\/"},"author":{"name":"Paco S\u00e1nchez","@id":"https:\/\/arealorcaradio.es\/#\/schema\/person\/9fae605fc25b0f2c83c1ab207139bd27"},"headline":"Fulgencio Gil: \u00abPese a que el panorama econ\u00f3mico municipal no es el id\u00f3neo bajaremos los impuestos a los lorquinos\u00bb.","datePublished":"2023-07-25T17:15:54+00:00","mainEntityOfPage":{"@id":"https:\/\/arealorcaradio.es\/index.php\/2023\/07\/25\/fulgencio-gil-pese-a-que-el-panorama-economico-municipal-no-es-el-idoneo-bajaremos-los-impuestos-a-los-lorquinos\/"},"wordCount":106,"commentCount":0,"image":{"@id":"https:\/\/arealorcaradio.es\/index.php\/2023\/07\/25\/fulgencio-gil-pese-a-que-el-panorama-economico-municipal-no-es-el-idoneo-bajaremos-los-impuestos-a-los-lorquinos\/#primaryimage"},"thumbnailUrl":"https:\/\/arealorcaradio.es\/wp-content\/uploads\/2023\/07\/IMG-20230725-WA0004.jpg","articleSection":["INFORMACI\u00d3N","LORCA"],"inLanguage":"es","potentialAction":[{"@type":"CommentAction","name":"Comment","target":["https:\/\/arealorcaradio.es\/index.php\/2023\/07\/25\/fulgencio-gil-pese-a-que-el-panorama-economico-municipal-no-es-el-idoneo-bajaremos-los-impuestos-a-los-lorquinos\/#respond"]}]},{"@type":"WebPage","@id":"https:\/\/arealorcaradio.es\/index.php\/2023\/07\/25\/fulgencio-gil-pese-a-que-el-panorama-economico-municipal-no-es-el-idoneo-bajaremos-los-impuestos-a-los-lorquinos\/","url":"https:\/\/arealorcaradio.es\/index.php\/2023\/07\/25\/fulgencio-gil-pese-a-que-el-panorama-economico-municipal-no-es-el-idoneo-bajaremos-los-impuestos-a-los-lorquinos\/","name":"Fulgencio Gil: \"Pese a que el panorama econ\u00f3mico municipal no es el id\u00f3neo bajaremos los impuestos a los lorquinos\". - AREA LORCA RADIO","isPartOf":{"@id":"https:\/\/arealorcaradio.es\/#website"},"primaryImageOfPage":{"@id":"https:\/\/arealorcaradio.es\/index.php\/2023\/07\/25\/fulgencio-gil-pese-a-que-el-panorama-economico-municipal-no-es-el-idoneo-bajaremos-los-impuestos-a-los-lorquinos\/#primaryimage"},"image":{"@id":"https:\/\/arealorcaradio.es\/index.php\/2023\/07\/25\/fulgencio-gil-pese-a-que-el-panorama-economico-municipal-no-es-el-idoneo-bajaremos-los-impuestos-a-los-lorquinos\/#primaryimage"},"thumbnailUrl":"https:\/\/arealorcaradio.es\/wp-content\/uploads\/2023\/07\/IMG-20230725-WA0004.jpg","datePublished":"2023-07-25T17:15:54+00:00","author":{"@id":"https:\/\/arealorcaradio.es\/#\/schema\/person\/9fae605fc25b0f2c83c1ab207139bd27"},"breadcrumb":{"@id":"https:\/\/arealorcaradio.es\/index.php\/2023\/07\/25\/fulgencio-gil-pese-a-que-el-panorama-economico-municipal-no-es-el-idoneo-bajaremos-los-impuestos-a-los-lorquinos\/#breadcrumb"},"inLanguage":"es","potentialAction":[{"@type":"ReadAction","target":["https:\/\/arealorcaradio.es\/index.php\/2023\/07\/25\/fulgencio-gil-pese-a-que-el-panorama-economico-municipal-no-es-el-idoneo-bajaremos-los-impuestos-a-los-lorquinos\/"]}]},{"@type":"ImageObject","inLanguage":"es","@id":"https:\/\/arealorcaradio.es\/index.php\/2023\/07\/25\/fulgencio-gil-pese-a-que-el-panorama-economico-municipal-no-es-el-idoneo-bajaremos-los-impuestos-a-los-lorquinos\/#primaryimage","url":"https:\/\/arealorcaradio.es\/wp-content\/uploads\/2023\/07\/IMG-20230725-WA0004.jpg","contentUrl":"https:\/\/arealorcaradio.es\/wp-content\/uploads\/2023\/07\/IMG-20230725-WA0004.jpg","width":1600,"height":738},{"@type":"BreadcrumbList","@id":"https:\/\/arealorcaradio.es\/index.php\/2023\/07\/25\/fulgencio-gil-pese-a-que-el-panorama-economico-municipal-no-es-el-idoneo-bajaremos-los-impuestos-a-los-lorquinos\/#breadcrumb","itemListElement":[{"@type":"ListItem","position":1,"name":"Portada","item":"https:\/\/arealorcaradio.es\/"},{"@type":"ListItem","position":2,"name":"Fulgencio Gil: \u00abPese a que el panorama econ\u00f3mico municipal no es el id\u00f3neo bajaremos los impuestos a los lorquinos\u00bb."}]},{"@type":"WebSite","@id":"https:\/\/arealorcaradio.es\/#website","url":"https:\/\/arealorcaradio.es\/","name":"AREA LORCA RADIO","description":"Descubre la programaci\u00f3n actual en \u00c1rea Lorca Radio, tu fuente de entrenamiento y noticias locales. Sintoniza ahora y mantente conectado online.","potentialAction":[{"@type":"SearchAction","target":{"@type":"EntryPoint","urlTemplate":"https:\/\/arealorcaradio.es\/?s={search_term_string}"},"query-input":{"@type":"PropertyValueSpecification","valueRequired":true,"valueName":"search_term_string"}}],"inLanguage":"es"},{"@type":"Person","@id":"https:\/\/arealorcaradio.es\/#\/schema\/person\/9fae605fc25b0f2c83c1ab207139bd27","name":"Paco S\u00e1nchez","image":{"@type":"ImageObject","inLanguage":"es","@id":"https:\/\/secure.gravatar.com\/avatar\/d67144e966420fb74aa84c9f2a0103be4724fd14db52b52d3b6bca749f257e79?s=96&d=mm&r=g","url":"https:\/\/secure.gravatar.com\/avatar\/d67144e966420fb74aa84c9f2a0103be4724fd14db52b52d3b6bca749f257e79?s=96&d=mm&r=g","contentUrl":"https:\/\/secure.gravatar.com\/avatar\/d67144e966420fb74aa84c9f2a0103be4724fd14db52b52d3b6bca749f257e79?s=96&d=mm&r=g","caption":"Paco S\u00e1nchez"},"sameAs":["https:\/\/arealorcaradio.es"],"url":"https:\/\/arealorcaradio.es\/index.php\/author\/admin_alorcaradio\/"}]}},"_links":{"self":[{"href":"https:\/\/arealorcaradio.es\/index.php\/wp-json\/wp\/v2\/posts\/1229","targetHints":{"allow":["GET"]}}],"collection":[{"href":"https:\/\/arealorcaradio.es\/index.php\/wp-json\/wp\/v2\/posts"}],"about":[{"href":"https:\/\/arealorcaradio.es\/index.php\/wp-json\/wp\/v2\/types\/post"}],"author":[{"embeddable":true,"href":"https:\/\/arealorcaradio.es\/index.php\/wp-json\/wp\/v2\/users\/1"}],"replies":[{"embeddable":true,"href":"https:\/\/arealorcaradio.es\/index.php\/wp-json\/wp\/v2\/comments?post=1229"}],"version-history":[{"count":3,"href":"https:\/\/arealorcaradio.es\/index.php\/wp-json\/wp\/v2\/posts\/1229\/revisions"}],"predecessor-version":[{"id":1234,"href":"https:\/\/arealorcaradio.es\/index.php\/wp-json\/wp\/v2\/posts\/1229\/revisions\/1234"}],"wp:featuredmedia":[{"embeddable":true,"href":"https:\/\/arealorcaradio.es\/index.php\/wp-json\/wp\/v2\/media\/1231"}],"wp:attachment":[{"href":"https:\/\/arealorcaradio.es\/index.php\/wp-json\/wp\/v2\/media?parent=1229"}],"wp:term":[{"taxonomy":"category","embeddable":true,"href":"https:\/\/arealorcaradio.es\/index.php\/wp-json\/wp\/v2\/categories?post=1229"},{"taxonomy":"post_tag","embeddable":true,"href":"https:\/\/arealorcaradio.es\/index.php\/wp-json\/wp\/v2\/tags?post=1229"}],"curies":[{"name":"wp","href":"https:\/\/api.w.org\/{rel}","templated":true}]}}