{"id":1171,"date":"2023-07-06T16:58:07","date_gmt":"2023-07-06T16:58:07","guid":{"rendered":"https:\/\/arealorcaradio.es\/?p=1171"},"modified":"2023-07-06T16:58:07","modified_gmt":"2023-07-06T16:58:07","slug":"el-campus-universitario-de-lorca-tiene-la-necesidad-de-continuar-creciendo-por-lo-que-es-necesaria-mas-financiacion","status":"publish","type":"post","link":"https:\/\/arealorcaradio.es\/index.php\/2023\/07\/06\/el-campus-universitario-de-lorca-tiene-la-necesidad-de-continuar-creciendo-por-lo-que-es-necesaria-mas-financiacion\/","title":{"rendered":"El Campus Universitario de Lorca tiene la necesidad de continuar creciendo por lo que es necesaria m\u00e1s financiaci\u00f3n"},"content":{"rendered":"<p>\u00c1REA LORCA RADIO.<\/p>\n<p>Escucha aqu\u00ed la entrevista que ha concedido a Paco S\u00e1nchez en el magazine \u00c1rea Lorca Actualidad el coordinador del Consorcio del Campus, \u00c1ngel Garc\u00eda Arag\u00f3n qui\u00e9n cuenta cuales fueron los principales objetivos puestos sobre la mesa tras la visita del alcalde de Lorca Fulgencio Gil y la concejala de Educaci\u00f3n y Universidad, Rosa Mar\u00eda Medina.<\/p>\n<audio class=\"wp-audio-shortcode\" id=\"audio-1171-1\" preload=\"none\" style=\"width: 100%;\" controls=\"controls\"><source type=\"audio\/mpeg\" src=\"https:\/\/arealorcaradio.es\/wp-content\/uploads\/2023\/07\/060723-ANGEL-GARCIA-ARAGON.-COORD.-CONSORCIO-CAMPUS.mp3?_=1\" \/><a href=\"https:\/\/arealorcaradio.es\/wp-content\/uploads\/2023\/07\/060723-ANGEL-GARCIA-ARAGON.-COORD.-CONSORCIO-CAMPUS.mp3\">https:\/\/arealorcaradio.es\/wp-content\/uploads\/2023\/07\/060723-ANGEL-GARCIA-ARAGON.-COORD.-CONSORCIO-CAMPUS.mp3<\/a><\/audio>\n<p><img loading=\"lazy\" decoding=\"async\" class=\"alignnone  wp-image-1175\" src=\"https:\/\/arealorcaradio.es\/wp-content\/uploads\/2023\/07\/FULGENCIO-GIL-ROSA-MEDINA-CAMPUS-1-300x225.jpeg\" alt=\"\" width=\"300\" height=\"225\" srcset=\"https:\/\/arealorcaradio.es\/wp-content\/uploads\/2023\/07\/FULGENCIO-GIL-ROSA-MEDINA-CAMPUS-1-300x225.jpeg 300w, https:\/\/arealorcaradio.es\/wp-content\/uploads\/2023\/07\/FULGENCIO-GIL-ROSA-MEDINA-CAMPUS-1-1024x768.jpeg 1024w, https:\/\/arealorcaradio.es\/wp-content\/uploads\/2023\/07\/FULGENCIO-GIL-ROSA-MEDINA-CAMPUS-1-768x576.jpeg 768w, https:\/\/arealorcaradio.es\/wp-content\/uploads\/2023\/07\/FULGENCIO-GIL-ROSA-MEDINA-CAMPUS-1-1536x1152.jpeg 1536w, https:\/\/arealorcaradio.es\/wp-content\/uploads\/2023\/07\/FULGENCIO-GIL-ROSA-MEDINA-CAMPUS-1-86x64.jpeg 86w, https:\/\/arealorcaradio.es\/wp-content\/uploads\/2023\/07\/FULGENCIO-GIL-ROSA-MEDINA-CAMPUS-1.jpeg 2048w\" sizes=\"auto, (max-width: 300px) 100vw, 300px\" \/>\u00a0 \u00a0<img loading=\"lazy\" decoding=\"async\" class=\"alignnone size-medium wp-image-1176\" src=\"https:\/\/arealorcaradio.es\/wp-content\/uploads\/2023\/07\/FULGENCIO-GIL-ROSA-MEDINA-CAMPUS-2-300x225.jpeg\" alt=\"\" width=\"300\" height=\"225\" srcset=\"https:\/\/arealorcaradio.es\/wp-content\/uploads\/2023\/07\/FULGENCIO-GIL-ROSA-MEDINA-CAMPUS-2-300x225.jpeg 300w, https:\/\/arealorcaradio.es\/wp-content\/uploads\/2023\/07\/FULGENCIO-GIL-ROSA-MEDINA-CAMPUS-2-1024x768.jpeg 1024w, https:\/\/arealorcaradio.es\/wp-content\/uploads\/2023\/07\/FULGENCIO-GIL-ROSA-MEDINA-CAMPUS-2-768x576.jpeg 768w, https:\/\/arealorcaradio.es\/wp-content\/uploads\/2023\/07\/FULGENCIO-GIL-ROSA-MEDINA-CAMPUS-2-1536x1152.jpeg 1536w, https:\/\/arealorcaradio.es\/wp-content\/uploads\/2023\/07\/FULGENCIO-GIL-ROSA-MEDINA-CAMPUS-2-86x64.jpeg 86w, https:\/\/arealorcaradio.es\/wp-content\/uploads\/2023\/07\/FULGENCIO-GIL-ROSA-MEDINA-CAMPUS-2.jpeg 2048w\" sizes=\"auto, (max-width: 300px) 100vw, 300px\" \/><\/p>\n<p>Im\u00e1genes que corresponden a la visita del alcalde al Campus Universitario de Lorca, acompa\u00f1ado por representantes del Campus y Consorcio.<\/p>\n","protected":false},"excerpt":{"rendered":"<p>\u00c1REA LORCA RADIO. Escucha aqu\u00ed la entrevista que ha concedido a Paco S\u00e1nchez en el magazine \u00c1rea Lorca Actualidad el coordinador del Consorcio del Campus, \u00c1ngel Garc\u00eda Arag\u00f3n qui\u00e9n cuenta cuales fueron los principales objetivos puestos sobre la mesa tras la visita del alcalde de Lorca Fulgencio Gil y la concejala de Educaci\u00f3n y Universidad, [&hellip;]<\/p>\n","protected":false},"author":1,"featured_media":1173,"comment_status":"open","ping_status":"open","sticky":false,"template":"","format":"standard","meta":{"iawp_total_views":3,"footnotes":""},"categories":[5],"tags":[],"class_list":["post-1171","post","type-post","status-publish","format-standard","has-post-thumbnail","hentry","category-actualidad"],"yoast_head":"<!-- This site is optimized with the Yoast SEO plugin v27.5 - https:\/\/yoast.com\/product\/yoast-seo-wordpress\/ -->\n<title>El Campus Universitario de Lorca tiene la necesidad de continuar creciendo por lo que es necesaria m\u00e1s financiaci\u00f3n - AREA LORCA RADIO<\/title>\n<meta name=\"robots\" content=\"index, follow, max-snippet:-1, max-image-preview:large, max-video-preview:-1\" \/>\n<link rel=\"canonical\" href=\"https:\/\/arealorcaradio.es\/index.php\/2023\/07\/06\/el-campus-universitario-de-lorca-tiene-la-necesidad-de-continuar-creciendo-por-lo-que-es-necesaria-mas-financiacion\/\" \/>\n<meta property=\"og:locale\" content=\"es_ES\" \/>\n<meta property=\"og:type\" content=\"article\" \/>\n<meta property=\"og:title\" content=\"El Campus Universitario de Lorca tiene la necesidad de continuar creciendo por lo que es necesaria m\u00e1s financiaci\u00f3n - AREA LORCA RADIO\" \/>\n<meta property=\"og:description\" content=\"\u00c1REA LORCA RADIO. Escucha aqu\u00ed la entrevista que ha concedido a Paco S\u00e1nchez en el magazine \u00c1rea Lorca Actualidad el coordinador del Consorcio del Campus, \u00c1ngel Garc\u00eda Arag\u00f3n qui\u00e9n cuenta cuales fueron los principales objetivos puestos sobre la mesa tras la visita del alcalde de Lorca Fulgencio Gil y la concejala de Educaci\u00f3n y Universidad, [&hellip;]\" \/>\n<meta property=\"og:url\" content=\"https:\/\/arealorcaradio.es\/index.php\/2023\/07\/06\/el-campus-universitario-de-lorca-tiene-la-necesidad-de-continuar-creciendo-por-lo-que-es-necesaria-mas-financiacion\/\" \/>\n<meta property=\"og:site_name\" content=\"AREA LORCA RADIO\" \/>\n<meta property=\"article:published_time\" content=\"2023-07-06T16:58:07+00:00\" \/>\n<meta property=\"og:image\" content=\"https:\/\/arealorcaradio.es\/wp-content\/uploads\/2023\/07\/FULGENCIO-GIL-ROSA-MEDINA-CAMPUS.jpeg\" \/>\n\t<meta property=\"og:image:width\" content=\"2048\" \/>\n\t<meta property=\"og:image:height\" content=\"1536\" \/>\n\t<meta property=\"og:image:type\" content=\"image\/jpeg\" \/>\n<meta name=\"author\" content=\"Paco S\u00e1nchez\" \/>\n<meta name=\"twitter:card\" content=\"summary_large_image\" \/>\n<meta name=\"twitter:label1\" content=\"Escrito por\" \/>\n\t<meta name=\"twitter:data1\" content=\"Paco S\u00e1nchez\" \/>\n\t<meta name=\"twitter:label2\" content=\"Tiempo de lectura\" \/>\n\t<meta name=\"twitter:data2\" content=\"1 minuto\" \/>\n<script type=\"application\/ld+json\" class=\"yoast-schema-graph\">{\"@context\":\"https:\\\/\\\/schema.org\",\"@graph\":[{\"@type\":\"Article\",\"@id\":\"https:\\\/\\\/arealorcaradio.es\\\/index.php\\\/2023\\\/07\\\/06\\\/el-campus-universitario-de-lorca-tiene-la-necesidad-de-continuar-creciendo-por-lo-que-es-necesaria-mas-financiacion\\\/#article\",\"isPartOf\":{\"@id\":\"https:\\\/\\\/arealorcaradio.es\\\/index.php\\\/2023\\\/07\\\/06\\\/el-campus-universitario-de-lorca-tiene-la-necesidad-de-continuar-creciendo-por-lo-que-es-necesaria-mas-financiacion\\\/\"},\"author\":{\"name\":\"Paco S\u00e1nchez\",\"@id\":\"https:\\\/\\\/arealorcaradio.es\\\/#\\\/schema\\\/person\\\/9fae605fc25b0f2c83c1ab207139bd27\"},\"headline\":\"El Campus Universitario de Lorca tiene la necesidad de continuar creciendo por lo que es necesaria m\u00e1s financiaci\u00f3n\",\"datePublished\":\"2023-07-06T16:58:07+00:00\",\"mainEntityOfPage\":{\"@id\":\"https:\\\/\\\/arealorcaradio.es\\\/index.php\\\/2023\\\/07\\\/06\\\/el-campus-universitario-de-lorca-tiene-la-necesidad-de-continuar-creciendo-por-lo-que-es-necesaria-mas-financiacion\\\/\"},\"wordCount\":118,\"commentCount\":0,\"image\":{\"@id\":\"https:\\\/\\\/arealorcaradio.es\\\/index.php\\\/2023\\\/07\\\/06\\\/el-campus-universitario-de-lorca-tiene-la-necesidad-de-continuar-creciendo-por-lo-que-es-necesaria-mas-financiacion\\\/#primaryimage\"},\"thumbnailUrl\":\"https:\\\/\\\/arealorcaradio.es\\\/wp-content\\\/uploads\\\/2023\\\/07\\\/FULGENCIO-GIL-ROSA-MEDINA-CAMPUS.jpeg\",\"articleSection\":[\"ACTUALIDAD\"],\"inLanguage\":\"es\",\"potentialAction\":[{\"@type\":\"CommentAction\",\"name\":\"Comment\",\"target\":[\"https:\\\/\\\/arealorcaradio.es\\\/index.php\\\/2023\\\/07\\\/06\\\/el-campus-universitario-de-lorca-tiene-la-necesidad-de-continuar-creciendo-por-lo-que-es-necesaria-mas-financiacion\\\/#respond\"]}]},{\"@type\":\"WebPage\",\"@id\":\"https:\\\/\\\/arealorcaradio.es\\\/index.php\\\/2023\\\/07\\\/06\\\/el-campus-universitario-de-lorca-tiene-la-necesidad-de-continuar-creciendo-por-lo-que-es-necesaria-mas-financiacion\\\/\",\"url\":\"https:\\\/\\\/arealorcaradio.es\\\/index.php\\\/2023\\\/07\\\/06\\\/el-campus-universitario-de-lorca-tiene-la-necesidad-de-continuar-creciendo-por-lo-que-es-necesaria-mas-financiacion\\\/\",\"name\":\"El Campus Universitario de Lorca tiene la necesidad de continuar creciendo por lo que es necesaria m\u00e1s financiaci\u00f3n - AREA LORCA RADIO\",\"isPartOf\":{\"@id\":\"https:\\\/\\\/arealorcaradio.es\\\/#website\"},\"primaryImageOfPage\":{\"@id\":\"https:\\\/\\\/arealorcaradio.es\\\/index.php\\\/2023\\\/07\\\/06\\\/el-campus-universitario-de-lorca-tiene-la-necesidad-de-continuar-creciendo-por-lo-que-es-necesaria-mas-financiacion\\\/#primaryimage\"},\"image\":{\"@id\":\"https:\\\/\\\/arealorcaradio.es\\\/index.php\\\/2023\\\/07\\\/06\\\/el-campus-universitario-de-lorca-tiene-la-necesidad-de-continuar-creciendo-por-lo-que-es-necesaria-mas-financiacion\\\/#primaryimage\"},\"thumbnailUrl\":\"https:\\\/\\\/arealorcaradio.es\\\/wp-content\\\/uploads\\\/2023\\\/07\\\/FULGENCIO-GIL-ROSA-MEDINA-CAMPUS.jpeg\",\"datePublished\":\"2023-07-06T16:58:07+00:00\",\"author\":{\"@id\":\"https:\\\/\\\/arealorcaradio.es\\\/#\\\/schema\\\/person\\\/9fae605fc25b0f2c83c1ab207139bd27\"},\"breadcrumb\":{\"@id\":\"https:\\\/\\\/arealorcaradio.es\\\/index.php\\\/2023\\\/07\\\/06\\\/el-campus-universitario-de-lorca-tiene-la-necesidad-de-continuar-creciendo-por-lo-que-es-necesaria-mas-financiacion\\\/#breadcrumb\"},\"inLanguage\":\"es\",\"potentialAction\":[{\"@type\":\"ReadAction\",\"target\":[\"https:\\\/\\\/arealorcaradio.es\\\/index.php\\\/2023\\\/07\\\/06\\\/el-campus-universitario-de-lorca-tiene-la-necesidad-de-continuar-creciendo-por-lo-que-es-necesaria-mas-financiacion\\\/\"]}]},{\"@type\":\"ImageObject\",\"inLanguage\":\"es\",\"@id\":\"https:\\\/\\\/arealorcaradio.es\\\/index.php\\\/2023\\\/07\\\/06\\\/el-campus-universitario-de-lorca-tiene-la-necesidad-de-continuar-creciendo-por-lo-que-es-necesaria-mas-financiacion\\\/#primaryimage\",\"url\":\"https:\\\/\\\/arealorcaradio.es\\\/wp-content\\\/uploads\\\/2023\\\/07\\\/FULGENCIO-GIL-ROSA-MEDINA-CAMPUS.jpeg\",\"contentUrl\":\"https:\\\/\\\/arealorcaradio.es\\\/wp-content\\\/uploads\\\/2023\\\/07\\\/FULGENCIO-GIL-ROSA-MEDINA-CAMPUS.jpeg\",\"width\":2048,\"height\":1536},{\"@type\":\"BreadcrumbList\",\"@id\":\"https:\\\/\\\/arealorcaradio.es\\\/index.php\\\/2023\\\/07\\\/06\\\/el-campus-universitario-de-lorca-tiene-la-necesidad-de-continuar-creciendo-por-lo-que-es-necesaria-mas-financiacion\\\/#breadcrumb\",\"itemListElement\":[{\"@type\":\"ListItem\",\"position\":1,\"name\":\"Portada\",\"item\":\"https:\\\/\\\/arealorcaradio.es\\\/\"},{\"@type\":\"ListItem\",\"position\":2,\"name\":\"El Campus Universitario de Lorca tiene la necesidad de continuar creciendo por lo que es necesaria m\u00e1s financiaci\u00f3n\"}]},{\"@type\":\"WebSite\",\"@id\":\"https:\\\/\\\/arealorcaradio.es\\\/#website\",\"url\":\"https:\\\/\\\/arealorcaradio.es\\\/\",\"name\":\"AREA LORCA RADIO\",\"description\":\"Descubre la programaci\u00f3n actual en \u00c1rea Lorca Radio, tu fuente de entrenamiento y noticias locales. Sintoniza ahora y mantente conectado online.\",\"potentialAction\":[{\"@type\":\"SearchAction\",\"target\":{\"@type\":\"EntryPoint\",\"urlTemplate\":\"https:\\\/\\\/arealorcaradio.es\\\/?s={search_term_string}\"},\"query-input\":{\"@type\":\"PropertyValueSpecification\",\"valueRequired\":true,\"valueName\":\"search_term_string\"}}],\"inLanguage\":\"es\"},{\"@type\":\"Person\",\"@id\":\"https:\\\/\\\/arealorcaradio.es\\\/#\\\/schema\\\/person\\\/9fae605fc25b0f2c83c1ab207139bd27\",\"name\":\"Paco S\u00e1nchez\",\"image\":{\"@type\":\"ImageObject\",\"inLanguage\":\"es\",\"@id\":\"https:\\\/\\\/secure.gravatar.com\\\/avatar\\\/d67144e966420fb74aa84c9f2a0103be4724fd14db52b52d3b6bca749f257e79?s=96&d=mm&r=g\",\"url\":\"https:\\\/\\\/secure.gravatar.com\\\/avatar\\\/d67144e966420fb74aa84c9f2a0103be4724fd14db52b52d3b6bca749f257e79?s=96&d=mm&r=g\",\"contentUrl\":\"https:\\\/\\\/secure.gravatar.com\\\/avatar\\\/d67144e966420fb74aa84c9f2a0103be4724fd14db52b52d3b6bca749f257e79?s=96&d=mm&r=g\",\"caption\":\"Paco S\u00e1nchez\"},\"sameAs\":[\"https:\\\/\\\/arealorcaradio.es\"],\"url\":\"https:\\\/\\\/arealorcaradio.es\\\/index.php\\\/author\\\/admin_alorcaradio\\\/\"}]}<\/script>\n<!-- \/ Yoast SEO plugin. -->","yoast_head_json":{"title":"El Campus Universitario de Lorca tiene la necesidad de continuar creciendo por lo que es necesaria m\u00e1s financiaci\u00f3n - AREA LORCA RADIO","robots":{"index":"index","follow":"follow","max-snippet":"max-snippet:-1","max-image-preview":"max-image-preview:large","max-video-preview":"max-video-preview:-1"},"canonical":"https:\/\/arealorcaradio.es\/index.php\/2023\/07\/06\/el-campus-universitario-de-lorca-tiene-la-necesidad-de-continuar-creciendo-por-lo-que-es-necesaria-mas-financiacion\/","og_locale":"es_ES","og_type":"article","og_title":"El Campus Universitario de Lorca tiene la necesidad de continuar creciendo por lo que es necesaria m\u00e1s financiaci\u00f3n - AREA LORCA RADIO","og_description":"\u00c1REA LORCA RADIO. Escucha aqu\u00ed la entrevista que ha concedido a Paco S\u00e1nchez en el magazine \u00c1rea Lorca Actualidad el coordinador del Consorcio del Campus, \u00c1ngel Garc\u00eda Arag\u00f3n qui\u00e9n cuenta cuales fueron los principales objetivos puestos sobre la mesa tras la visita del alcalde de Lorca Fulgencio Gil y la concejala de Educaci\u00f3n y Universidad, [&hellip;]","og_url":"https:\/\/arealorcaradio.es\/index.php\/2023\/07\/06\/el-campus-universitario-de-lorca-tiene-la-necesidad-de-continuar-creciendo-por-lo-que-es-necesaria-mas-financiacion\/","og_site_name":"AREA LORCA RADIO","article_published_time":"2023-07-06T16:58:07+00:00","og_image":[{"width":2048,"height":1536,"url":"https:\/\/arealorcaradio.es\/wp-content\/uploads\/2023\/07\/FULGENCIO-GIL-ROSA-MEDINA-CAMPUS.jpeg","type":"image\/jpeg"}],"author":"Paco S\u00e1nchez","twitter_card":"summary_large_image","twitter_misc":{"Escrito por":"Paco S\u00e1nchez","Tiempo de lectura":"1 minuto"},"schema":{"@context":"https:\/\/schema.org","@graph":[{"@type":"Article","@id":"https:\/\/arealorcaradio.es\/index.php\/2023\/07\/06\/el-campus-universitario-de-lorca-tiene-la-necesidad-de-continuar-creciendo-por-lo-que-es-necesaria-mas-financiacion\/#article","isPartOf":{"@id":"https:\/\/arealorcaradio.es\/index.php\/2023\/07\/06\/el-campus-universitario-de-lorca-tiene-la-necesidad-de-continuar-creciendo-por-lo-que-es-necesaria-mas-financiacion\/"},"author":{"name":"Paco S\u00e1nchez","@id":"https:\/\/arealorcaradio.es\/#\/schema\/person\/9fae605fc25b0f2c83c1ab207139bd27"},"headline":"El Campus Universitario de Lorca tiene la necesidad de continuar creciendo por lo que es necesaria m\u00e1s financiaci\u00f3n","datePublished":"2023-07-06T16:58:07+00:00","mainEntityOfPage":{"@id":"https:\/\/arealorcaradio.es\/index.php\/2023\/07\/06\/el-campus-universitario-de-lorca-tiene-la-necesidad-de-continuar-creciendo-por-lo-que-es-necesaria-mas-financiacion\/"},"wordCount":118,"commentCount":0,"image":{"@id":"https:\/\/arealorcaradio.es\/index.php\/2023\/07\/06\/el-campus-universitario-de-lorca-tiene-la-necesidad-de-continuar-creciendo-por-lo-que-es-necesaria-mas-financiacion\/#primaryimage"},"thumbnailUrl":"https:\/\/arealorcaradio.es\/wp-content\/uploads\/2023\/07\/FULGENCIO-GIL-ROSA-MEDINA-CAMPUS.jpeg","articleSection":["ACTUALIDAD"],"inLanguage":"es","potentialAction":[{"@type":"CommentAction","name":"Comment","target":["https:\/\/arealorcaradio.es\/index.php\/2023\/07\/06\/el-campus-universitario-de-lorca-tiene-la-necesidad-de-continuar-creciendo-por-lo-que-es-necesaria-mas-financiacion\/#respond"]}]},{"@type":"WebPage","@id":"https:\/\/arealorcaradio.es\/index.php\/2023\/07\/06\/el-campus-universitario-de-lorca-tiene-la-necesidad-de-continuar-creciendo-por-lo-que-es-necesaria-mas-financiacion\/","url":"https:\/\/arealorcaradio.es\/index.php\/2023\/07\/06\/el-campus-universitario-de-lorca-tiene-la-necesidad-de-continuar-creciendo-por-lo-que-es-necesaria-mas-financiacion\/","name":"El Campus Universitario de Lorca tiene la necesidad de continuar creciendo por lo que es necesaria m\u00e1s financiaci\u00f3n - AREA LORCA RADIO","isPartOf":{"@id":"https:\/\/arealorcaradio.es\/#website"},"primaryImageOfPage":{"@id":"https:\/\/arealorcaradio.es\/index.php\/2023\/07\/06\/el-campus-universitario-de-lorca-tiene-la-necesidad-de-continuar-creciendo-por-lo-que-es-necesaria-mas-financiacion\/#primaryimage"},"image":{"@id":"https:\/\/arealorcaradio.es\/index.php\/2023\/07\/06\/el-campus-universitario-de-lorca-tiene-la-necesidad-de-continuar-creciendo-por-lo-que-es-necesaria-mas-financiacion\/#primaryimage"},"thumbnailUrl":"https:\/\/arealorcaradio.es\/wp-content\/uploads\/2023\/07\/FULGENCIO-GIL-ROSA-MEDINA-CAMPUS.jpeg","datePublished":"2023-07-06T16:58:07+00:00","author":{"@id":"https:\/\/arealorcaradio.es\/#\/schema\/person\/9fae605fc25b0f2c83c1ab207139bd27"},"breadcrumb":{"@id":"https:\/\/arealorcaradio.es\/index.php\/2023\/07\/06\/el-campus-universitario-de-lorca-tiene-la-necesidad-de-continuar-creciendo-por-lo-que-es-necesaria-mas-financiacion\/#breadcrumb"},"inLanguage":"es","potentialAction":[{"@type":"ReadAction","target":["https:\/\/arealorcaradio.es\/index.php\/2023\/07\/06\/el-campus-universitario-de-lorca-tiene-la-necesidad-de-continuar-creciendo-por-lo-que-es-necesaria-mas-financiacion\/"]}]},{"@type":"ImageObject","inLanguage":"es","@id":"https:\/\/arealorcaradio.es\/index.php\/2023\/07\/06\/el-campus-universitario-de-lorca-tiene-la-necesidad-de-continuar-creciendo-por-lo-que-es-necesaria-mas-financiacion\/#primaryimage","url":"https:\/\/arealorcaradio.es\/wp-content\/uploads\/2023\/07\/FULGENCIO-GIL-ROSA-MEDINA-CAMPUS.jpeg","contentUrl":"https:\/\/arealorcaradio.es\/wp-content\/uploads\/2023\/07\/FULGENCIO-GIL-ROSA-MEDINA-CAMPUS.jpeg","width":2048,"height":1536},{"@type":"BreadcrumbList","@id":"https:\/\/arealorcaradio.es\/index.php\/2023\/07\/06\/el-campus-universitario-de-lorca-tiene-la-necesidad-de-continuar-creciendo-por-lo-que-es-necesaria-mas-financiacion\/#breadcrumb","itemListElement":[{"@type":"ListItem","position":1,"name":"Portada","item":"https:\/\/arealorcaradio.es\/"},{"@type":"ListItem","position":2,"name":"El Campus Universitario de Lorca tiene la necesidad de continuar creciendo por lo que es necesaria m\u00e1s financiaci\u00f3n"}]},{"@type":"WebSite","@id":"https:\/\/arealorcaradio.es\/#website","url":"https:\/\/arealorcaradio.es\/","name":"AREA LORCA RADIO","description":"Descubre la programaci\u00f3n actual en \u00c1rea Lorca Radio, tu fuente de entrenamiento y noticias locales. Sintoniza ahora y mantente conectado online.","potentialAction":[{"@type":"SearchAction","target":{"@type":"EntryPoint","urlTemplate":"https:\/\/arealorcaradio.es\/?s={search_term_string}"},"query-input":{"@type":"PropertyValueSpecification","valueRequired":true,"valueName":"search_term_string"}}],"inLanguage":"es"},{"@type":"Person","@id":"https:\/\/arealorcaradio.es\/#\/schema\/person\/9fae605fc25b0f2c83c1ab207139bd27","name":"Paco S\u00e1nchez","image":{"@type":"ImageObject","inLanguage":"es","@id":"https:\/\/secure.gravatar.com\/avatar\/d67144e966420fb74aa84c9f2a0103be4724fd14db52b52d3b6bca749f257e79?s=96&d=mm&r=g","url":"https:\/\/secure.gravatar.com\/avatar\/d67144e966420fb74aa84c9f2a0103be4724fd14db52b52d3b6bca749f257e79?s=96&d=mm&r=g","contentUrl":"https:\/\/secure.gravatar.com\/avatar\/d67144e966420fb74aa84c9f2a0103be4724fd14db52b52d3b6bca749f257e79?s=96&d=mm&r=g","caption":"Paco S\u00e1nchez"},"sameAs":["https:\/\/arealorcaradio.es"],"url":"https:\/\/arealorcaradio.es\/index.php\/author\/admin_alorcaradio\/"}]}},"_links":{"self":[{"href":"https:\/\/arealorcaradio.es\/index.php\/wp-json\/wp\/v2\/posts\/1171","targetHints":{"allow":["GET"]}}],"collection":[{"href":"https:\/\/arealorcaradio.es\/index.php\/wp-json\/wp\/v2\/posts"}],"about":[{"href":"https:\/\/arealorcaradio.es\/index.php\/wp-json\/wp\/v2\/types\/post"}],"author":[{"embeddable":true,"href":"https:\/\/arealorcaradio.es\/index.php\/wp-json\/wp\/v2\/users\/1"}],"replies":[{"embeddable":true,"href":"https:\/\/arealorcaradio.es\/index.php\/wp-json\/wp\/v2\/comments?post=1171"}],"version-history":[{"count":2,"href":"https:\/\/arealorcaradio.es\/index.php\/wp-json\/wp\/v2\/posts\/1171\/revisions"}],"predecessor-version":[{"id":1177,"href":"https:\/\/arealorcaradio.es\/index.php\/wp-json\/wp\/v2\/posts\/1171\/revisions\/1177"}],"wp:featuredmedia":[{"embeddable":true,"href":"https:\/\/arealorcaradio.es\/index.php\/wp-json\/wp\/v2\/media\/1173"}],"wp:attachment":[{"href":"https:\/\/arealorcaradio.es\/index.php\/wp-json\/wp\/v2\/media?parent=1171"}],"wp:term":[{"taxonomy":"category","embeddable":true,"href":"https:\/\/arealorcaradio.es\/index.php\/wp-json\/wp\/v2\/categories?post=1171"},{"taxonomy":"post_tag","embeddable":true,"href":"https:\/\/arealorcaradio.es\/index.php\/wp-json\/wp\/v2\/tags?post=1171"}],"curies":[{"name":"wp","href":"https:\/\/api.w.org\/{rel}","templated":true}]}}