{"id":1113,"date":"2023-06-29T17:12:35","date_gmt":"2023-06-29T17:12:35","guid":{"rendered":"https:\/\/arealorcaradio.es\/?p=1113"},"modified":"2023-06-29T17:12:35","modified_gmt":"2023-06-29T17:12:35","slug":"el-profesor-y-escritor-lorquino-andres-porlan-gana-el-concurso-de-relatos-marbella-activa-en-su-x-edicion","status":"publish","type":"post","link":"https:\/\/arealorcaradio.es\/index.php\/2023\/06\/29\/el-profesor-y-escritor-lorquino-andres-porlan-gana-el-concurso-de-relatos-marbella-activa-en-su-x-edicion\/","title":{"rendered":"El profesor y escritor lorquino Andr\u00e9s Porl\u00e1n gana el Concurso de Relatos Marbella Activa en su X edici\u00f3n"},"content":{"rendered":"<p>\u00c1REA LORCA RADIO.<\/p>\n<p>Escucha aqu\u00ed la entrevista que ha concedido Andr\u00e9s Porl\u00e1n Torroglosa a Paco S\u00e1nchez en el magazine \u00c1rea Lorca Actualidad.<\/p>\n<p>El Licenciado en Filolog\u00eda Hisp\u00e1nica por la Universidad de Murcia y profesor en el IES Ros Giner de Lorca suma ya cuatro primeros premios y un segundo puesto durante estos \u00faltimos a\u00f1os, sobre todo tras la pandemia.<\/p>\n<p>Gan\u00f3 en 2005 el Certamen Nacional Mar\u00eda Agustina con el relato \u00abLa mariposa violeta\u00bb. En 2020 gan\u00f3 el primer premio de la XXXIII edici\u00f3n del Certamen Literario Joaqu\u00edn Lobato de V\u00e9lez-M\u00e1laga con el relato \u00abEl amor en estos tiempos\u00bb as\u00ed como el primer premio del V Certamen Literario de narrativa breve \u00abVilla de Sax\u00bb (Alicante) con la obra \u00abLa naturaleza de los dioses\u00bb. El pasado a\u00f1o 2022 obtuvo el segundo premio de poes\u00eda en el Certamen Literario Clara Campoamor de Retiro (Madrid). Ahora acaba de ganar el prestigioso Concurso de Relatos Marbella Activa que ha alcanzado su X edici\u00f3n con la narraci\u00f3n \u00abLa \u00faltima carrera\u00bb.<\/p>\n<audio class=\"wp-audio-shortcode\" id=\"audio-1113-1\" preload=\"none\" style=\"width: 100%;\" controls=\"controls\"><source type=\"audio\/mpeg\" src=\"https:\/\/arealorcaradio.es\/wp-content\/uploads\/2023\/06\/290623-ANDRES-PORLAN.-LITERATURA.mp3?_=1\" \/><a href=\"https:\/\/arealorcaradio.es\/wp-content\/uploads\/2023\/06\/290623-ANDRES-PORLAN.-LITERATURA.mp3\">https:\/\/arealorcaradio.es\/wp-content\/uploads\/2023\/06\/290623-ANDRES-PORLAN.-LITERATURA.mp3<\/a><\/audio>\n<p><img loading=\"lazy\" decoding=\"async\" class=\"alignnone size-medium wp-image-1115\" src=\"https:\/\/arealorcaradio.es\/wp-content\/uploads\/2023\/06\/Andres-Porlan.-Literatura-1-300x225.jpg\" alt=\"\" width=\"300\" height=\"225\" srcset=\"https:\/\/arealorcaradio.es\/wp-content\/uploads\/2023\/06\/Andres-Porlan.-Literatura-1-300x225.jpg 300w, https:\/\/arealorcaradio.es\/wp-content\/uploads\/2023\/06\/Andres-Porlan.-Literatura-1-1024x768.jpg 1024w, https:\/\/arealorcaradio.es\/wp-content\/uploads\/2023\/06\/Andres-Porlan.-Literatura-1-768x576.jpg 768w, https:\/\/arealorcaradio.es\/wp-content\/uploads\/2023\/06\/Andres-Porlan.-Literatura-1-1536x1152.jpg 1536w, https:\/\/arealorcaradio.es\/wp-content\/uploads\/2023\/06\/Andres-Porlan.-Literatura-1-2048x1536.jpg 2048w, https:\/\/arealorcaradio.es\/wp-content\/uploads\/2023\/06\/Andres-Porlan.-Literatura-1-86x64.jpg 86w\" sizes=\"auto, (max-width: 300px) 100vw, 300px\" \/><\/p>\n","protected":false},"excerpt":{"rendered":"<p>\u00c1REA LORCA RADIO. Escucha aqu\u00ed la entrevista que ha concedido Andr\u00e9s Porl\u00e1n Torroglosa a Paco S\u00e1nchez en el magazine \u00c1rea Lorca Actualidad. El Licenciado en Filolog\u00eda Hisp\u00e1nica por la Universidad de Murcia y profesor en el IES Ros Giner de Lorca suma ya cuatro primeros premios y un segundo puesto durante estos \u00faltimos a\u00f1os, sobre [&hellip;]<\/p>\n","protected":false},"author":1,"featured_media":1116,"comment_status":"open","ping_status":"open","sticky":false,"template":"","format":"standard","meta":{"iawp_total_views":12,"footnotes":""},"categories":[5],"tags":[],"class_list":["post-1113","post","type-post","status-publish","format-standard","has-post-thumbnail","hentry","category-actualidad"],"yoast_head":"<!-- This site is optimized with the Yoast SEO plugin v27.5 - https:\/\/yoast.com\/product\/yoast-seo-wordpress\/ -->\n<title>El profesor y escritor lorquino Andr\u00e9s Porl\u00e1n gana el Concurso de Relatos Marbella Activa en su X edici\u00f3n - AREA LORCA RADIO<\/title>\n<meta name=\"robots\" content=\"index, follow, max-snippet:-1, max-image-preview:large, max-video-preview:-1\" \/>\n<link rel=\"canonical\" href=\"https:\/\/arealorcaradio.es\/index.php\/2023\/06\/29\/el-profesor-y-escritor-lorquino-andres-porlan-gana-el-concurso-de-relatos-marbella-activa-en-su-x-edicion\/\" \/>\n<meta property=\"og:locale\" content=\"es_ES\" \/>\n<meta property=\"og:type\" content=\"article\" \/>\n<meta property=\"og:title\" content=\"El profesor y escritor lorquino Andr\u00e9s Porl\u00e1n gana el Concurso de Relatos Marbella Activa en su X edici\u00f3n - AREA LORCA RADIO\" \/>\n<meta property=\"og:description\" content=\"\u00c1REA LORCA RADIO. Escucha aqu\u00ed la entrevista que ha concedido Andr\u00e9s Porl\u00e1n Torroglosa a Paco S\u00e1nchez en el magazine \u00c1rea Lorca Actualidad. El Licenciado en Filolog\u00eda Hisp\u00e1nica por la Universidad de Murcia y profesor en el IES Ros Giner de Lorca suma ya cuatro primeros premios y un segundo puesto durante estos \u00faltimos a\u00f1os, sobre [&hellip;]\" \/>\n<meta property=\"og:url\" content=\"https:\/\/arealorcaradio.es\/index.php\/2023\/06\/29\/el-profesor-y-escritor-lorquino-andres-porlan-gana-el-concurso-de-relatos-marbella-activa-en-su-x-edicion\/\" \/>\n<meta property=\"og:site_name\" content=\"AREA LORCA RADIO\" \/>\n<meta property=\"article:published_time\" content=\"2023-06-29T17:12:35+00:00\" \/>\n<meta property=\"og:image\" content=\"https:\/\/arealorcaradio.es\/wp-content\/uploads\/2023\/06\/Andres-Porlan.-Literatura-2-scaled.jpg\" \/>\n\t<meta property=\"og:image:width\" content=\"2560\" \/>\n\t<meta property=\"og:image:height\" content=\"1920\" \/>\n\t<meta property=\"og:image:type\" content=\"image\/jpeg\" \/>\n<meta name=\"author\" content=\"Paco S\u00e1nchez\" \/>\n<meta name=\"twitter:card\" content=\"summary_large_image\" \/>\n<meta name=\"twitter:label1\" content=\"Escrito por\" \/>\n\t<meta name=\"twitter:data1\" content=\"Paco S\u00e1nchez\" \/>\n\t<meta name=\"twitter:label2\" content=\"Tiempo de lectura\" \/>\n\t<meta name=\"twitter:data2\" content=\"1 minuto\" \/>\n<script type=\"application\/ld+json\" class=\"yoast-schema-graph\">{\"@context\":\"https:\\\/\\\/schema.org\",\"@graph\":[{\"@type\":\"Article\",\"@id\":\"https:\\\/\\\/arealorcaradio.es\\\/index.php\\\/2023\\\/06\\\/29\\\/el-profesor-y-escritor-lorquino-andres-porlan-gana-el-concurso-de-relatos-marbella-activa-en-su-x-edicion\\\/#article\",\"isPartOf\":{\"@id\":\"https:\\\/\\\/arealorcaradio.es\\\/index.php\\\/2023\\\/06\\\/29\\\/el-profesor-y-escritor-lorquino-andres-porlan-gana-el-concurso-de-relatos-marbella-activa-en-su-x-edicion\\\/\"},\"author\":{\"name\":\"Paco S\u00e1nchez\",\"@id\":\"https:\\\/\\\/arealorcaradio.es\\\/#\\\/schema\\\/person\\\/9fae605fc25b0f2c83c1ab207139bd27\"},\"headline\":\"El profesor y escritor lorquino Andr\u00e9s Porl\u00e1n gana el Concurso de Relatos Marbella Activa en su X edici\u00f3n\",\"datePublished\":\"2023-06-29T17:12:35+00:00\",\"mainEntityOfPage\":{\"@id\":\"https:\\\/\\\/arealorcaradio.es\\\/index.php\\\/2023\\\/06\\\/29\\\/el-profesor-y-escritor-lorquino-andres-porlan-gana-el-concurso-de-relatos-marbella-activa-en-su-x-edicion\\\/\"},\"wordCount\":208,\"commentCount\":0,\"image\":{\"@id\":\"https:\\\/\\\/arealorcaradio.es\\\/index.php\\\/2023\\\/06\\\/29\\\/el-profesor-y-escritor-lorquino-andres-porlan-gana-el-concurso-de-relatos-marbella-activa-en-su-x-edicion\\\/#primaryimage\"},\"thumbnailUrl\":\"https:\\\/\\\/arealorcaradio.es\\\/wp-content\\\/uploads\\\/2023\\\/06\\\/Andres-Porlan.-Literatura-2-scaled.jpg\",\"articleSection\":[\"ACTUALIDAD\"],\"inLanguage\":\"es\",\"potentialAction\":[{\"@type\":\"CommentAction\",\"name\":\"Comment\",\"target\":[\"https:\\\/\\\/arealorcaradio.es\\\/index.php\\\/2023\\\/06\\\/29\\\/el-profesor-y-escritor-lorquino-andres-porlan-gana-el-concurso-de-relatos-marbella-activa-en-su-x-edicion\\\/#respond\"]}]},{\"@type\":\"WebPage\",\"@id\":\"https:\\\/\\\/arealorcaradio.es\\\/index.php\\\/2023\\\/06\\\/29\\\/el-profesor-y-escritor-lorquino-andres-porlan-gana-el-concurso-de-relatos-marbella-activa-en-su-x-edicion\\\/\",\"url\":\"https:\\\/\\\/arealorcaradio.es\\\/index.php\\\/2023\\\/06\\\/29\\\/el-profesor-y-escritor-lorquino-andres-porlan-gana-el-concurso-de-relatos-marbella-activa-en-su-x-edicion\\\/\",\"name\":\"El profesor y escritor lorquino Andr\u00e9s Porl\u00e1n gana el Concurso de Relatos Marbella Activa en su X edici\u00f3n - AREA LORCA RADIO\",\"isPartOf\":{\"@id\":\"https:\\\/\\\/arealorcaradio.es\\\/#website\"},\"primaryImageOfPage\":{\"@id\":\"https:\\\/\\\/arealorcaradio.es\\\/index.php\\\/2023\\\/06\\\/29\\\/el-profesor-y-escritor-lorquino-andres-porlan-gana-el-concurso-de-relatos-marbella-activa-en-su-x-edicion\\\/#primaryimage\"},\"image\":{\"@id\":\"https:\\\/\\\/arealorcaradio.es\\\/index.php\\\/2023\\\/06\\\/29\\\/el-profesor-y-escritor-lorquino-andres-porlan-gana-el-concurso-de-relatos-marbella-activa-en-su-x-edicion\\\/#primaryimage\"},\"thumbnailUrl\":\"https:\\\/\\\/arealorcaradio.es\\\/wp-content\\\/uploads\\\/2023\\\/06\\\/Andres-Porlan.-Literatura-2-scaled.jpg\",\"datePublished\":\"2023-06-29T17:12:35+00:00\",\"author\":{\"@id\":\"https:\\\/\\\/arealorcaradio.es\\\/#\\\/schema\\\/person\\\/9fae605fc25b0f2c83c1ab207139bd27\"},\"breadcrumb\":{\"@id\":\"https:\\\/\\\/arealorcaradio.es\\\/index.php\\\/2023\\\/06\\\/29\\\/el-profesor-y-escritor-lorquino-andres-porlan-gana-el-concurso-de-relatos-marbella-activa-en-su-x-edicion\\\/#breadcrumb\"},\"inLanguage\":\"es\",\"potentialAction\":[{\"@type\":\"ReadAction\",\"target\":[\"https:\\\/\\\/arealorcaradio.es\\\/index.php\\\/2023\\\/06\\\/29\\\/el-profesor-y-escritor-lorquino-andres-porlan-gana-el-concurso-de-relatos-marbella-activa-en-su-x-edicion\\\/\"]}]},{\"@type\":\"ImageObject\",\"inLanguage\":\"es\",\"@id\":\"https:\\\/\\\/arealorcaradio.es\\\/index.php\\\/2023\\\/06\\\/29\\\/el-profesor-y-escritor-lorquino-andres-porlan-gana-el-concurso-de-relatos-marbella-activa-en-su-x-edicion\\\/#primaryimage\",\"url\":\"https:\\\/\\\/arealorcaradio.es\\\/wp-content\\\/uploads\\\/2023\\\/06\\\/Andres-Porlan.-Literatura-2-scaled.jpg\",\"contentUrl\":\"https:\\\/\\\/arealorcaradio.es\\\/wp-content\\\/uploads\\\/2023\\\/06\\\/Andres-Porlan.-Literatura-2-scaled.jpg\",\"width\":2560,\"height\":1920},{\"@type\":\"BreadcrumbList\",\"@id\":\"https:\\\/\\\/arealorcaradio.es\\\/index.php\\\/2023\\\/06\\\/29\\\/el-profesor-y-escritor-lorquino-andres-porlan-gana-el-concurso-de-relatos-marbella-activa-en-su-x-edicion\\\/#breadcrumb\",\"itemListElement\":[{\"@type\":\"ListItem\",\"position\":1,\"name\":\"Portada\",\"item\":\"https:\\\/\\\/arealorcaradio.es\\\/\"},{\"@type\":\"ListItem\",\"position\":2,\"name\":\"El profesor y escritor lorquino Andr\u00e9s Porl\u00e1n gana el Concurso de Relatos Marbella Activa en su X edici\u00f3n\"}]},{\"@type\":\"WebSite\",\"@id\":\"https:\\\/\\\/arealorcaradio.es\\\/#website\",\"url\":\"https:\\\/\\\/arealorcaradio.es\\\/\",\"name\":\"AREA LORCA RADIO\",\"description\":\"Descubre la programaci\u00f3n actual en \u00c1rea Lorca Radio, tu fuente de entrenamiento y noticias locales. Sintoniza ahora y mantente conectado online.\",\"potentialAction\":[{\"@type\":\"SearchAction\",\"target\":{\"@type\":\"EntryPoint\",\"urlTemplate\":\"https:\\\/\\\/arealorcaradio.es\\\/?s={search_term_string}\"},\"query-input\":{\"@type\":\"PropertyValueSpecification\",\"valueRequired\":true,\"valueName\":\"search_term_string\"}}],\"inLanguage\":\"es\"},{\"@type\":\"Person\",\"@id\":\"https:\\\/\\\/arealorcaradio.es\\\/#\\\/schema\\\/person\\\/9fae605fc25b0f2c83c1ab207139bd27\",\"name\":\"Paco S\u00e1nchez\",\"image\":{\"@type\":\"ImageObject\",\"inLanguage\":\"es\",\"@id\":\"https:\\\/\\\/secure.gravatar.com\\\/avatar\\\/d67144e966420fb74aa84c9f2a0103be4724fd14db52b52d3b6bca749f257e79?s=96&d=mm&r=g\",\"url\":\"https:\\\/\\\/secure.gravatar.com\\\/avatar\\\/d67144e966420fb74aa84c9f2a0103be4724fd14db52b52d3b6bca749f257e79?s=96&d=mm&r=g\",\"contentUrl\":\"https:\\\/\\\/secure.gravatar.com\\\/avatar\\\/d67144e966420fb74aa84c9f2a0103be4724fd14db52b52d3b6bca749f257e79?s=96&d=mm&r=g\",\"caption\":\"Paco S\u00e1nchez\"},\"sameAs\":[\"https:\\\/\\\/arealorcaradio.es\"],\"url\":\"https:\\\/\\\/arealorcaradio.es\\\/index.php\\\/author\\\/admin_alorcaradio\\\/\"}]}<\/script>\n<!-- \/ Yoast SEO plugin. -->","yoast_head_json":{"title":"El profesor y escritor lorquino Andr\u00e9s Porl\u00e1n gana el Concurso de Relatos Marbella Activa en su X edici\u00f3n - AREA LORCA RADIO","robots":{"index":"index","follow":"follow","max-snippet":"max-snippet:-1","max-image-preview":"max-image-preview:large","max-video-preview":"max-video-preview:-1"},"canonical":"https:\/\/arealorcaradio.es\/index.php\/2023\/06\/29\/el-profesor-y-escritor-lorquino-andres-porlan-gana-el-concurso-de-relatos-marbella-activa-en-su-x-edicion\/","og_locale":"es_ES","og_type":"article","og_title":"El profesor y escritor lorquino Andr\u00e9s Porl\u00e1n gana el Concurso de Relatos Marbella Activa en su X edici\u00f3n - AREA LORCA RADIO","og_description":"\u00c1REA LORCA RADIO. Escucha aqu\u00ed la entrevista que ha concedido Andr\u00e9s Porl\u00e1n Torroglosa a Paco S\u00e1nchez en el magazine \u00c1rea Lorca Actualidad. El Licenciado en Filolog\u00eda Hisp\u00e1nica por la Universidad de Murcia y profesor en el IES Ros Giner de Lorca suma ya cuatro primeros premios y un segundo puesto durante estos \u00faltimos a\u00f1os, sobre [&hellip;]","og_url":"https:\/\/arealorcaradio.es\/index.php\/2023\/06\/29\/el-profesor-y-escritor-lorquino-andres-porlan-gana-el-concurso-de-relatos-marbella-activa-en-su-x-edicion\/","og_site_name":"AREA LORCA RADIO","article_published_time":"2023-06-29T17:12:35+00:00","og_image":[{"width":2560,"height":1920,"url":"https:\/\/arealorcaradio.es\/wp-content\/uploads\/2023\/06\/Andres-Porlan.-Literatura-2-scaled.jpg","type":"image\/jpeg"}],"author":"Paco S\u00e1nchez","twitter_card":"summary_large_image","twitter_misc":{"Escrito por":"Paco S\u00e1nchez","Tiempo de lectura":"1 minuto"},"schema":{"@context":"https:\/\/schema.org","@graph":[{"@type":"Article","@id":"https:\/\/arealorcaradio.es\/index.php\/2023\/06\/29\/el-profesor-y-escritor-lorquino-andres-porlan-gana-el-concurso-de-relatos-marbella-activa-en-su-x-edicion\/#article","isPartOf":{"@id":"https:\/\/arealorcaradio.es\/index.php\/2023\/06\/29\/el-profesor-y-escritor-lorquino-andres-porlan-gana-el-concurso-de-relatos-marbella-activa-en-su-x-edicion\/"},"author":{"name":"Paco S\u00e1nchez","@id":"https:\/\/arealorcaradio.es\/#\/schema\/person\/9fae605fc25b0f2c83c1ab207139bd27"},"headline":"El profesor y escritor lorquino Andr\u00e9s Porl\u00e1n gana el Concurso de Relatos Marbella Activa en su X edici\u00f3n","datePublished":"2023-06-29T17:12:35+00:00","mainEntityOfPage":{"@id":"https:\/\/arealorcaradio.es\/index.php\/2023\/06\/29\/el-profesor-y-escritor-lorquino-andres-porlan-gana-el-concurso-de-relatos-marbella-activa-en-su-x-edicion\/"},"wordCount":208,"commentCount":0,"image":{"@id":"https:\/\/arealorcaradio.es\/index.php\/2023\/06\/29\/el-profesor-y-escritor-lorquino-andres-porlan-gana-el-concurso-de-relatos-marbella-activa-en-su-x-edicion\/#primaryimage"},"thumbnailUrl":"https:\/\/arealorcaradio.es\/wp-content\/uploads\/2023\/06\/Andres-Porlan.-Literatura-2-scaled.jpg","articleSection":["ACTUALIDAD"],"inLanguage":"es","potentialAction":[{"@type":"CommentAction","name":"Comment","target":["https:\/\/arealorcaradio.es\/index.php\/2023\/06\/29\/el-profesor-y-escritor-lorquino-andres-porlan-gana-el-concurso-de-relatos-marbella-activa-en-su-x-edicion\/#respond"]}]},{"@type":"WebPage","@id":"https:\/\/arealorcaradio.es\/index.php\/2023\/06\/29\/el-profesor-y-escritor-lorquino-andres-porlan-gana-el-concurso-de-relatos-marbella-activa-en-su-x-edicion\/","url":"https:\/\/arealorcaradio.es\/index.php\/2023\/06\/29\/el-profesor-y-escritor-lorquino-andres-porlan-gana-el-concurso-de-relatos-marbella-activa-en-su-x-edicion\/","name":"El profesor y escritor lorquino Andr\u00e9s Porl\u00e1n gana el Concurso de Relatos Marbella Activa en su X edici\u00f3n - AREA LORCA RADIO","isPartOf":{"@id":"https:\/\/arealorcaradio.es\/#website"},"primaryImageOfPage":{"@id":"https:\/\/arealorcaradio.es\/index.php\/2023\/06\/29\/el-profesor-y-escritor-lorquino-andres-porlan-gana-el-concurso-de-relatos-marbella-activa-en-su-x-edicion\/#primaryimage"},"image":{"@id":"https:\/\/arealorcaradio.es\/index.php\/2023\/06\/29\/el-profesor-y-escritor-lorquino-andres-porlan-gana-el-concurso-de-relatos-marbella-activa-en-su-x-edicion\/#primaryimage"},"thumbnailUrl":"https:\/\/arealorcaradio.es\/wp-content\/uploads\/2023\/06\/Andres-Porlan.-Literatura-2-scaled.jpg","datePublished":"2023-06-29T17:12:35+00:00","author":{"@id":"https:\/\/arealorcaradio.es\/#\/schema\/person\/9fae605fc25b0f2c83c1ab207139bd27"},"breadcrumb":{"@id":"https:\/\/arealorcaradio.es\/index.php\/2023\/06\/29\/el-profesor-y-escritor-lorquino-andres-porlan-gana-el-concurso-de-relatos-marbella-activa-en-su-x-edicion\/#breadcrumb"},"inLanguage":"es","potentialAction":[{"@type":"ReadAction","target":["https:\/\/arealorcaradio.es\/index.php\/2023\/06\/29\/el-profesor-y-escritor-lorquino-andres-porlan-gana-el-concurso-de-relatos-marbella-activa-en-su-x-edicion\/"]}]},{"@type":"ImageObject","inLanguage":"es","@id":"https:\/\/arealorcaradio.es\/index.php\/2023\/06\/29\/el-profesor-y-escritor-lorquino-andres-porlan-gana-el-concurso-de-relatos-marbella-activa-en-su-x-edicion\/#primaryimage","url":"https:\/\/arealorcaradio.es\/wp-content\/uploads\/2023\/06\/Andres-Porlan.-Literatura-2-scaled.jpg","contentUrl":"https:\/\/arealorcaradio.es\/wp-content\/uploads\/2023\/06\/Andres-Porlan.-Literatura-2-scaled.jpg","width":2560,"height":1920},{"@type":"BreadcrumbList","@id":"https:\/\/arealorcaradio.es\/index.php\/2023\/06\/29\/el-profesor-y-escritor-lorquino-andres-porlan-gana-el-concurso-de-relatos-marbella-activa-en-su-x-edicion\/#breadcrumb","itemListElement":[{"@type":"ListItem","position":1,"name":"Portada","item":"https:\/\/arealorcaradio.es\/"},{"@type":"ListItem","position":2,"name":"El profesor y escritor lorquino Andr\u00e9s Porl\u00e1n gana el Concurso de Relatos Marbella Activa en su X edici\u00f3n"}]},{"@type":"WebSite","@id":"https:\/\/arealorcaradio.es\/#website","url":"https:\/\/arealorcaradio.es\/","name":"AREA LORCA RADIO","description":"Descubre la programaci\u00f3n actual en \u00c1rea Lorca Radio, tu fuente de entrenamiento y noticias locales. Sintoniza ahora y mantente conectado online.","potentialAction":[{"@type":"SearchAction","target":{"@type":"EntryPoint","urlTemplate":"https:\/\/arealorcaradio.es\/?s={search_term_string}"},"query-input":{"@type":"PropertyValueSpecification","valueRequired":true,"valueName":"search_term_string"}}],"inLanguage":"es"},{"@type":"Person","@id":"https:\/\/arealorcaradio.es\/#\/schema\/person\/9fae605fc25b0f2c83c1ab207139bd27","name":"Paco S\u00e1nchez","image":{"@type":"ImageObject","inLanguage":"es","@id":"https:\/\/secure.gravatar.com\/avatar\/d67144e966420fb74aa84c9f2a0103be4724fd14db52b52d3b6bca749f257e79?s=96&d=mm&r=g","url":"https:\/\/secure.gravatar.com\/avatar\/d67144e966420fb74aa84c9f2a0103be4724fd14db52b52d3b6bca749f257e79?s=96&d=mm&r=g","contentUrl":"https:\/\/secure.gravatar.com\/avatar\/d67144e966420fb74aa84c9f2a0103be4724fd14db52b52d3b6bca749f257e79?s=96&d=mm&r=g","caption":"Paco S\u00e1nchez"},"sameAs":["https:\/\/arealorcaradio.es"],"url":"https:\/\/arealorcaradio.es\/index.php\/author\/admin_alorcaradio\/"}]}},"_links":{"self":[{"href":"https:\/\/arealorcaradio.es\/index.php\/wp-json\/wp\/v2\/posts\/1113","targetHints":{"allow":["GET"]}}],"collection":[{"href":"https:\/\/arealorcaradio.es\/index.php\/wp-json\/wp\/v2\/posts"}],"about":[{"href":"https:\/\/arealorcaradio.es\/index.php\/wp-json\/wp\/v2\/types\/post"}],"author":[{"embeddable":true,"href":"https:\/\/arealorcaradio.es\/index.php\/wp-json\/wp\/v2\/users\/1"}],"replies":[{"embeddable":true,"href":"https:\/\/arealorcaradio.es\/index.php\/wp-json\/wp\/v2\/comments?post=1113"}],"version-history":[{"count":4,"href":"https:\/\/arealorcaradio.es\/index.php\/wp-json\/wp\/v2\/posts\/1113\/revisions"}],"predecessor-version":[{"id":1128,"href":"https:\/\/arealorcaradio.es\/index.php\/wp-json\/wp\/v2\/posts\/1113\/revisions\/1128"}],"wp:featuredmedia":[{"embeddable":true,"href":"https:\/\/arealorcaradio.es\/index.php\/wp-json\/wp\/v2\/media\/1116"}],"wp:attachment":[{"href":"https:\/\/arealorcaradio.es\/index.php\/wp-json\/wp\/v2\/media?parent=1113"}],"wp:term":[{"taxonomy":"category","embeddable":true,"href":"https:\/\/arealorcaradio.es\/index.php\/wp-json\/wp\/v2\/categories?post=1113"},{"taxonomy":"post_tag","embeddable":true,"href":"https:\/\/arealorcaradio.es\/index.php\/wp-json\/wp\/v2\/tags?post=1113"}],"curies":[{"name":"wp","href":"https:\/\/api.w.org\/{rel}","templated":true}]}}