{"id":1092,"date":"2023-06-27T17:11:30","date_gmt":"2023-06-27T17:11:30","guid":{"rendered":"https:\/\/arealorcaradio.es\/?p=1092"},"modified":"2023-06-27T17:11:30","modified_gmt":"2023-06-27T17:11:30","slug":"hostelor-celebra-su-asamblea-y-gala-anual-en-la-que-reconoce-la-labor-de-profesionales-del-sector-cofradias-pasionales-y-policia-local","status":"publish","type":"post","link":"https:\/\/arealorcaradio.es\/index.php\/2023\/06\/27\/hostelor-celebra-su-asamblea-y-gala-anual-en-la-que-reconoce-la-labor-de-profesionales-del-sector-cofradias-pasionales-y-policia-local\/","title":{"rendered":"Hostelor celebra su Asamblea y Gala anual en la que reconoce la labor de profesionales del sector, cofrad\u00edas pasionales y Polic\u00eda Local."},"content":{"rendered":"<p>\u00c1REA LORCA RADIO.<\/p>\n<p>Escucha aqu\u00ed la entrevista que ha concedido el presidente de la Asociaci\u00f3n Profesional de Hosteleros de Lorca, Hostelor. Jes\u00fas Abellaneda ha comentado que espera que contin\u00fae la colaboraci\u00f3n entre las instituciones y la asociaci\u00f3n que preside por el bien de los propios hosteleros, lorquinos y aquellos que nos visitan.<\/p>\n<audio class=\"wp-audio-shortcode\" id=\"audio-1092-1\" preload=\"none\" style=\"width: 100%;\" controls=\"controls\"><source type=\"audio\/mpeg\" src=\"https:\/\/arealorcaradio.es\/wp-content\/uploads\/2023\/06\/270623-JESUS-ABELLANEDA.-HOSTELOR.mp3?_=1\" \/><a href=\"https:\/\/arealorcaradio.es\/wp-content\/uploads\/2023\/06\/270623-JESUS-ABELLANEDA.-HOSTELOR.mp3\">https:\/\/arealorcaradio.es\/wp-content\/uploads\/2023\/06\/270623-JESUS-ABELLANEDA.-HOSTELOR.mp3<\/a><\/audio>\n","protected":false},"excerpt":{"rendered":"<p>\u00c1REA LORCA RADIO. Escucha aqu\u00ed la entrevista que ha concedido el presidente de la Asociaci\u00f3n Profesional de Hosteleros de Lorca, Hostelor. Jes\u00fas Abellaneda ha comentado que espera que contin\u00fae la colaboraci\u00f3n entre las instituciones y la asociaci\u00f3n que preside por el bien de los propios hosteleros, lorquinos y aquellos que nos visitan.<\/p>\n","protected":false},"author":1,"featured_media":1094,"comment_status":"open","ping_status":"open","sticky":false,"template":"","format":"standard","meta":{"iawp_total_views":0,"footnotes":""},"categories":[5],"tags":[],"class_list":["post-1092","post","type-post","status-publish","format-standard","has-post-thumbnail","hentry","category-actualidad"],"yoast_head":"<!-- This site is optimized with the Yoast SEO plugin v27.5 - https:\/\/yoast.com\/product\/yoast-seo-wordpress\/ -->\n<title>Hostelor celebra su Asamblea y Gala anual en la que reconoce la labor de profesionales del sector, cofrad\u00edas pasionales y Polic\u00eda Local. - AREA LORCA RADIO<\/title>\n<meta name=\"robots\" content=\"index, follow, max-snippet:-1, max-image-preview:large, max-video-preview:-1\" \/>\n<link rel=\"canonical\" href=\"https:\/\/arealorcaradio.es\/index.php\/2023\/06\/27\/hostelor-celebra-su-asamblea-y-gala-anual-en-la-que-reconoce-la-labor-de-profesionales-del-sector-cofradias-pasionales-y-policia-local\/\" \/>\n<meta property=\"og:locale\" content=\"es_ES\" \/>\n<meta property=\"og:type\" content=\"article\" \/>\n<meta property=\"og:title\" content=\"Hostelor celebra su Asamblea y Gala anual en la que reconoce la labor de profesionales del sector, cofrad\u00edas pasionales y Polic\u00eda Local. - AREA LORCA RADIO\" \/>\n<meta property=\"og:description\" content=\"\u00c1REA LORCA RADIO. Escucha aqu\u00ed la entrevista que ha concedido el presidente de la Asociaci\u00f3n Profesional de Hosteleros de Lorca, Hostelor. Jes\u00fas Abellaneda ha comentado que espera que contin\u00fae la colaboraci\u00f3n entre las instituciones y la asociaci\u00f3n que preside por el bien de los propios hosteleros, lorquinos y aquellos que nos visitan.\" \/>\n<meta property=\"og:url\" content=\"https:\/\/arealorcaradio.es\/index.php\/2023\/06\/27\/hostelor-celebra-su-asamblea-y-gala-anual-en-la-que-reconoce-la-labor-de-profesionales-del-sector-cofradias-pasionales-y-policia-local\/\" \/>\n<meta property=\"og:site_name\" content=\"AREA LORCA RADIO\" \/>\n<meta property=\"article:published_time\" content=\"2023-06-27T17:11:30+00:00\" \/>\n<meta property=\"og:image\" content=\"https:\/\/arealorcaradio.es\/wp-content\/uploads\/2023\/06\/20230627_184629-scaled.jpg\" \/>\n\t<meta property=\"og:image:width\" content=\"2560\" \/>\n\t<meta property=\"og:image:height\" content=\"1920\" \/>\n\t<meta property=\"og:image:type\" content=\"image\/jpeg\" \/>\n<meta name=\"author\" content=\"Paco S\u00e1nchez\" \/>\n<meta name=\"twitter:card\" content=\"summary_large_image\" \/>\n<meta name=\"twitter:label1\" content=\"Escrito por\" \/>\n\t<meta name=\"twitter:data1\" content=\"Paco S\u00e1nchez\" \/>\n\t<meta name=\"twitter:label2\" content=\"Tiempo de lectura\" \/>\n\t<meta name=\"twitter:data2\" content=\"1 minuto\" \/>\n<script type=\"application\/ld+json\" class=\"yoast-schema-graph\">{\"@context\":\"https:\\\/\\\/schema.org\",\"@graph\":[{\"@type\":\"Article\",\"@id\":\"https:\\\/\\\/arealorcaradio.es\\\/index.php\\\/2023\\\/06\\\/27\\\/hostelor-celebra-su-asamblea-y-gala-anual-en-la-que-reconoce-la-labor-de-profesionales-del-sector-cofradias-pasionales-y-policia-local\\\/#article\",\"isPartOf\":{\"@id\":\"https:\\\/\\\/arealorcaradio.es\\\/index.php\\\/2023\\\/06\\\/27\\\/hostelor-celebra-su-asamblea-y-gala-anual-en-la-que-reconoce-la-labor-de-profesionales-del-sector-cofradias-pasionales-y-policia-local\\\/\"},\"author\":{\"name\":\"Paco S\u00e1nchez\",\"@id\":\"https:\\\/\\\/arealorcaradio.es\\\/#\\\/schema\\\/person\\\/9fae605fc25b0f2c83c1ab207139bd27\"},\"headline\":\"Hostelor celebra su Asamblea y Gala anual en la que reconoce la labor de profesionales del sector, cofrad\u00edas pasionales y Polic\u00eda Local.\",\"datePublished\":\"2023-06-27T17:11:30+00:00\",\"mainEntityOfPage\":{\"@id\":\"https:\\\/\\\/arealorcaradio.es\\\/index.php\\\/2023\\\/06\\\/27\\\/hostelor-celebra-su-asamblea-y-gala-anual-en-la-que-reconoce-la-labor-de-profesionales-del-sector-cofradias-pasionales-y-policia-local\\\/\"},\"wordCount\":92,\"commentCount\":0,\"image\":{\"@id\":\"https:\\\/\\\/arealorcaradio.es\\\/index.php\\\/2023\\\/06\\\/27\\\/hostelor-celebra-su-asamblea-y-gala-anual-en-la-que-reconoce-la-labor-de-profesionales-del-sector-cofradias-pasionales-y-policia-local\\\/#primaryimage\"},\"thumbnailUrl\":\"https:\\\/\\\/arealorcaradio.es\\\/wp-content\\\/uploads\\\/2023\\\/06\\\/20230627_184629-scaled.jpg\",\"articleSection\":[\"ACTUALIDAD\"],\"inLanguage\":\"es\",\"potentialAction\":[{\"@type\":\"CommentAction\",\"name\":\"Comment\",\"target\":[\"https:\\\/\\\/arealorcaradio.es\\\/index.php\\\/2023\\\/06\\\/27\\\/hostelor-celebra-su-asamblea-y-gala-anual-en-la-que-reconoce-la-labor-de-profesionales-del-sector-cofradias-pasionales-y-policia-local\\\/#respond\"]}]},{\"@type\":\"WebPage\",\"@id\":\"https:\\\/\\\/arealorcaradio.es\\\/index.php\\\/2023\\\/06\\\/27\\\/hostelor-celebra-su-asamblea-y-gala-anual-en-la-que-reconoce-la-labor-de-profesionales-del-sector-cofradias-pasionales-y-policia-local\\\/\",\"url\":\"https:\\\/\\\/arealorcaradio.es\\\/index.php\\\/2023\\\/06\\\/27\\\/hostelor-celebra-su-asamblea-y-gala-anual-en-la-que-reconoce-la-labor-de-profesionales-del-sector-cofradias-pasionales-y-policia-local\\\/\",\"name\":\"Hostelor celebra su Asamblea y Gala anual en la que reconoce la labor de profesionales del sector, cofrad\u00edas pasionales y Polic\u00eda Local. - AREA LORCA RADIO\",\"isPartOf\":{\"@id\":\"https:\\\/\\\/arealorcaradio.es\\\/#website\"},\"primaryImageOfPage\":{\"@id\":\"https:\\\/\\\/arealorcaradio.es\\\/index.php\\\/2023\\\/06\\\/27\\\/hostelor-celebra-su-asamblea-y-gala-anual-en-la-que-reconoce-la-labor-de-profesionales-del-sector-cofradias-pasionales-y-policia-local\\\/#primaryimage\"},\"image\":{\"@id\":\"https:\\\/\\\/arealorcaradio.es\\\/index.php\\\/2023\\\/06\\\/27\\\/hostelor-celebra-su-asamblea-y-gala-anual-en-la-que-reconoce-la-labor-de-profesionales-del-sector-cofradias-pasionales-y-policia-local\\\/#primaryimage\"},\"thumbnailUrl\":\"https:\\\/\\\/arealorcaradio.es\\\/wp-content\\\/uploads\\\/2023\\\/06\\\/20230627_184629-scaled.jpg\",\"datePublished\":\"2023-06-27T17:11:30+00:00\",\"author\":{\"@id\":\"https:\\\/\\\/arealorcaradio.es\\\/#\\\/schema\\\/person\\\/9fae605fc25b0f2c83c1ab207139bd27\"},\"breadcrumb\":{\"@id\":\"https:\\\/\\\/arealorcaradio.es\\\/index.php\\\/2023\\\/06\\\/27\\\/hostelor-celebra-su-asamblea-y-gala-anual-en-la-que-reconoce-la-labor-de-profesionales-del-sector-cofradias-pasionales-y-policia-local\\\/#breadcrumb\"},\"inLanguage\":\"es\",\"potentialAction\":[{\"@type\":\"ReadAction\",\"target\":[\"https:\\\/\\\/arealorcaradio.es\\\/index.php\\\/2023\\\/06\\\/27\\\/hostelor-celebra-su-asamblea-y-gala-anual-en-la-que-reconoce-la-labor-de-profesionales-del-sector-cofradias-pasionales-y-policia-local\\\/\"]}]},{\"@type\":\"ImageObject\",\"inLanguage\":\"es\",\"@id\":\"https:\\\/\\\/arealorcaradio.es\\\/index.php\\\/2023\\\/06\\\/27\\\/hostelor-celebra-su-asamblea-y-gala-anual-en-la-que-reconoce-la-labor-de-profesionales-del-sector-cofradias-pasionales-y-policia-local\\\/#primaryimage\",\"url\":\"https:\\\/\\\/arealorcaradio.es\\\/wp-content\\\/uploads\\\/2023\\\/06\\\/20230627_184629-scaled.jpg\",\"contentUrl\":\"https:\\\/\\\/arealorcaradio.es\\\/wp-content\\\/uploads\\\/2023\\\/06\\\/20230627_184629-scaled.jpg\",\"width\":2560,\"height\":1920},{\"@type\":\"BreadcrumbList\",\"@id\":\"https:\\\/\\\/arealorcaradio.es\\\/index.php\\\/2023\\\/06\\\/27\\\/hostelor-celebra-su-asamblea-y-gala-anual-en-la-que-reconoce-la-labor-de-profesionales-del-sector-cofradias-pasionales-y-policia-local\\\/#breadcrumb\",\"itemListElement\":[{\"@type\":\"ListItem\",\"position\":1,\"name\":\"Portada\",\"item\":\"https:\\\/\\\/arealorcaradio.es\\\/\"},{\"@type\":\"ListItem\",\"position\":2,\"name\":\"Hostelor celebra su Asamblea y Gala anual en la que reconoce la labor de profesionales del sector, cofrad\u00edas pasionales y Polic\u00eda Local.\"}]},{\"@type\":\"WebSite\",\"@id\":\"https:\\\/\\\/arealorcaradio.es\\\/#website\",\"url\":\"https:\\\/\\\/arealorcaradio.es\\\/\",\"name\":\"AREA LORCA RADIO\",\"description\":\"Descubre la programaci\u00f3n actual en \u00c1rea Lorca Radio, tu fuente de entrenamiento y noticias locales. Sintoniza ahora y mantente conectado online.\",\"potentialAction\":[{\"@type\":\"SearchAction\",\"target\":{\"@type\":\"EntryPoint\",\"urlTemplate\":\"https:\\\/\\\/arealorcaradio.es\\\/?s={search_term_string}\"},\"query-input\":{\"@type\":\"PropertyValueSpecification\",\"valueRequired\":true,\"valueName\":\"search_term_string\"}}],\"inLanguage\":\"es\"},{\"@type\":\"Person\",\"@id\":\"https:\\\/\\\/arealorcaradio.es\\\/#\\\/schema\\\/person\\\/9fae605fc25b0f2c83c1ab207139bd27\",\"name\":\"Paco S\u00e1nchez\",\"image\":{\"@type\":\"ImageObject\",\"inLanguage\":\"es\",\"@id\":\"https:\\\/\\\/secure.gravatar.com\\\/avatar\\\/d67144e966420fb74aa84c9f2a0103be4724fd14db52b52d3b6bca749f257e79?s=96&d=mm&r=g\",\"url\":\"https:\\\/\\\/secure.gravatar.com\\\/avatar\\\/d67144e966420fb74aa84c9f2a0103be4724fd14db52b52d3b6bca749f257e79?s=96&d=mm&r=g\",\"contentUrl\":\"https:\\\/\\\/secure.gravatar.com\\\/avatar\\\/d67144e966420fb74aa84c9f2a0103be4724fd14db52b52d3b6bca749f257e79?s=96&d=mm&r=g\",\"caption\":\"Paco S\u00e1nchez\"},\"sameAs\":[\"https:\\\/\\\/arealorcaradio.es\"],\"url\":\"https:\\\/\\\/arealorcaradio.es\\\/index.php\\\/author\\\/admin_alorcaradio\\\/\"}]}<\/script>\n<!-- \/ Yoast SEO plugin. -->","yoast_head_json":{"title":"Hostelor celebra su Asamblea y Gala anual en la que reconoce la labor de profesionales del sector, cofrad\u00edas pasionales y Polic\u00eda Local. - AREA LORCA RADIO","robots":{"index":"index","follow":"follow","max-snippet":"max-snippet:-1","max-image-preview":"max-image-preview:large","max-video-preview":"max-video-preview:-1"},"canonical":"https:\/\/arealorcaradio.es\/index.php\/2023\/06\/27\/hostelor-celebra-su-asamblea-y-gala-anual-en-la-que-reconoce-la-labor-de-profesionales-del-sector-cofradias-pasionales-y-policia-local\/","og_locale":"es_ES","og_type":"article","og_title":"Hostelor celebra su Asamblea y Gala anual en la que reconoce la labor de profesionales del sector, cofrad\u00edas pasionales y Polic\u00eda Local. - AREA LORCA RADIO","og_description":"\u00c1REA LORCA RADIO. Escucha aqu\u00ed la entrevista que ha concedido el presidente de la Asociaci\u00f3n Profesional de Hosteleros de Lorca, Hostelor. Jes\u00fas Abellaneda ha comentado que espera que contin\u00fae la colaboraci\u00f3n entre las instituciones y la asociaci\u00f3n que preside por el bien de los propios hosteleros, lorquinos y aquellos que nos visitan.","og_url":"https:\/\/arealorcaradio.es\/index.php\/2023\/06\/27\/hostelor-celebra-su-asamblea-y-gala-anual-en-la-que-reconoce-la-labor-de-profesionales-del-sector-cofradias-pasionales-y-policia-local\/","og_site_name":"AREA LORCA RADIO","article_published_time":"2023-06-27T17:11:30+00:00","og_image":[{"width":2560,"height":1920,"url":"https:\/\/arealorcaradio.es\/wp-content\/uploads\/2023\/06\/20230627_184629-scaled.jpg","type":"image\/jpeg"}],"author":"Paco S\u00e1nchez","twitter_card":"summary_large_image","twitter_misc":{"Escrito por":"Paco S\u00e1nchez","Tiempo de lectura":"1 minuto"},"schema":{"@context":"https:\/\/schema.org","@graph":[{"@type":"Article","@id":"https:\/\/arealorcaradio.es\/index.php\/2023\/06\/27\/hostelor-celebra-su-asamblea-y-gala-anual-en-la-que-reconoce-la-labor-de-profesionales-del-sector-cofradias-pasionales-y-policia-local\/#article","isPartOf":{"@id":"https:\/\/arealorcaradio.es\/index.php\/2023\/06\/27\/hostelor-celebra-su-asamblea-y-gala-anual-en-la-que-reconoce-la-labor-de-profesionales-del-sector-cofradias-pasionales-y-policia-local\/"},"author":{"name":"Paco S\u00e1nchez","@id":"https:\/\/arealorcaradio.es\/#\/schema\/person\/9fae605fc25b0f2c83c1ab207139bd27"},"headline":"Hostelor celebra su Asamblea y Gala anual en la que reconoce la labor de profesionales del sector, cofrad\u00edas pasionales y Polic\u00eda Local.","datePublished":"2023-06-27T17:11:30+00:00","mainEntityOfPage":{"@id":"https:\/\/arealorcaradio.es\/index.php\/2023\/06\/27\/hostelor-celebra-su-asamblea-y-gala-anual-en-la-que-reconoce-la-labor-de-profesionales-del-sector-cofradias-pasionales-y-policia-local\/"},"wordCount":92,"commentCount":0,"image":{"@id":"https:\/\/arealorcaradio.es\/index.php\/2023\/06\/27\/hostelor-celebra-su-asamblea-y-gala-anual-en-la-que-reconoce-la-labor-de-profesionales-del-sector-cofradias-pasionales-y-policia-local\/#primaryimage"},"thumbnailUrl":"https:\/\/arealorcaradio.es\/wp-content\/uploads\/2023\/06\/20230627_184629-scaled.jpg","articleSection":["ACTUALIDAD"],"inLanguage":"es","potentialAction":[{"@type":"CommentAction","name":"Comment","target":["https:\/\/arealorcaradio.es\/index.php\/2023\/06\/27\/hostelor-celebra-su-asamblea-y-gala-anual-en-la-que-reconoce-la-labor-de-profesionales-del-sector-cofradias-pasionales-y-policia-local\/#respond"]}]},{"@type":"WebPage","@id":"https:\/\/arealorcaradio.es\/index.php\/2023\/06\/27\/hostelor-celebra-su-asamblea-y-gala-anual-en-la-que-reconoce-la-labor-de-profesionales-del-sector-cofradias-pasionales-y-policia-local\/","url":"https:\/\/arealorcaradio.es\/index.php\/2023\/06\/27\/hostelor-celebra-su-asamblea-y-gala-anual-en-la-que-reconoce-la-labor-de-profesionales-del-sector-cofradias-pasionales-y-policia-local\/","name":"Hostelor celebra su Asamblea y Gala anual en la que reconoce la labor de profesionales del sector, cofrad\u00edas pasionales y Polic\u00eda Local. - AREA LORCA RADIO","isPartOf":{"@id":"https:\/\/arealorcaradio.es\/#website"},"primaryImageOfPage":{"@id":"https:\/\/arealorcaradio.es\/index.php\/2023\/06\/27\/hostelor-celebra-su-asamblea-y-gala-anual-en-la-que-reconoce-la-labor-de-profesionales-del-sector-cofradias-pasionales-y-policia-local\/#primaryimage"},"image":{"@id":"https:\/\/arealorcaradio.es\/index.php\/2023\/06\/27\/hostelor-celebra-su-asamblea-y-gala-anual-en-la-que-reconoce-la-labor-de-profesionales-del-sector-cofradias-pasionales-y-policia-local\/#primaryimage"},"thumbnailUrl":"https:\/\/arealorcaradio.es\/wp-content\/uploads\/2023\/06\/20230627_184629-scaled.jpg","datePublished":"2023-06-27T17:11:30+00:00","author":{"@id":"https:\/\/arealorcaradio.es\/#\/schema\/person\/9fae605fc25b0f2c83c1ab207139bd27"},"breadcrumb":{"@id":"https:\/\/arealorcaradio.es\/index.php\/2023\/06\/27\/hostelor-celebra-su-asamblea-y-gala-anual-en-la-que-reconoce-la-labor-de-profesionales-del-sector-cofradias-pasionales-y-policia-local\/#breadcrumb"},"inLanguage":"es","potentialAction":[{"@type":"ReadAction","target":["https:\/\/arealorcaradio.es\/index.php\/2023\/06\/27\/hostelor-celebra-su-asamblea-y-gala-anual-en-la-que-reconoce-la-labor-de-profesionales-del-sector-cofradias-pasionales-y-policia-local\/"]}]},{"@type":"ImageObject","inLanguage":"es","@id":"https:\/\/arealorcaradio.es\/index.php\/2023\/06\/27\/hostelor-celebra-su-asamblea-y-gala-anual-en-la-que-reconoce-la-labor-de-profesionales-del-sector-cofradias-pasionales-y-policia-local\/#primaryimage","url":"https:\/\/arealorcaradio.es\/wp-content\/uploads\/2023\/06\/20230627_184629-scaled.jpg","contentUrl":"https:\/\/arealorcaradio.es\/wp-content\/uploads\/2023\/06\/20230627_184629-scaled.jpg","width":2560,"height":1920},{"@type":"BreadcrumbList","@id":"https:\/\/arealorcaradio.es\/index.php\/2023\/06\/27\/hostelor-celebra-su-asamblea-y-gala-anual-en-la-que-reconoce-la-labor-de-profesionales-del-sector-cofradias-pasionales-y-policia-local\/#breadcrumb","itemListElement":[{"@type":"ListItem","position":1,"name":"Portada","item":"https:\/\/arealorcaradio.es\/"},{"@type":"ListItem","position":2,"name":"Hostelor celebra su Asamblea y Gala anual en la que reconoce la labor de profesionales del sector, cofrad\u00edas pasionales y Polic\u00eda Local."}]},{"@type":"WebSite","@id":"https:\/\/arealorcaradio.es\/#website","url":"https:\/\/arealorcaradio.es\/","name":"AREA LORCA RADIO","description":"Descubre la programaci\u00f3n actual en \u00c1rea Lorca Radio, tu fuente de entrenamiento y noticias locales. Sintoniza ahora y mantente conectado online.","potentialAction":[{"@type":"SearchAction","target":{"@type":"EntryPoint","urlTemplate":"https:\/\/arealorcaradio.es\/?s={search_term_string}"},"query-input":{"@type":"PropertyValueSpecification","valueRequired":true,"valueName":"search_term_string"}}],"inLanguage":"es"},{"@type":"Person","@id":"https:\/\/arealorcaradio.es\/#\/schema\/person\/9fae605fc25b0f2c83c1ab207139bd27","name":"Paco S\u00e1nchez","image":{"@type":"ImageObject","inLanguage":"es","@id":"https:\/\/secure.gravatar.com\/avatar\/d67144e966420fb74aa84c9f2a0103be4724fd14db52b52d3b6bca749f257e79?s=96&d=mm&r=g","url":"https:\/\/secure.gravatar.com\/avatar\/d67144e966420fb74aa84c9f2a0103be4724fd14db52b52d3b6bca749f257e79?s=96&d=mm&r=g","contentUrl":"https:\/\/secure.gravatar.com\/avatar\/d67144e966420fb74aa84c9f2a0103be4724fd14db52b52d3b6bca749f257e79?s=96&d=mm&r=g","caption":"Paco S\u00e1nchez"},"sameAs":["https:\/\/arealorcaradio.es"],"url":"https:\/\/arealorcaradio.es\/index.php\/author\/admin_alorcaradio\/"}]}},"_links":{"self":[{"href":"https:\/\/arealorcaradio.es\/index.php\/wp-json\/wp\/v2\/posts\/1092","targetHints":{"allow":["GET"]}}],"collection":[{"href":"https:\/\/arealorcaradio.es\/index.php\/wp-json\/wp\/v2\/posts"}],"about":[{"href":"https:\/\/arealorcaradio.es\/index.php\/wp-json\/wp\/v2\/types\/post"}],"author":[{"embeddable":true,"href":"https:\/\/arealorcaradio.es\/index.php\/wp-json\/wp\/v2\/users\/1"}],"replies":[{"embeddable":true,"href":"https:\/\/arealorcaradio.es\/index.php\/wp-json\/wp\/v2\/comments?post=1092"}],"version-history":[{"count":1,"href":"https:\/\/arealorcaradio.es\/index.php\/wp-json\/wp\/v2\/posts\/1092\/revisions"}],"predecessor-version":[{"id":1095,"href":"https:\/\/arealorcaradio.es\/index.php\/wp-json\/wp\/v2\/posts\/1092\/revisions\/1095"}],"wp:featuredmedia":[{"embeddable":true,"href":"https:\/\/arealorcaradio.es\/index.php\/wp-json\/wp\/v2\/media\/1094"}],"wp:attachment":[{"href":"https:\/\/arealorcaradio.es\/index.php\/wp-json\/wp\/v2\/media?parent=1092"}],"wp:term":[{"taxonomy":"category","embeddable":true,"href":"https:\/\/arealorcaradio.es\/index.php\/wp-json\/wp\/v2\/categories?post=1092"},{"taxonomy":"post_tag","embeddable":true,"href":"https:\/\/arealorcaradio.es\/index.php\/wp-json\/wp\/v2\/tags?post=1092"}],"curies":[{"name":"wp","href":"https:\/\/api.w.org\/{rel}","templated":true}]}}