{"id":1083,"date":"2023-06-27T08:21:53","date_gmt":"2023-06-27T08:21:53","guid":{"rendered":"https:\/\/arealorcaradio.es\/?p=1083"},"modified":"2023-06-27T08:21:53","modified_gmt":"2023-06-27T08:21:53","slug":"fulgencio-gil-presenta-el-plan-copla-2023-de-la-costa-de-lorca-y-playa-fluvial-de-coy","status":"publish","type":"post","link":"https:\/\/arealorcaradio.es\/index.php\/2023\/06\/27\/fulgencio-gil-presenta-el-plan-copla-2023-de-la-costa-de-lorca-y-playa-fluvial-de-coy\/","title":{"rendered":"Fulgencio Gil presenta el Plan Copla 2023 de la costa de Lorca y playa fluvial de Coy."},"content":{"rendered":"<p>\u00c1REA LORCA RADIO.<\/p>\n<p>Escucha aqu\u00ed la comparecencia del alcalde de Lorca Fulgencio Gil ante los medios de comunicaci\u00f3n, donde explica con detalle en que consiste el dispositivo Plan Copla 2023 en la costa lorquina y la playa fluvial de la pedan\u00eda de Coy.<\/p>\n<audio class=\"wp-audio-shortcode\" id=\"audio-1083-1\" preload=\"none\" style=\"width: 100%;\" controls=\"controls\"><source type=\"audio\/mpeg\" src=\"https:\/\/arealorcaradio.es\/wp-content\/uploads\/2023\/06\/270623-FULGENCIO-GIL.-PLAN-COPLA.mp3?_=1\" \/><a href=\"https:\/\/arealorcaradio.es\/wp-content\/uploads\/2023\/06\/270623-FULGENCIO-GIL.-PLAN-COPLA.mp3\">https:\/\/arealorcaradio.es\/wp-content\/uploads\/2023\/06\/270623-FULGENCIO-GIL.-PLAN-COPLA.mp3<\/a><\/audio>\n<p><img loading=\"lazy\" decoding=\"async\" class=\"alignnone size-medium wp-image-1087\" src=\"https:\/\/arealorcaradio.es\/wp-content\/uploads\/2023\/06\/20230627_094107-300x225.jpg\" alt=\"\" width=\"300\" height=\"225\" srcset=\"https:\/\/arealorcaradio.es\/wp-content\/uploads\/2023\/06\/20230627_094107-300x225.jpg 300w, https:\/\/arealorcaradio.es\/wp-content\/uploads\/2023\/06\/20230627_094107-1024x768.jpg 1024w, https:\/\/arealorcaradio.es\/wp-content\/uploads\/2023\/06\/20230627_094107-768x576.jpg 768w, https:\/\/arealorcaradio.es\/wp-content\/uploads\/2023\/06\/20230627_094107-1536x1152.jpg 1536w, https:\/\/arealorcaradio.es\/wp-content\/uploads\/2023\/06\/20230627_094107-2048x1536.jpg 2048w, https:\/\/arealorcaradio.es\/wp-content\/uploads\/2023\/06\/20230627_094107-86x64.jpg 86w\" sizes=\"auto, (max-width: 300px) 100vw, 300px\" \/> <img loading=\"lazy\" decoding=\"async\" class=\"alignnone size-medium wp-image-1088\" src=\"https:\/\/arealorcaradio.es\/wp-content\/uploads\/2023\/06\/20230627_094050-300x225.jpg\" alt=\"\" width=\"300\" height=\"225\" srcset=\"https:\/\/arealorcaradio.es\/wp-content\/uploads\/2023\/06\/20230627_094050-300x225.jpg 300w, https:\/\/arealorcaradio.es\/wp-content\/uploads\/2023\/06\/20230627_094050-1024x768.jpg 1024w, https:\/\/arealorcaradio.es\/wp-content\/uploads\/2023\/06\/20230627_094050-768x576.jpg 768w, https:\/\/arealorcaradio.es\/wp-content\/uploads\/2023\/06\/20230627_094050-1536x1152.jpg 1536w, https:\/\/arealorcaradio.es\/wp-content\/uploads\/2023\/06\/20230627_094050-2048x1536.jpg 2048w, https:\/\/arealorcaradio.es\/wp-content\/uploads\/2023\/06\/20230627_094050-86x64.jpg 86w\" sizes=\"auto, (max-width: 300px) 100vw, 300px\" \/><\/p>\n<p><img loading=\"lazy\" decoding=\"async\" class=\"alignnone size-medium wp-image-1089\" src=\"https:\/\/arealorcaradio.es\/wp-content\/uploads\/2023\/06\/20230627_094915-300x225.jpg\" alt=\"\" width=\"300\" height=\"225\" srcset=\"https:\/\/arealorcaradio.es\/wp-content\/uploads\/2023\/06\/20230627_094915-300x225.jpg 300w, https:\/\/arealorcaradio.es\/wp-content\/uploads\/2023\/06\/20230627_094915-1024x768.jpg 1024w, https:\/\/arealorcaradio.es\/wp-content\/uploads\/2023\/06\/20230627_094915-768x576.jpg 768w, https:\/\/arealorcaradio.es\/wp-content\/uploads\/2023\/06\/20230627_094915-1536x1152.jpg 1536w, https:\/\/arealorcaradio.es\/wp-content\/uploads\/2023\/06\/20230627_094915-2048x1536.jpg 2048w, https:\/\/arealorcaradio.es\/wp-content\/uploads\/2023\/06\/20230627_094915-86x64.jpg 86w\" sizes=\"auto, (max-width: 300px) 100vw, 300px\" \/> <img loading=\"lazy\" decoding=\"async\" class=\"alignnone size-medium wp-image-1090\" src=\"https:\/\/arealorcaradio.es\/wp-content\/uploads\/2023\/06\/20230627_095045-300x225.jpg\" alt=\"\" width=\"300\" height=\"225\" srcset=\"https:\/\/arealorcaradio.es\/wp-content\/uploads\/2023\/06\/20230627_095045-300x225.jpg 300w, https:\/\/arealorcaradio.es\/wp-content\/uploads\/2023\/06\/20230627_095045-1024x768.jpg 1024w, https:\/\/arealorcaradio.es\/wp-content\/uploads\/2023\/06\/20230627_095045-768x576.jpg 768w, https:\/\/arealorcaradio.es\/wp-content\/uploads\/2023\/06\/20230627_095045-1536x1152.jpg 1536w, https:\/\/arealorcaradio.es\/wp-content\/uploads\/2023\/06\/20230627_095045-2048x1536.jpg 2048w, https:\/\/arealorcaradio.es\/wp-content\/uploads\/2023\/06\/20230627_095045-86x64.jpg 86w\" sizes=\"auto, (max-width: 300px) 100vw, 300px\" \/><\/p>\n","protected":false},"excerpt":{"rendered":"<p>\u00c1REA LORCA RADIO. Escucha aqu\u00ed la comparecencia del alcalde de Lorca Fulgencio Gil ante los medios de comunicaci\u00f3n, donde explica con detalle en que consiste el dispositivo Plan Copla 2023 en la costa lorquina y la playa fluvial de la pedan\u00eda de Coy.<\/p>\n","protected":false},"author":1,"featured_media":1085,"comment_status":"open","ping_status":"open","sticky":false,"template":"","format":"standard","meta":{"iawp_total_views":2,"footnotes":""},"categories":[7],"tags":[],"class_list":["post-1083","post","type-post","status-publish","format-standard","has-post-thumbnail","hentry","category-lorca"],"yoast_head":"<!-- This site is optimized with the Yoast SEO plugin v27.5 - https:\/\/yoast.com\/product\/yoast-seo-wordpress\/ -->\n<title>Fulgencio Gil presenta el Plan Copla 2023 de la costa de Lorca y playa fluvial de Coy. - AREA LORCA RADIO<\/title>\n<meta name=\"robots\" content=\"index, follow, max-snippet:-1, max-image-preview:large, max-video-preview:-1\" \/>\n<link rel=\"canonical\" href=\"https:\/\/arealorcaradio.es\/index.php\/2023\/06\/27\/fulgencio-gil-presenta-el-plan-copla-2023-de-la-costa-de-lorca-y-playa-fluvial-de-coy\/\" \/>\n<meta property=\"og:locale\" content=\"es_ES\" \/>\n<meta property=\"og:type\" content=\"article\" \/>\n<meta property=\"og:title\" content=\"Fulgencio Gil presenta el Plan Copla 2023 de la costa de Lorca y playa fluvial de Coy. - AREA LORCA RADIO\" \/>\n<meta property=\"og:description\" content=\"\u00c1REA LORCA RADIO. Escucha aqu\u00ed la comparecencia del alcalde de Lorca Fulgencio Gil ante los medios de comunicaci\u00f3n, donde explica con detalle en que consiste el dispositivo Plan Copla 2023 en la costa lorquina y la playa fluvial de la pedan\u00eda de Coy.\" \/>\n<meta property=\"og:url\" content=\"https:\/\/arealorcaradio.es\/index.php\/2023\/06\/27\/fulgencio-gil-presenta-el-plan-copla-2023-de-la-costa-de-lorca-y-playa-fluvial-de-coy\/\" \/>\n<meta property=\"og:site_name\" content=\"AREA LORCA RADIO\" \/>\n<meta property=\"article:published_time\" content=\"2023-06-27T08:21:53+00:00\" \/>\n<meta property=\"og:image\" content=\"https:\/\/arealorcaradio.es\/wp-content\/uploads\/2023\/06\/20230627_094941-scaled.jpg\" \/>\n\t<meta property=\"og:image:width\" content=\"2560\" \/>\n\t<meta property=\"og:image:height\" content=\"1920\" \/>\n\t<meta property=\"og:image:type\" content=\"image\/jpeg\" \/>\n<meta name=\"author\" content=\"Paco S\u00e1nchez\" \/>\n<meta name=\"twitter:card\" content=\"summary_large_image\" \/>\n<meta name=\"twitter:label1\" content=\"Escrito por\" \/>\n\t<meta name=\"twitter:data1\" content=\"Paco S\u00e1nchez\" \/>\n\t<meta name=\"twitter:label2\" content=\"Tiempo de lectura\" \/>\n\t<meta name=\"twitter:data2\" content=\"2 minutos\" \/>\n<script type=\"application\/ld+json\" class=\"yoast-schema-graph\">{\"@context\":\"https:\\\/\\\/schema.org\",\"@graph\":[{\"@type\":\"Article\",\"@id\":\"https:\\\/\\\/arealorcaradio.es\\\/index.php\\\/2023\\\/06\\\/27\\\/fulgencio-gil-presenta-el-plan-copla-2023-de-la-costa-de-lorca-y-playa-fluvial-de-coy\\\/#article\",\"isPartOf\":{\"@id\":\"https:\\\/\\\/arealorcaradio.es\\\/index.php\\\/2023\\\/06\\\/27\\\/fulgencio-gil-presenta-el-plan-copla-2023-de-la-costa-de-lorca-y-playa-fluvial-de-coy\\\/\"},\"author\":{\"name\":\"Paco S\u00e1nchez\",\"@id\":\"https:\\\/\\\/arealorcaradio.es\\\/#\\\/schema\\\/person\\\/9fae605fc25b0f2c83c1ab207139bd27\"},\"headline\":\"Fulgencio Gil presenta el Plan Copla 2023 de la costa de Lorca y playa fluvial de Coy.\",\"datePublished\":\"2023-06-27T08:21:53+00:00\",\"mainEntityOfPage\":{\"@id\":\"https:\\\/\\\/arealorcaradio.es\\\/index.php\\\/2023\\\/06\\\/27\\\/fulgencio-gil-presenta-el-plan-copla-2023-de-la-costa-de-lorca-y-playa-fluvial-de-coy\\\/\"},\"wordCount\":71,\"commentCount\":0,\"image\":{\"@id\":\"https:\\\/\\\/arealorcaradio.es\\\/index.php\\\/2023\\\/06\\\/27\\\/fulgencio-gil-presenta-el-plan-copla-2023-de-la-costa-de-lorca-y-playa-fluvial-de-coy\\\/#primaryimage\"},\"thumbnailUrl\":\"https:\\\/\\\/arealorcaradio.es\\\/wp-content\\\/uploads\\\/2023\\\/06\\\/20230627_094941-scaled.jpg\",\"articleSection\":[\"LORCA\"],\"inLanguage\":\"es\",\"potentialAction\":[{\"@type\":\"CommentAction\",\"name\":\"Comment\",\"target\":[\"https:\\\/\\\/arealorcaradio.es\\\/index.php\\\/2023\\\/06\\\/27\\\/fulgencio-gil-presenta-el-plan-copla-2023-de-la-costa-de-lorca-y-playa-fluvial-de-coy\\\/#respond\"]}]},{\"@type\":\"WebPage\",\"@id\":\"https:\\\/\\\/arealorcaradio.es\\\/index.php\\\/2023\\\/06\\\/27\\\/fulgencio-gil-presenta-el-plan-copla-2023-de-la-costa-de-lorca-y-playa-fluvial-de-coy\\\/\",\"url\":\"https:\\\/\\\/arealorcaradio.es\\\/index.php\\\/2023\\\/06\\\/27\\\/fulgencio-gil-presenta-el-plan-copla-2023-de-la-costa-de-lorca-y-playa-fluvial-de-coy\\\/\",\"name\":\"Fulgencio Gil presenta el Plan Copla 2023 de la costa de Lorca y playa fluvial de Coy. - AREA LORCA RADIO\",\"isPartOf\":{\"@id\":\"https:\\\/\\\/arealorcaradio.es\\\/#website\"},\"primaryImageOfPage\":{\"@id\":\"https:\\\/\\\/arealorcaradio.es\\\/index.php\\\/2023\\\/06\\\/27\\\/fulgencio-gil-presenta-el-plan-copla-2023-de-la-costa-de-lorca-y-playa-fluvial-de-coy\\\/#primaryimage\"},\"image\":{\"@id\":\"https:\\\/\\\/arealorcaradio.es\\\/index.php\\\/2023\\\/06\\\/27\\\/fulgencio-gil-presenta-el-plan-copla-2023-de-la-costa-de-lorca-y-playa-fluvial-de-coy\\\/#primaryimage\"},\"thumbnailUrl\":\"https:\\\/\\\/arealorcaradio.es\\\/wp-content\\\/uploads\\\/2023\\\/06\\\/20230627_094941-scaled.jpg\",\"datePublished\":\"2023-06-27T08:21:53+00:00\",\"author\":{\"@id\":\"https:\\\/\\\/arealorcaradio.es\\\/#\\\/schema\\\/person\\\/9fae605fc25b0f2c83c1ab207139bd27\"},\"breadcrumb\":{\"@id\":\"https:\\\/\\\/arealorcaradio.es\\\/index.php\\\/2023\\\/06\\\/27\\\/fulgencio-gil-presenta-el-plan-copla-2023-de-la-costa-de-lorca-y-playa-fluvial-de-coy\\\/#breadcrumb\"},\"inLanguage\":\"es\",\"potentialAction\":[{\"@type\":\"ReadAction\",\"target\":[\"https:\\\/\\\/arealorcaradio.es\\\/index.php\\\/2023\\\/06\\\/27\\\/fulgencio-gil-presenta-el-plan-copla-2023-de-la-costa-de-lorca-y-playa-fluvial-de-coy\\\/\"]}]},{\"@type\":\"ImageObject\",\"inLanguage\":\"es\",\"@id\":\"https:\\\/\\\/arealorcaradio.es\\\/index.php\\\/2023\\\/06\\\/27\\\/fulgencio-gil-presenta-el-plan-copla-2023-de-la-costa-de-lorca-y-playa-fluvial-de-coy\\\/#primaryimage\",\"url\":\"https:\\\/\\\/arealorcaradio.es\\\/wp-content\\\/uploads\\\/2023\\\/06\\\/20230627_094941-scaled.jpg\",\"contentUrl\":\"https:\\\/\\\/arealorcaradio.es\\\/wp-content\\\/uploads\\\/2023\\\/06\\\/20230627_094941-scaled.jpg\",\"width\":2560,\"height\":1920},{\"@type\":\"BreadcrumbList\",\"@id\":\"https:\\\/\\\/arealorcaradio.es\\\/index.php\\\/2023\\\/06\\\/27\\\/fulgencio-gil-presenta-el-plan-copla-2023-de-la-costa-de-lorca-y-playa-fluvial-de-coy\\\/#breadcrumb\",\"itemListElement\":[{\"@type\":\"ListItem\",\"position\":1,\"name\":\"Portada\",\"item\":\"https:\\\/\\\/arealorcaradio.es\\\/\"},{\"@type\":\"ListItem\",\"position\":2,\"name\":\"Fulgencio Gil presenta el Plan Copla 2023 de la costa de Lorca y playa fluvial de Coy.\"}]},{\"@type\":\"WebSite\",\"@id\":\"https:\\\/\\\/arealorcaradio.es\\\/#website\",\"url\":\"https:\\\/\\\/arealorcaradio.es\\\/\",\"name\":\"AREA LORCA RADIO\",\"description\":\"Descubre la programaci\u00f3n actual en \u00c1rea Lorca Radio, tu fuente de entrenamiento y noticias locales. Sintoniza ahora y mantente conectado online.\",\"potentialAction\":[{\"@type\":\"SearchAction\",\"target\":{\"@type\":\"EntryPoint\",\"urlTemplate\":\"https:\\\/\\\/arealorcaradio.es\\\/?s={search_term_string}\"},\"query-input\":{\"@type\":\"PropertyValueSpecification\",\"valueRequired\":true,\"valueName\":\"search_term_string\"}}],\"inLanguage\":\"es\"},{\"@type\":\"Person\",\"@id\":\"https:\\\/\\\/arealorcaradio.es\\\/#\\\/schema\\\/person\\\/9fae605fc25b0f2c83c1ab207139bd27\",\"name\":\"Paco S\u00e1nchez\",\"image\":{\"@type\":\"ImageObject\",\"inLanguage\":\"es\",\"@id\":\"https:\\\/\\\/secure.gravatar.com\\\/avatar\\\/d67144e966420fb74aa84c9f2a0103be4724fd14db52b52d3b6bca749f257e79?s=96&d=mm&r=g\",\"url\":\"https:\\\/\\\/secure.gravatar.com\\\/avatar\\\/d67144e966420fb74aa84c9f2a0103be4724fd14db52b52d3b6bca749f257e79?s=96&d=mm&r=g\",\"contentUrl\":\"https:\\\/\\\/secure.gravatar.com\\\/avatar\\\/d67144e966420fb74aa84c9f2a0103be4724fd14db52b52d3b6bca749f257e79?s=96&d=mm&r=g\",\"caption\":\"Paco S\u00e1nchez\"},\"sameAs\":[\"https:\\\/\\\/arealorcaradio.es\"],\"url\":\"https:\\\/\\\/arealorcaradio.es\\\/index.php\\\/author\\\/admin_alorcaradio\\\/\"}]}<\/script>\n<!-- \/ Yoast SEO plugin. -->","yoast_head_json":{"title":"Fulgencio Gil presenta el Plan Copla 2023 de la costa de Lorca y playa fluvial de Coy. - AREA LORCA RADIO","robots":{"index":"index","follow":"follow","max-snippet":"max-snippet:-1","max-image-preview":"max-image-preview:large","max-video-preview":"max-video-preview:-1"},"canonical":"https:\/\/arealorcaradio.es\/index.php\/2023\/06\/27\/fulgencio-gil-presenta-el-plan-copla-2023-de-la-costa-de-lorca-y-playa-fluvial-de-coy\/","og_locale":"es_ES","og_type":"article","og_title":"Fulgencio Gil presenta el Plan Copla 2023 de la costa de Lorca y playa fluvial de Coy. - AREA LORCA RADIO","og_description":"\u00c1REA LORCA RADIO. Escucha aqu\u00ed la comparecencia del alcalde de Lorca Fulgencio Gil ante los medios de comunicaci\u00f3n, donde explica con detalle en que consiste el dispositivo Plan Copla 2023 en la costa lorquina y la playa fluvial de la pedan\u00eda de Coy.","og_url":"https:\/\/arealorcaradio.es\/index.php\/2023\/06\/27\/fulgencio-gil-presenta-el-plan-copla-2023-de-la-costa-de-lorca-y-playa-fluvial-de-coy\/","og_site_name":"AREA LORCA RADIO","article_published_time":"2023-06-27T08:21:53+00:00","og_image":[{"width":2560,"height":1920,"url":"https:\/\/arealorcaradio.es\/wp-content\/uploads\/2023\/06\/20230627_094941-scaled.jpg","type":"image\/jpeg"}],"author":"Paco S\u00e1nchez","twitter_card":"summary_large_image","twitter_misc":{"Escrito por":"Paco S\u00e1nchez","Tiempo de lectura":"2 minutos"},"schema":{"@context":"https:\/\/schema.org","@graph":[{"@type":"Article","@id":"https:\/\/arealorcaradio.es\/index.php\/2023\/06\/27\/fulgencio-gil-presenta-el-plan-copla-2023-de-la-costa-de-lorca-y-playa-fluvial-de-coy\/#article","isPartOf":{"@id":"https:\/\/arealorcaradio.es\/index.php\/2023\/06\/27\/fulgencio-gil-presenta-el-plan-copla-2023-de-la-costa-de-lorca-y-playa-fluvial-de-coy\/"},"author":{"name":"Paco S\u00e1nchez","@id":"https:\/\/arealorcaradio.es\/#\/schema\/person\/9fae605fc25b0f2c83c1ab207139bd27"},"headline":"Fulgencio Gil presenta el Plan Copla 2023 de la costa de Lorca y playa fluvial de Coy.","datePublished":"2023-06-27T08:21:53+00:00","mainEntityOfPage":{"@id":"https:\/\/arealorcaradio.es\/index.php\/2023\/06\/27\/fulgencio-gil-presenta-el-plan-copla-2023-de-la-costa-de-lorca-y-playa-fluvial-de-coy\/"},"wordCount":71,"commentCount":0,"image":{"@id":"https:\/\/arealorcaradio.es\/index.php\/2023\/06\/27\/fulgencio-gil-presenta-el-plan-copla-2023-de-la-costa-de-lorca-y-playa-fluvial-de-coy\/#primaryimage"},"thumbnailUrl":"https:\/\/arealorcaradio.es\/wp-content\/uploads\/2023\/06\/20230627_094941-scaled.jpg","articleSection":["LORCA"],"inLanguage":"es","potentialAction":[{"@type":"CommentAction","name":"Comment","target":["https:\/\/arealorcaradio.es\/index.php\/2023\/06\/27\/fulgencio-gil-presenta-el-plan-copla-2023-de-la-costa-de-lorca-y-playa-fluvial-de-coy\/#respond"]}]},{"@type":"WebPage","@id":"https:\/\/arealorcaradio.es\/index.php\/2023\/06\/27\/fulgencio-gil-presenta-el-plan-copla-2023-de-la-costa-de-lorca-y-playa-fluvial-de-coy\/","url":"https:\/\/arealorcaradio.es\/index.php\/2023\/06\/27\/fulgencio-gil-presenta-el-plan-copla-2023-de-la-costa-de-lorca-y-playa-fluvial-de-coy\/","name":"Fulgencio Gil presenta el Plan Copla 2023 de la costa de Lorca y playa fluvial de Coy. - AREA LORCA RADIO","isPartOf":{"@id":"https:\/\/arealorcaradio.es\/#website"},"primaryImageOfPage":{"@id":"https:\/\/arealorcaradio.es\/index.php\/2023\/06\/27\/fulgencio-gil-presenta-el-plan-copla-2023-de-la-costa-de-lorca-y-playa-fluvial-de-coy\/#primaryimage"},"image":{"@id":"https:\/\/arealorcaradio.es\/index.php\/2023\/06\/27\/fulgencio-gil-presenta-el-plan-copla-2023-de-la-costa-de-lorca-y-playa-fluvial-de-coy\/#primaryimage"},"thumbnailUrl":"https:\/\/arealorcaradio.es\/wp-content\/uploads\/2023\/06\/20230627_094941-scaled.jpg","datePublished":"2023-06-27T08:21:53+00:00","author":{"@id":"https:\/\/arealorcaradio.es\/#\/schema\/person\/9fae605fc25b0f2c83c1ab207139bd27"},"breadcrumb":{"@id":"https:\/\/arealorcaradio.es\/index.php\/2023\/06\/27\/fulgencio-gil-presenta-el-plan-copla-2023-de-la-costa-de-lorca-y-playa-fluvial-de-coy\/#breadcrumb"},"inLanguage":"es","potentialAction":[{"@type":"ReadAction","target":["https:\/\/arealorcaradio.es\/index.php\/2023\/06\/27\/fulgencio-gil-presenta-el-plan-copla-2023-de-la-costa-de-lorca-y-playa-fluvial-de-coy\/"]}]},{"@type":"ImageObject","inLanguage":"es","@id":"https:\/\/arealorcaradio.es\/index.php\/2023\/06\/27\/fulgencio-gil-presenta-el-plan-copla-2023-de-la-costa-de-lorca-y-playa-fluvial-de-coy\/#primaryimage","url":"https:\/\/arealorcaradio.es\/wp-content\/uploads\/2023\/06\/20230627_094941-scaled.jpg","contentUrl":"https:\/\/arealorcaradio.es\/wp-content\/uploads\/2023\/06\/20230627_094941-scaled.jpg","width":2560,"height":1920},{"@type":"BreadcrumbList","@id":"https:\/\/arealorcaradio.es\/index.php\/2023\/06\/27\/fulgencio-gil-presenta-el-plan-copla-2023-de-la-costa-de-lorca-y-playa-fluvial-de-coy\/#breadcrumb","itemListElement":[{"@type":"ListItem","position":1,"name":"Portada","item":"https:\/\/arealorcaradio.es\/"},{"@type":"ListItem","position":2,"name":"Fulgencio Gil presenta el Plan Copla 2023 de la costa de Lorca y playa fluvial de Coy."}]},{"@type":"WebSite","@id":"https:\/\/arealorcaradio.es\/#website","url":"https:\/\/arealorcaradio.es\/","name":"AREA LORCA RADIO","description":"Descubre la programaci\u00f3n actual en \u00c1rea Lorca Radio, tu fuente de entrenamiento y noticias locales. Sintoniza ahora y mantente conectado online.","potentialAction":[{"@type":"SearchAction","target":{"@type":"EntryPoint","urlTemplate":"https:\/\/arealorcaradio.es\/?s={search_term_string}"},"query-input":{"@type":"PropertyValueSpecification","valueRequired":true,"valueName":"search_term_string"}}],"inLanguage":"es"},{"@type":"Person","@id":"https:\/\/arealorcaradio.es\/#\/schema\/person\/9fae605fc25b0f2c83c1ab207139bd27","name":"Paco S\u00e1nchez","image":{"@type":"ImageObject","inLanguage":"es","@id":"https:\/\/secure.gravatar.com\/avatar\/d67144e966420fb74aa84c9f2a0103be4724fd14db52b52d3b6bca749f257e79?s=96&d=mm&r=g","url":"https:\/\/secure.gravatar.com\/avatar\/d67144e966420fb74aa84c9f2a0103be4724fd14db52b52d3b6bca749f257e79?s=96&d=mm&r=g","contentUrl":"https:\/\/secure.gravatar.com\/avatar\/d67144e966420fb74aa84c9f2a0103be4724fd14db52b52d3b6bca749f257e79?s=96&d=mm&r=g","caption":"Paco S\u00e1nchez"},"sameAs":["https:\/\/arealorcaradio.es"],"url":"https:\/\/arealorcaradio.es\/index.php\/author\/admin_alorcaradio\/"}]}},"_links":{"self":[{"href":"https:\/\/arealorcaradio.es\/index.php\/wp-json\/wp\/v2\/posts\/1083","targetHints":{"allow":["GET"]}}],"collection":[{"href":"https:\/\/arealorcaradio.es\/index.php\/wp-json\/wp\/v2\/posts"}],"about":[{"href":"https:\/\/arealorcaradio.es\/index.php\/wp-json\/wp\/v2\/types\/post"}],"author":[{"embeddable":true,"href":"https:\/\/arealorcaradio.es\/index.php\/wp-json\/wp\/v2\/users\/1"}],"replies":[{"embeddable":true,"href":"https:\/\/arealorcaradio.es\/index.php\/wp-json\/wp\/v2\/comments?post=1083"}],"version-history":[{"count":2,"href":"https:\/\/arealorcaradio.es\/index.php\/wp-json\/wp\/v2\/posts\/1083\/revisions"}],"predecessor-version":[{"id":1091,"href":"https:\/\/arealorcaradio.es\/index.php\/wp-json\/wp\/v2\/posts\/1083\/revisions\/1091"}],"wp:featuredmedia":[{"embeddable":true,"href":"https:\/\/arealorcaradio.es\/index.php\/wp-json\/wp\/v2\/media\/1085"}],"wp:attachment":[{"href":"https:\/\/arealorcaradio.es\/index.php\/wp-json\/wp\/v2\/media?parent=1083"}],"wp:term":[{"taxonomy":"category","embeddable":true,"href":"https:\/\/arealorcaradio.es\/index.php\/wp-json\/wp\/v2\/categories?post=1083"},{"taxonomy":"post_tag","embeddable":true,"href":"https:\/\/arealorcaradio.es\/index.php\/wp-json\/wp\/v2\/tags?post=1083"}],"curies":[{"name":"wp","href":"https:\/\/api.w.org\/{rel}","templated":true}]}}