{"id":10140,"date":"2026-09-03T16:46:13","date_gmt":"2026-09-03T16:46:13","guid":{"rendered":"https:\/\/arealorcaradio.es\/?p=10140"},"modified":"2026-09-03T16:46:13","modified_gmt":"2026-09-03T16:46:13","slug":"el-ayuntamiento-de-lorca-concluye-los-ultimos-detalles-logisticos-para-la-celebracion-de-la-feria-chica","status":"publish","type":"post","link":"https:\/\/arealorcaradio.es\/index.php\/2026\/09\/03\/el-ayuntamiento-de-lorca-concluye-los-ultimos-detalles-logisticos-para-la-celebracion-de-la-feria-chica\/","title":{"rendered":"El Ayuntamiento de Lorca concluye los \u00faltimos detalles log\u00edsticos para la celebraci\u00f3n de la Feria Chica"},"content":{"rendered":"<p><strong>\u00c1REA LORCA RADIO. Actualidad. Paco S\u00e1nchez.<\/strong><\/p>\n<p>Escucha aqu\u00ed la entrevista que ha concedido el concejal de Servicios Industriales y Parques y Jardines, Antonio David S\u00e1nchez Alcaraz a Pasco S\u00e1nchez en el programa magazine de \u00c1rea Lorca Radio.<\/p>\n<audio class=\"wp-audio-shortcode\" id=\"audio-10140-1\" preload=\"none\" style=\"width: 100%;\" controls=\"controls\"><source type=\"audio\/mpeg\" src=\"https:\/\/arealorcaradio.es\/wp-content\/uploads\/2026\/09\/ANTONIO-DAVID-SANCHEZ-ALCARAZ.-FERIA.mp3?_=1\" \/><a href=\"https:\/\/arealorcaradio.es\/wp-content\/uploads\/2026\/09\/ANTONIO-DAVID-SANCHEZ-ALCARAZ.-FERIA.mp3\">https:\/\/arealorcaradio.es\/wp-content\/uploads\/2026\/09\/ANTONIO-DAVID-SANCHEZ-ALCARAZ.-FERIA.mp3<\/a><\/audio>\n<p class=\"v1MsoNormal\"><b><span lang=\"es\">Lorca, 3 de septiembre de 2025.<\/span><\/b><span lang=\"es\">\u00a0Los concejales de Feria y Fiestas y Parques y Jardines y Servicio El\u00e9ctrico del Ayuntamiento de Lorca, Mar\u00eda de las Huertas Garc\u00eda y Antonio David S\u00e1nchez, han trasladado los detalles del operativo extraordinario llevado a cabo desde sus \u00e1reas de cara a la celebraci\u00f3n de las Fiestas Patronales en honor a Santa Mar\u00eda la Real de las Huertas, con el objetivo de ofrecer toda la cobertura log\u00edstica necesaria durante estos d\u00edas, en los que se espera que miles de personas disfruten en las inmediaciones del Santuario Patronal de estas celebraciones de car\u00e1cter tradicional en nuestra ciudad.<\/span><\/p>\n<p class=\"v1MsoNormal\"><b><span lang=\"es\"><img loading=\"lazy\" decoding=\"async\" class=\"alignnone size-medium wp-image-10144\" src=\"https:\/\/arealorcaradio.es\/wp-content\/uploads\/2026\/09\/Imagen-FC-2026-09-03-at-11.10.45-300x200.jpeg\" alt=\"\" width=\"300\" height=\"200\" srcset=\"https:\/\/arealorcaradio.es\/wp-content\/uploads\/2026\/09\/Imagen-FC-2026-09-03-at-11.10.45-300x200.jpeg 300w, https:\/\/arealorcaradio.es\/wp-content\/uploads\/2026\/09\/Imagen-FC-2026-09-03-at-11.10.45-1024x683.jpeg 1024w, https:\/\/arealorcaradio.es\/wp-content\/uploads\/2026\/09\/Imagen-FC-2026-09-03-at-11.10.45-768x512.jpeg 768w, https:\/\/arealorcaradio.es\/wp-content\/uploads\/2026\/09\/Imagen-FC-2026-09-03-at-11.10.45-1536x1024.jpeg 1536w, https:\/\/arealorcaradio.es\/wp-content\/uploads\/2026\/09\/Imagen-FC-2026-09-03-at-11.10.45.jpeg 1600w\" sizes=\"auto, (max-width: 300px) 100vw, 300px\" \/><\/span><\/b><\/p>\n<p class=\"v1MsoNormal\"><b><span lang=\"es\">Con respecto al dispositivo log\u00edstico,<\/span><\/b><span lang=\"es\">\u00a0la Feria Chica cuenta con un escenario de 12&#215;10 metros, que acoger\u00e1 distintos espect\u00e1culos y conciertos, ubicado en la Plaza del Rey Sabio, donde -adem\u00e1s- se colocar\u00e1n multitud de sillas para que los asistentes puedan disfrutar c\u00f3modamente de algunas de las representaciones. Este espacio cuenta tambi\u00e9n con equipos audiovisuales, de iluminaci\u00f3n y sonido, adaptados al &#8216;rider&#8217; t\u00e9cnico de los artistas. Tambi\u00e9n habr\u00e1 camerinos y una valla antiavalancha en los conciertos m\u00e1s destacados: Apache y Merche, que tendr\u00e1n lugar el 4 y 5 de septiembre, respectivamente.\u00a0<\/span><\/p>\n<p class=\"v1MsoNormal\"><span lang=\"es\">\u00a0<\/span><span lang=\"es\">Se contar\u00e1 tambi\u00e9n con numerosos puestos de artesan\u00eda y las t\u00edpicas casetas de productos tradicionales; y, como novedad, se ha sumado este a\u00f1o un joven empresario con una nueva caseta de turr\u00f3n.<\/span><\/p>\n<p class=\"v1MsoNormal\"><span lang=\"es\">Para los m\u00e1s peque\u00f1os, en la calle Padre Isidro Ruiz, m\u00e1s conocido como Puente La P\u00eda, se montar\u00e1 m\u00e1s de una decena de atracciones: camas el\u00e1sticas, coches de choque, carruseles, pista americana, jumping, globo, coches infantiles, adem\u00e1s de t\u00f3mbolas, puestos de comida r\u00e1pida, gofres y churros con chocolate.<\/span><\/p>\n<p class=\"v1MsoNormal\"><span lang=\"es\">Se han instalado aseos qu\u00edmicos, incluido uno para personas con movilidad reducida y, repartidas por toda la zona, tomas de agua provisionales.<\/span><\/p>\n<p class=\"v1MsoNormal\"><span lang=\"es\">Desde el servicio de Parques y Jardines se ha realizado una revisi\u00f3n completa del arbolado, llevando a cabo los trabajos de poda y mantenimiento necesarios, adem\u00e1s de comprobar el buen estado de las zonas ajardinadas con el fin de que todo el entorno presente su mejor imagen durante estos d\u00edas.<\/span><\/p>\n<p class=\"v1MsoNormal\"><span lang=\"es\">Tambi\u00e9n se han revisado las fuentes de la zona, comprobando su correcto funcionamiento y realizando los correspondientes controles y an\u00e1lisis del agua, garantizando que todos los par\u00e1metros se encuentren en perfecto estado para tranquilidad de vecinos y visitantes.<\/span><\/p>\n<p>&nbsp;<\/p>\n<p class=\"v1MsoNormal\"><b><span lang=\"es\">Dentro del acondicionamiento de toda la zona<\/span><\/b><span lang=\"es\">\u00a0y los distintos espacios lim\u00edtrofes, destaca la limpieza integral del solar donde se realiza el tradicional concurso de migas.<\/span><\/p>\n<p class=\"v1MsoNormal\"><span lang=\"es\">Adem\u00e1s, mencionar la implementaci\u00f3n de un plan espec\u00edfico de autoprotecci\u00f3n dirigido a la prevenci\u00f3n y actuaci\u00f3n en caso de emergencia para proteger a las personas, tambi\u00e9n en caso de evacuaci\u00f3n.<\/span><\/p>\n<p class=\"v1MsoNormal\"><span lang=\"es\">Se contar\u00e1, adem\u00e1s, con un &#8216;Punto Seguro&#8217;, un espacio con personal especializado capacitado y con experiencia en asistencia y prevenci\u00f3n de violencia sexual, que no s\u00f3lo ofrecer\u00e1 informaci\u00f3n, sino tambi\u00e9n apoyo y una respuesta directa a las personas que puedan estar en situaci\u00f3n de riesgo, y financiado por el Pacto de Estado.<\/span><\/p>\n<p class=\"v1MsoNormal\"><span lang=\"es\">Cabe recordar que por parte de Limusa se desplegar\u00e1 un operativo especial con m\u00e1s de un centenar de trabajadores y 220 horas extraordinarias de limpieza y recogida de residuos; reforzando especialmente la limpieza al t\u00e9rmino de las actividades y, como novedad, con\u00a0<b>un ret\u00e9n preparado para actuar de manera inmediata, durante todas las jornadas;\u00a0<\/b>incorporando 34 contenedores adicionales.<\/span><\/p>\n<p class=\"v1MsoNormal\"><span lang=\"es\">En definitiva, servicios todos ellos adicionales, que suponen un esfuerzo importante de planificaci\u00f3n previa y de ejecuci\u00f3n, sobre todo, por parte de los funcionarios, t\u00e9cnicos y operarios para responder al incremento de actividad que generan estos d\u00edas.<\/span><\/p>\n<p class=\"v1MsoNormal\">\n","protected":false},"excerpt":{"rendered":"<p>\u00c1REA LORCA RADIO. Actualidad. Paco S\u00e1nchez. Escucha aqu\u00ed la entrevista que ha concedido el concejal de Servicios Industriales y Parques y Jardines, Antonio David S\u00e1nchez Alcaraz a Pasco S\u00e1nchez en el programa magazine de \u00c1rea Lorca Radio. Lorca, 3 de septiembre de 2025.\u00a0Los concejales de Feria y Fiestas y Parques y Jardines y Servicio El\u00e9ctrico [&hellip;]<\/p>\n","protected":false},"author":1,"featured_media":10142,"comment_status":"open","ping_status":"open","sticky":false,"template":"","format":"standard","meta":{"iawp_total_views":1,"footnotes":""},"categories":[5,7],"tags":[],"class_list":["post-10140","post","type-post","status-publish","format-standard","has-post-thumbnail","hentry","category-actualidad","category-lorca"],"yoast_head":"<!-- This site is optimized with the Yoast SEO plugin v28.4 - https:\/\/yoast.com\/product\/yoast-seo-wordpress\/ -->\n<title>El Ayuntamiento de Lorca concluye los \u00faltimos detalles log\u00edsticos para la celebraci\u00f3n de la Feria Chica - AREA LORCA RADIO<\/title>\n<meta name=\"robots\" content=\"index, follow, max-snippet:-1, max-image-preview:large, max-video-preview:-1\" \/>\n<link rel=\"canonical\" href=\"https:\/\/arealorcaradio.es\/index.php\/2026\/09\/03\/el-ayuntamiento-de-lorca-concluye-los-ultimos-detalles-logisticos-para-la-celebracion-de-la-feria-chica\/\" \/>\n<meta property=\"og:locale\" content=\"es_ES\" \/>\n<meta property=\"og:type\" content=\"article\" \/>\n<meta property=\"og:title\" content=\"El Ayuntamiento de Lorca concluye los \u00faltimos detalles log\u00edsticos para la celebraci\u00f3n de la Feria Chica - AREA LORCA RADIO\" \/>\n<meta property=\"og:description\" content=\"\u00c1REA LORCA RADIO. Actualidad. Paco S\u00e1nchez. Escucha aqu\u00ed la entrevista que ha concedido el concejal de Servicios Industriales y Parques y Jardines, Antonio David S\u00e1nchez Alcaraz a Pasco S\u00e1nchez en el programa magazine de \u00c1rea Lorca Radio. Lorca, 3 de septiembre de 2025.\u00a0Los concejales de Feria y Fiestas y Parques y Jardines y Servicio El\u00e9ctrico [&hellip;]\" \/>\n<meta property=\"og:url\" content=\"https:\/\/arealorcaradio.es\/index.php\/2026\/09\/03\/el-ayuntamiento-de-lorca-concluye-los-ultimos-detalles-logisticos-para-la-celebracion-de-la-feria-chica\/\" \/>\n<meta property=\"og:site_name\" content=\"AREA LORCA RADIO\" \/>\n<meta property=\"article:published_time\" content=\"2026-09-03T16:46:13+00:00\" \/>\n<meta property=\"og:image\" content=\"https:\/\/arealorcaradio.es\/wp-content\/uploads\/2026\/09\/20260903_122223-scaled.jpg\" \/>\n\t<meta property=\"og:image:width\" content=\"2560\" \/>\n\t<meta property=\"og:image:height\" content=\"1920\" \/>\n\t<meta property=\"og:image:type\" content=\"image\/jpeg\" \/>\n<meta name=\"author\" content=\"Paco S\u00e1nchez\" \/>\n<meta name=\"twitter:card\" content=\"summary_large_image\" \/>\n<meta name=\"twitter:label1\" content=\"Escrito por\" \/>\n\t<meta name=\"twitter:data1\" content=\"Paco S\u00e1nchez\" \/>\n\t<meta name=\"twitter:label2\" content=\"Tiempo de lectura\" \/>\n\t<meta name=\"twitter:data2\" content=\"4 minutos\" \/>\n<script type=\"application\/ld+json\" class=\"yoast-schema-graph\">{\"@context\":\"https:\\\/\\\/schema.org\",\"@graph\":[{\"@type\":\"Article\",\"@id\":\"https:\\\/\\\/arealorcaradio.es\\\/index.php\\\/2026\\\/09\\\/03\\\/el-ayuntamiento-de-lorca-concluye-los-ultimos-detalles-logisticos-para-la-celebracion-de-la-feria-chica\\\/#article\",\"isPartOf\":{\"@id\":\"https:\\\/\\\/arealorcaradio.es\\\/index.php\\\/2026\\\/09\\\/03\\\/el-ayuntamiento-de-lorca-concluye-los-ultimos-detalles-logisticos-para-la-celebracion-de-la-feria-chica\\\/\"},\"author\":{\"name\":\"Paco S\u00e1nchez\",\"@id\":\"https:\\\/\\\/arealorcaradio.es\\\/#\\\/schema\\\/person\\\/9fae605fc25b0f2c83c1ab207139bd27\"},\"headline\":\"El Ayuntamiento de Lorca concluye los \u00faltimos detalles log\u00edsticos para la celebraci\u00f3n de la Feria Chica\",\"datePublished\":\"2026-09-03T16:46:13+00:00\",\"mainEntityOfPage\":{\"@id\":\"https:\\\/\\\/arealorcaradio.es\\\/index.php\\\/2026\\\/09\\\/03\\\/el-ayuntamiento-de-lorca-concluye-los-ultimos-detalles-logisticos-para-la-celebracion-de-la-feria-chica\\\/\"},\"wordCount\":712,\"commentCount\":0,\"image\":{\"@id\":\"https:\\\/\\\/arealorcaradio.es\\\/index.php\\\/2026\\\/09\\\/03\\\/el-ayuntamiento-de-lorca-concluye-los-ultimos-detalles-logisticos-para-la-celebracion-de-la-feria-chica\\\/#primaryimage\"},\"thumbnailUrl\":\"https:\\\/\\\/arealorcaradio.es\\\/wp-content\\\/uploads\\\/2026\\\/09\\\/20260903_122223-scaled.jpg\",\"articleSection\":[\"ACTUALIDAD\",\"LORCA\"],\"inLanguage\":\"es\",\"potentialAction\":[{\"@type\":\"CommentAction\",\"name\":\"Comment\",\"target\":[\"https:\\\/\\\/arealorcaradio.es\\\/index.php\\\/2026\\\/09\\\/03\\\/el-ayuntamiento-de-lorca-concluye-los-ultimos-detalles-logisticos-para-la-celebracion-de-la-feria-chica\\\/#respond\"]}]},{\"@type\":\"WebPage\",\"@id\":\"https:\\\/\\\/arealorcaradio.es\\\/index.php\\\/2026\\\/09\\\/03\\\/el-ayuntamiento-de-lorca-concluye-los-ultimos-detalles-logisticos-para-la-celebracion-de-la-feria-chica\\\/\",\"url\":\"https:\\\/\\\/arealorcaradio.es\\\/index.php\\\/2026\\\/09\\\/03\\\/el-ayuntamiento-de-lorca-concluye-los-ultimos-detalles-logisticos-para-la-celebracion-de-la-feria-chica\\\/\",\"name\":\"El Ayuntamiento de Lorca concluye los \u00faltimos detalles log\u00edsticos para la celebraci\u00f3n de la Feria Chica - AREA LORCA RADIO\",\"isPartOf\":{\"@id\":\"https:\\\/\\\/arealorcaradio.es\\\/#website\"},\"primaryImageOfPage\":{\"@id\":\"https:\\\/\\\/arealorcaradio.es\\\/index.php\\\/2026\\\/09\\\/03\\\/el-ayuntamiento-de-lorca-concluye-los-ultimos-detalles-logisticos-para-la-celebracion-de-la-feria-chica\\\/#primaryimage\"},\"image\":{\"@id\":\"https:\\\/\\\/arealorcaradio.es\\\/index.php\\\/2026\\\/09\\\/03\\\/el-ayuntamiento-de-lorca-concluye-los-ultimos-detalles-logisticos-para-la-celebracion-de-la-feria-chica\\\/#primaryimage\"},\"thumbnailUrl\":\"https:\\\/\\\/arealorcaradio.es\\\/wp-content\\\/uploads\\\/2026\\\/09\\\/20260903_122223-scaled.jpg\",\"datePublished\":\"2026-09-03T16:46:13+00:00\",\"author\":{\"@id\":\"https:\\\/\\\/arealorcaradio.es\\\/#\\\/schema\\\/person\\\/9fae605fc25b0f2c83c1ab207139bd27\"},\"breadcrumb\":{\"@id\":\"https:\\\/\\\/arealorcaradio.es\\\/index.php\\\/2026\\\/09\\\/03\\\/el-ayuntamiento-de-lorca-concluye-los-ultimos-detalles-logisticos-para-la-celebracion-de-la-feria-chica\\\/#breadcrumb\"},\"inLanguage\":\"es\",\"potentialAction\":[{\"@type\":\"ReadAction\",\"target\":[\"https:\\\/\\\/arealorcaradio.es\\\/index.php\\\/2026\\\/09\\\/03\\\/el-ayuntamiento-de-lorca-concluye-los-ultimos-detalles-logisticos-para-la-celebracion-de-la-feria-chica\\\/\"]}]},{\"@type\":\"ImageObject\",\"inLanguage\":\"es\",\"@id\":\"https:\\\/\\\/arealorcaradio.es\\\/index.php\\\/2026\\\/09\\\/03\\\/el-ayuntamiento-de-lorca-concluye-los-ultimos-detalles-logisticos-para-la-celebracion-de-la-feria-chica\\\/#primaryimage\",\"url\":\"https:\\\/\\\/arealorcaradio.es\\\/wp-content\\\/uploads\\\/2026\\\/09\\\/20260903_122223-scaled.jpg\",\"contentUrl\":\"https:\\\/\\\/arealorcaradio.es\\\/wp-content\\\/uploads\\\/2026\\\/09\\\/20260903_122223-scaled.jpg\",\"width\":2560,\"height\":1920},{\"@type\":\"BreadcrumbList\",\"@id\":\"https:\\\/\\\/arealorcaradio.es\\\/index.php\\\/2026\\\/09\\\/03\\\/el-ayuntamiento-de-lorca-concluye-los-ultimos-detalles-logisticos-para-la-celebracion-de-la-feria-chica\\\/#breadcrumb\",\"itemListElement\":[{\"@type\":\"ListItem\",\"position\":1,\"name\":\"Portada\",\"item\":\"https:\\\/\\\/arealorcaradio.es\\\/\"},{\"@type\":\"ListItem\",\"position\":2,\"name\":\"El Ayuntamiento de Lorca concluye los \u00faltimos detalles log\u00edsticos para la celebraci\u00f3n de la Feria Chica\"}]},{\"@type\":\"WebSite\",\"@id\":\"https:\\\/\\\/arealorcaradio.es\\\/#website\",\"url\":\"https:\\\/\\\/arealorcaradio.es\\\/\",\"name\":\"AREA LORCA RADIO\",\"description\":\"Descubre la programaci\u00f3n actual en \u00c1rea Lorca Radio, tu fuente de entrenamiento y noticias locales. Sintoniza ahora y mantente conectado online.\",\"potentialAction\":[{\"@type\":\"SearchAction\",\"target\":{\"@type\":\"EntryPoint\",\"urlTemplate\":\"https:\\\/\\\/arealorcaradio.es\\\/?s={search_term_string}\"},\"query-input\":{\"@type\":\"PropertyValueSpecification\",\"valueRequired\":true,\"valueName\":\"search_term_string\"}}],\"inLanguage\":\"es\"},{\"@type\":\"Person\",\"@id\":\"https:\\\/\\\/arealorcaradio.es\\\/#\\\/schema\\\/person\\\/9fae605fc25b0f2c83c1ab207139bd27\",\"name\":\"Paco S\u00e1nchez\",\"image\":{\"@type\":\"ImageObject\",\"inLanguage\":\"es\",\"@id\":\"https:\\\/\\\/secure.gravatar.com\\\/avatar\\\/d67144e966420fb74aa84c9f2a0103be4724fd14db52b52d3b6bca749f257e79?s=96&d=mm&r=g\",\"url\":\"https:\\\/\\\/secure.gravatar.com\\\/avatar\\\/d67144e966420fb74aa84c9f2a0103be4724fd14db52b52d3b6bca749f257e79?s=96&d=mm&r=g\",\"contentUrl\":\"https:\\\/\\\/secure.gravatar.com\\\/avatar\\\/d67144e966420fb74aa84c9f2a0103be4724fd14db52b52d3b6bca749f257e79?s=96&d=mm&r=g\",\"caption\":\"Paco S\u00e1nchez\"},\"sameAs\":[\"https:\\\/\\\/arealorcaradio.es\"],\"url\":\"https:\\\/\\\/arealorcaradio.es\\\/index.php\\\/author\\\/admin_alorcaradio\\\/\"}]}<\/script>\n<!-- \/ Yoast SEO plugin. -->","yoast_head_json":{"title":"El Ayuntamiento de Lorca concluye los \u00faltimos detalles log\u00edsticos para la celebraci\u00f3n de la Feria Chica - AREA LORCA RADIO","robots":{"index":"index","follow":"follow","max-snippet":"max-snippet:-1","max-image-preview":"max-image-preview:large","max-video-preview":"max-video-preview:-1"},"canonical":"https:\/\/arealorcaradio.es\/index.php\/2026\/09\/03\/el-ayuntamiento-de-lorca-concluye-los-ultimos-detalles-logisticos-para-la-celebracion-de-la-feria-chica\/","og_locale":"es_ES","og_type":"article","og_title":"El Ayuntamiento de Lorca concluye los \u00faltimos detalles log\u00edsticos para la celebraci\u00f3n de la Feria Chica - AREA LORCA RADIO","og_description":"\u00c1REA LORCA RADIO. Actualidad. Paco S\u00e1nchez. Escucha aqu\u00ed la entrevista que ha concedido el concejal de Servicios Industriales y Parques y Jardines, Antonio David S\u00e1nchez Alcaraz a Pasco S\u00e1nchez en el programa magazine de \u00c1rea Lorca Radio. Lorca, 3 de septiembre de 2025.\u00a0Los concejales de Feria y Fiestas y Parques y Jardines y Servicio El\u00e9ctrico [&hellip;]","og_url":"https:\/\/arealorcaradio.es\/index.php\/2026\/09\/03\/el-ayuntamiento-de-lorca-concluye-los-ultimos-detalles-logisticos-para-la-celebracion-de-la-feria-chica\/","og_site_name":"AREA LORCA RADIO","article_published_time":"2026-09-03T16:46:13+00:00","og_image":[{"width":2560,"height":1920,"url":"https:\/\/arealorcaradio.es\/wp-content\/uploads\/2026\/09\/20260903_122223-scaled.jpg","type":"image\/jpeg"}],"author":"Paco S\u00e1nchez","twitter_card":"summary_large_image","twitter_misc":{"Escrito por":"Paco S\u00e1nchez","Tiempo de lectura":"4 minutos"},"schema":{"@context":"https:\/\/schema.org","@graph":[{"@type":"Article","@id":"https:\/\/arealorcaradio.es\/index.php\/2026\/09\/03\/el-ayuntamiento-de-lorca-concluye-los-ultimos-detalles-logisticos-para-la-celebracion-de-la-feria-chica\/#article","isPartOf":{"@id":"https:\/\/arealorcaradio.es\/index.php\/2026\/09\/03\/el-ayuntamiento-de-lorca-concluye-los-ultimos-detalles-logisticos-para-la-celebracion-de-la-feria-chica\/"},"author":{"name":"Paco S\u00e1nchez","@id":"https:\/\/arealorcaradio.es\/#\/schema\/person\/9fae605fc25b0f2c83c1ab207139bd27"},"headline":"El Ayuntamiento de Lorca concluye los \u00faltimos detalles log\u00edsticos para la celebraci\u00f3n de la Feria Chica","datePublished":"2026-09-03T16:46:13+00:00","mainEntityOfPage":{"@id":"https:\/\/arealorcaradio.es\/index.php\/2026\/09\/03\/el-ayuntamiento-de-lorca-concluye-los-ultimos-detalles-logisticos-para-la-celebracion-de-la-feria-chica\/"},"wordCount":712,"commentCount":0,"image":{"@id":"https:\/\/arealorcaradio.es\/index.php\/2026\/09\/03\/el-ayuntamiento-de-lorca-concluye-los-ultimos-detalles-logisticos-para-la-celebracion-de-la-feria-chica\/#primaryimage"},"thumbnailUrl":"https:\/\/arealorcaradio.es\/wp-content\/uploads\/2026\/09\/20260903_122223-scaled.jpg","articleSection":["ACTUALIDAD","LORCA"],"inLanguage":"es","potentialAction":[{"@type":"CommentAction","name":"Comment","target":["https:\/\/arealorcaradio.es\/index.php\/2026\/09\/03\/el-ayuntamiento-de-lorca-concluye-los-ultimos-detalles-logisticos-para-la-celebracion-de-la-feria-chica\/#respond"]}]},{"@type":"WebPage","@id":"https:\/\/arealorcaradio.es\/index.php\/2026\/09\/03\/el-ayuntamiento-de-lorca-concluye-los-ultimos-detalles-logisticos-para-la-celebracion-de-la-feria-chica\/","url":"https:\/\/arealorcaradio.es\/index.php\/2026\/09\/03\/el-ayuntamiento-de-lorca-concluye-los-ultimos-detalles-logisticos-para-la-celebracion-de-la-feria-chica\/","name":"El Ayuntamiento de Lorca concluye los \u00faltimos detalles log\u00edsticos para la celebraci\u00f3n de la Feria Chica - AREA LORCA RADIO","isPartOf":{"@id":"https:\/\/arealorcaradio.es\/#website"},"primaryImageOfPage":{"@id":"https:\/\/arealorcaradio.es\/index.php\/2026\/09\/03\/el-ayuntamiento-de-lorca-concluye-los-ultimos-detalles-logisticos-para-la-celebracion-de-la-feria-chica\/#primaryimage"},"image":{"@id":"https:\/\/arealorcaradio.es\/index.php\/2026\/09\/03\/el-ayuntamiento-de-lorca-concluye-los-ultimos-detalles-logisticos-para-la-celebracion-de-la-feria-chica\/#primaryimage"},"thumbnailUrl":"https:\/\/arealorcaradio.es\/wp-content\/uploads\/2026\/09\/20260903_122223-scaled.jpg","datePublished":"2026-09-03T16:46:13+00:00","author":{"@id":"https:\/\/arealorcaradio.es\/#\/schema\/person\/9fae605fc25b0f2c83c1ab207139bd27"},"breadcrumb":{"@id":"https:\/\/arealorcaradio.es\/index.php\/2026\/09\/03\/el-ayuntamiento-de-lorca-concluye-los-ultimos-detalles-logisticos-para-la-celebracion-de-la-feria-chica\/#breadcrumb"},"inLanguage":"es","potentialAction":[{"@type":"ReadAction","target":["https:\/\/arealorcaradio.es\/index.php\/2026\/09\/03\/el-ayuntamiento-de-lorca-concluye-los-ultimos-detalles-logisticos-para-la-celebracion-de-la-feria-chica\/"]}]},{"@type":"ImageObject","inLanguage":"es","@id":"https:\/\/arealorcaradio.es\/index.php\/2026\/09\/03\/el-ayuntamiento-de-lorca-concluye-los-ultimos-detalles-logisticos-para-la-celebracion-de-la-feria-chica\/#primaryimage","url":"https:\/\/arealorcaradio.es\/wp-content\/uploads\/2026\/09\/20260903_122223-scaled.jpg","contentUrl":"https:\/\/arealorcaradio.es\/wp-content\/uploads\/2026\/09\/20260903_122223-scaled.jpg","width":2560,"height":1920},{"@type":"BreadcrumbList","@id":"https:\/\/arealorcaradio.es\/index.php\/2026\/09\/03\/el-ayuntamiento-de-lorca-concluye-los-ultimos-detalles-logisticos-para-la-celebracion-de-la-feria-chica\/#breadcrumb","itemListElement":[{"@type":"ListItem","position":1,"name":"Portada","item":"https:\/\/arealorcaradio.es\/"},{"@type":"ListItem","position":2,"name":"El Ayuntamiento de Lorca concluye los \u00faltimos detalles log\u00edsticos para la celebraci\u00f3n de la Feria Chica"}]},{"@type":"WebSite","@id":"https:\/\/arealorcaradio.es\/#website","url":"https:\/\/arealorcaradio.es\/","name":"AREA LORCA RADIO","description":"Descubre la programaci\u00f3n actual en \u00c1rea Lorca Radio, tu fuente de entrenamiento y noticias locales. Sintoniza ahora y mantente conectado online.","potentialAction":[{"@type":"SearchAction","target":{"@type":"EntryPoint","urlTemplate":"https:\/\/arealorcaradio.es\/?s={search_term_string}"},"query-input":{"@type":"PropertyValueSpecification","valueRequired":true,"valueName":"search_term_string"}}],"inLanguage":"es"},{"@type":"Person","@id":"https:\/\/arealorcaradio.es\/#\/schema\/person\/9fae605fc25b0f2c83c1ab207139bd27","name":"Paco S\u00e1nchez","image":{"@type":"ImageObject","inLanguage":"es","@id":"https:\/\/secure.gravatar.com\/avatar\/d67144e966420fb74aa84c9f2a0103be4724fd14db52b52d3b6bca749f257e79?s=96&d=mm&r=g","url":"https:\/\/secure.gravatar.com\/avatar\/d67144e966420fb74aa84c9f2a0103be4724fd14db52b52d3b6bca749f257e79?s=96&d=mm&r=g","contentUrl":"https:\/\/secure.gravatar.com\/avatar\/d67144e966420fb74aa84c9f2a0103be4724fd14db52b52d3b6bca749f257e79?s=96&d=mm&r=g","caption":"Paco S\u00e1nchez"},"sameAs":["https:\/\/arealorcaradio.es"],"url":"https:\/\/arealorcaradio.es\/index.php\/author\/admin_alorcaradio\/"}]}},"_links":{"self":[{"href":"https:\/\/arealorcaradio.es\/index.php\/wp-json\/wp\/v2\/posts\/10140","targetHints":{"allow":["GET"]}}],"collection":[{"href":"https:\/\/arealorcaradio.es\/index.php\/wp-json\/wp\/v2\/posts"}],"about":[{"href":"https:\/\/arealorcaradio.es\/index.php\/wp-json\/wp\/v2\/types\/post"}],"author":[{"embeddable":true,"href":"https:\/\/arealorcaradio.es\/index.php\/wp-json\/wp\/v2\/users\/1"}],"replies":[{"embeddable":true,"href":"https:\/\/arealorcaradio.es\/index.php\/wp-json\/wp\/v2\/comments?post=10140"}],"version-history":[{"count":2,"href":"https:\/\/arealorcaradio.es\/index.php\/wp-json\/wp\/v2\/posts\/10140\/revisions"}],"predecessor-version":[{"id":10145,"href":"https:\/\/arealorcaradio.es\/index.php\/wp-json\/wp\/v2\/posts\/10140\/revisions\/10145"}],"wp:featuredmedia":[{"embeddable":true,"href":"https:\/\/arealorcaradio.es\/index.php\/wp-json\/wp\/v2\/media\/10142"}],"wp:attachment":[{"href":"https:\/\/arealorcaradio.es\/index.php\/wp-json\/wp\/v2\/media?parent=10140"}],"wp:term":[{"taxonomy":"category","embeddable":true,"href":"https:\/\/arealorcaradio.es\/index.php\/wp-json\/wp\/v2\/categories?post=10140"},{"taxonomy":"post_tag","embeddable":true,"href":"https:\/\/arealorcaradio.es\/index.php\/wp-json\/wp\/v2\/tags?post=10140"}],"curies":[{"name":"wp","href":"https:\/\/api.w.org\/{rel}","templated":true}]}}