{"id":10130,"date":"2026-09-03T08:28:31","date_gmt":"2026-09-03T08:28:31","guid":{"rendered":"https:\/\/arealorcaradio.es\/?p=10130"},"modified":"2026-09-03T08:28:31","modified_gmt":"2026-09-03T08:28:31","slug":"jon-echepare-taberna-uno-de-los-nutricionistas-del-team-cofidis-reside-en-lorca","status":"publish","type":"post","link":"https:\/\/arealorcaradio.es\/index.php\/2026\/09\/03\/jon-echepare-taberna-uno-de-los-nutricionistas-del-team-cofidis-reside-en-lorca\/","title":{"rendered":"Jon Echepare Taberna, uno de los nutricionistas del Team Cofidis, reside en Lorca"},"content":{"rendered":"<p><strong>\u00c1REA LORCA RADIO. Deportes. Paco S\u00e1nchez.<\/strong><\/p>\n<p>Escucha aqu\u00ed la entrevista que ha concedido a Paco S\u00e1nchez en el programa deportivo de \u00c1rea Lorca Radio, el nutricionista del Team Cofidis, Jon Echepare Taberna, natural de la localidad navarra de Vera de Bidasoa.<\/p>\n<audio class=\"wp-audio-shortcode\" id=\"audio-10130-1\" preload=\"none\" style=\"width: 100%;\" controls=\"controls\"><source type=\"audio\/mpeg\" src=\"https:\/\/arealorcaradio.es\/wp-content\/uploads\/2026\/09\/020926-JON-ECHEPARE.mp3?_=1\" \/><a href=\"https:\/\/arealorcaradio.es\/wp-content\/uploads\/2026\/09\/020926-JON-ECHEPARE.mp3\">https:\/\/arealorcaradio.es\/wp-content\/uploads\/2026\/09\/020926-JON-ECHEPARE.mp3<\/a><\/audio>\n<p>Los estudios trajeron hasta la Regi\u00f3n de Murcia a Jon Echepare Taberna, poco despu\u00e9s conoci\u00f3 a su pareja, una lorquina que ha hecho que el nutricionista navarro, actualmente resida en Lorca.<\/p>\n<p>Jon, forma parte de un equipo de tres nutricionistas que forman parte del Team Cofidis, equipo franc\u00e9s que en la actualidad est\u00e1 en la categor\u00eda UCI ProTour.<\/p>\n<p><img loading=\"lazy\" decoding=\"async\" class=\"alignnone size-medium wp-image-10131\" src=\"https:\/\/arealorcaradio.es\/wp-content\/uploads\/2026\/09\/foto-equipo-cofidis-300x223.webp\" alt=\"\" width=\"300\" height=\"223\" srcset=\"https:\/\/arealorcaradio.es\/wp-content\/uploads\/2026\/09\/foto-equipo-cofidis-300x223.webp 300w, https:\/\/arealorcaradio.es\/wp-content\/uploads\/2026\/09\/foto-equipo-cofidis-86x64.webp 86w, https:\/\/arealorcaradio.es\/wp-content\/uploads\/2026\/09\/foto-equipo-cofidis.webp 642w\" sizes=\"auto, (max-width: 300px) 100vw, 300px\" \/><\/p>\n","protected":false},"excerpt":{"rendered":"<p>\u00c1REA LORCA RADIO. Deportes. Paco S\u00e1nchez. Escucha aqu\u00ed la entrevista que ha concedido a Paco S\u00e1nchez en el programa deportivo de \u00c1rea Lorca Radio, el nutricionista del Team Cofidis, Jon Echepare Taberna, natural de la localidad navarra de Vera de Bidasoa. Los estudios trajeron hasta la Regi\u00f3n de Murcia a Jon Echepare Taberna, poco despu\u00e9s [&hellip;]<\/p>\n","protected":false},"author":1,"featured_media":10133,"comment_status":"open","ping_status":"open","sticky":false,"template":"","format":"standard","meta":{"iawp_total_views":46,"footnotes":""},"categories":[4,7],"tags":[],"class_list":["post-10130","post","type-post","status-publish","format-standard","has-post-thumbnail","hentry","category-deportes","category-lorca"],"yoast_head":"<!-- This site is optimized with the Yoast SEO plugin v28.4 - https:\/\/yoast.com\/product\/yoast-seo-wordpress\/ -->\n<title>Jon Echepare Taberna, uno de los nutricionistas del Team Cofidis, reside en Lorca - AREA LORCA RADIO<\/title>\n<meta name=\"robots\" content=\"index, follow, max-snippet:-1, max-image-preview:large, max-video-preview:-1\" \/>\n<link rel=\"canonical\" href=\"https:\/\/arealorcaradio.es\/index.php\/2026\/09\/03\/jon-echepare-taberna-uno-de-los-nutricionistas-del-team-cofidis-reside-en-lorca\/\" \/>\n<meta property=\"og:locale\" content=\"es_ES\" \/>\n<meta property=\"og:type\" content=\"article\" \/>\n<meta property=\"og:title\" content=\"Jon Echepare Taberna, uno de los nutricionistas del Team Cofidis, reside en Lorca - AREA LORCA RADIO\" \/>\n<meta property=\"og:description\" content=\"\u00c1REA LORCA RADIO. Deportes. Paco S\u00e1nchez. Escucha aqu\u00ed la entrevista que ha concedido a Paco S\u00e1nchez en el programa deportivo de \u00c1rea Lorca Radio, el nutricionista del Team Cofidis, Jon Echepare Taberna, natural de la localidad navarra de Vera de Bidasoa. Los estudios trajeron hasta la Regi\u00f3n de Murcia a Jon Echepare Taberna, poco despu\u00e9s [&hellip;]\" \/>\n<meta property=\"og:url\" content=\"https:\/\/arealorcaradio.es\/index.php\/2026\/09\/03\/jon-echepare-taberna-uno-de-los-nutricionistas-del-team-cofidis-reside-en-lorca\/\" \/>\n<meta property=\"og:site_name\" content=\"AREA LORCA RADIO\" \/>\n<meta property=\"article:published_time\" content=\"2026-09-03T08:28:31+00:00\" \/>\n<meta property=\"og:image\" content=\"https:\/\/arealorcaradio.es\/wp-content\/uploads\/2026\/09\/Jon-Echepare.-Nutricionista-Cofidis-scaled.jpg\" \/>\n\t<meta property=\"og:image:width\" content=\"2560\" \/>\n\t<meta property=\"og:image:height\" content=\"1920\" \/>\n\t<meta property=\"og:image:type\" content=\"image\/jpeg\" \/>\n<meta name=\"author\" content=\"Paco S\u00e1nchez\" \/>\n<meta name=\"twitter:card\" content=\"summary_large_image\" \/>\n<meta name=\"twitter:label1\" content=\"Escrito por\" \/>\n\t<meta name=\"twitter:data1\" content=\"Paco S\u00e1nchez\" \/>\n\t<meta name=\"twitter:label2\" content=\"Tiempo de lectura\" \/>\n\t<meta name=\"twitter:data2\" content=\"1 minuto\" \/>\n<script type=\"application\/ld+json\" class=\"yoast-schema-graph\">{\"@context\":\"https:\\\/\\\/schema.org\",\"@graph\":[{\"@type\":\"Article\",\"@id\":\"https:\\\/\\\/arealorcaradio.es\\\/index.php\\\/2026\\\/09\\\/03\\\/jon-echepare-taberna-uno-de-los-nutricionistas-del-team-cofidis-reside-en-lorca\\\/#article\",\"isPartOf\":{\"@id\":\"https:\\\/\\\/arealorcaradio.es\\\/index.php\\\/2026\\\/09\\\/03\\\/jon-echepare-taberna-uno-de-los-nutricionistas-del-team-cofidis-reside-en-lorca\\\/\"},\"author\":{\"name\":\"Paco S\u00e1nchez\",\"@id\":\"https:\\\/\\\/arealorcaradio.es\\\/#\\\/schema\\\/person\\\/9fae605fc25b0f2c83c1ab207139bd27\"},\"headline\":\"Jon Echepare Taberna, uno de los nutricionistas del Team Cofidis, reside en Lorca\",\"datePublished\":\"2026-09-03T08:28:31+00:00\",\"mainEntityOfPage\":{\"@id\":\"https:\\\/\\\/arealorcaradio.es\\\/index.php\\\/2026\\\/09\\\/03\\\/jon-echepare-taberna-uno-de-los-nutricionistas-del-team-cofidis-reside-en-lorca\\\/\"},\"wordCount\":128,\"commentCount\":0,\"image\":{\"@id\":\"https:\\\/\\\/arealorcaradio.es\\\/index.php\\\/2026\\\/09\\\/03\\\/jon-echepare-taberna-uno-de-los-nutricionistas-del-team-cofidis-reside-en-lorca\\\/#primaryimage\"},\"thumbnailUrl\":\"https:\\\/\\\/arealorcaradio.es\\\/wp-content\\\/uploads\\\/2026\\\/09\\\/Jon-Echepare.-Nutricionista-Cofidis-scaled.jpg\",\"articleSection\":[\"DEPORTES\",\"LORCA\"],\"inLanguage\":\"es\",\"potentialAction\":[{\"@type\":\"CommentAction\",\"name\":\"Comment\",\"target\":[\"https:\\\/\\\/arealorcaradio.es\\\/index.php\\\/2026\\\/09\\\/03\\\/jon-echepare-taberna-uno-de-los-nutricionistas-del-team-cofidis-reside-en-lorca\\\/#respond\"]}]},{\"@type\":\"WebPage\",\"@id\":\"https:\\\/\\\/arealorcaradio.es\\\/index.php\\\/2026\\\/09\\\/03\\\/jon-echepare-taberna-uno-de-los-nutricionistas-del-team-cofidis-reside-en-lorca\\\/\",\"url\":\"https:\\\/\\\/arealorcaradio.es\\\/index.php\\\/2026\\\/09\\\/03\\\/jon-echepare-taberna-uno-de-los-nutricionistas-del-team-cofidis-reside-en-lorca\\\/\",\"name\":\"Jon Echepare Taberna, uno de los nutricionistas del Team Cofidis, reside en Lorca - AREA LORCA RADIO\",\"isPartOf\":{\"@id\":\"https:\\\/\\\/arealorcaradio.es\\\/#website\"},\"primaryImageOfPage\":{\"@id\":\"https:\\\/\\\/arealorcaradio.es\\\/index.php\\\/2026\\\/09\\\/03\\\/jon-echepare-taberna-uno-de-los-nutricionistas-del-team-cofidis-reside-en-lorca\\\/#primaryimage\"},\"image\":{\"@id\":\"https:\\\/\\\/arealorcaradio.es\\\/index.php\\\/2026\\\/09\\\/03\\\/jon-echepare-taberna-uno-de-los-nutricionistas-del-team-cofidis-reside-en-lorca\\\/#primaryimage\"},\"thumbnailUrl\":\"https:\\\/\\\/arealorcaradio.es\\\/wp-content\\\/uploads\\\/2026\\\/09\\\/Jon-Echepare.-Nutricionista-Cofidis-scaled.jpg\",\"datePublished\":\"2026-09-03T08:28:31+00:00\",\"author\":{\"@id\":\"https:\\\/\\\/arealorcaradio.es\\\/#\\\/schema\\\/person\\\/9fae605fc25b0f2c83c1ab207139bd27\"},\"breadcrumb\":{\"@id\":\"https:\\\/\\\/arealorcaradio.es\\\/index.php\\\/2026\\\/09\\\/03\\\/jon-echepare-taberna-uno-de-los-nutricionistas-del-team-cofidis-reside-en-lorca\\\/#breadcrumb\"},\"inLanguage\":\"es\",\"potentialAction\":[{\"@type\":\"ReadAction\",\"target\":[\"https:\\\/\\\/arealorcaradio.es\\\/index.php\\\/2026\\\/09\\\/03\\\/jon-echepare-taberna-uno-de-los-nutricionistas-del-team-cofidis-reside-en-lorca\\\/\"]}]},{\"@type\":\"ImageObject\",\"inLanguage\":\"es\",\"@id\":\"https:\\\/\\\/arealorcaradio.es\\\/index.php\\\/2026\\\/09\\\/03\\\/jon-echepare-taberna-uno-de-los-nutricionistas-del-team-cofidis-reside-en-lorca\\\/#primaryimage\",\"url\":\"https:\\\/\\\/arealorcaradio.es\\\/wp-content\\\/uploads\\\/2026\\\/09\\\/Jon-Echepare.-Nutricionista-Cofidis-scaled.jpg\",\"contentUrl\":\"https:\\\/\\\/arealorcaradio.es\\\/wp-content\\\/uploads\\\/2026\\\/09\\\/Jon-Echepare.-Nutricionista-Cofidis-scaled.jpg\",\"width\":2560,\"height\":1920},{\"@type\":\"BreadcrumbList\",\"@id\":\"https:\\\/\\\/arealorcaradio.es\\\/index.php\\\/2026\\\/09\\\/03\\\/jon-echepare-taberna-uno-de-los-nutricionistas-del-team-cofidis-reside-en-lorca\\\/#breadcrumb\",\"itemListElement\":[{\"@type\":\"ListItem\",\"position\":1,\"name\":\"Portada\",\"item\":\"https:\\\/\\\/arealorcaradio.es\\\/\"},{\"@type\":\"ListItem\",\"position\":2,\"name\":\"Jon Echepare Taberna, uno de los nutricionistas del Team Cofidis, reside en Lorca\"}]},{\"@type\":\"WebSite\",\"@id\":\"https:\\\/\\\/arealorcaradio.es\\\/#website\",\"url\":\"https:\\\/\\\/arealorcaradio.es\\\/\",\"name\":\"AREA LORCA RADIO\",\"description\":\"Descubre la programaci\u00f3n actual en \u00c1rea Lorca Radio, tu fuente de entrenamiento y noticias locales. Sintoniza ahora y mantente conectado online.\",\"potentialAction\":[{\"@type\":\"SearchAction\",\"target\":{\"@type\":\"EntryPoint\",\"urlTemplate\":\"https:\\\/\\\/arealorcaradio.es\\\/?s={search_term_string}\"},\"query-input\":{\"@type\":\"PropertyValueSpecification\",\"valueRequired\":true,\"valueName\":\"search_term_string\"}}],\"inLanguage\":\"es\"},{\"@type\":\"Person\",\"@id\":\"https:\\\/\\\/arealorcaradio.es\\\/#\\\/schema\\\/person\\\/9fae605fc25b0f2c83c1ab207139bd27\",\"name\":\"Paco S\u00e1nchez\",\"image\":{\"@type\":\"ImageObject\",\"inLanguage\":\"es\",\"@id\":\"https:\\\/\\\/secure.gravatar.com\\\/avatar\\\/d67144e966420fb74aa84c9f2a0103be4724fd14db52b52d3b6bca749f257e79?s=96&d=mm&r=g\",\"url\":\"https:\\\/\\\/secure.gravatar.com\\\/avatar\\\/d67144e966420fb74aa84c9f2a0103be4724fd14db52b52d3b6bca749f257e79?s=96&d=mm&r=g\",\"contentUrl\":\"https:\\\/\\\/secure.gravatar.com\\\/avatar\\\/d67144e966420fb74aa84c9f2a0103be4724fd14db52b52d3b6bca749f257e79?s=96&d=mm&r=g\",\"caption\":\"Paco S\u00e1nchez\"},\"sameAs\":[\"https:\\\/\\\/arealorcaradio.es\"],\"url\":\"https:\\\/\\\/arealorcaradio.es\\\/index.php\\\/author\\\/admin_alorcaradio\\\/\"}]}<\/script>\n<!-- \/ Yoast SEO plugin. -->","yoast_head_json":{"title":"Jon Echepare Taberna, uno de los nutricionistas del Team Cofidis, reside en Lorca - AREA LORCA RADIO","robots":{"index":"index","follow":"follow","max-snippet":"max-snippet:-1","max-image-preview":"max-image-preview:large","max-video-preview":"max-video-preview:-1"},"canonical":"https:\/\/arealorcaradio.es\/index.php\/2026\/09\/03\/jon-echepare-taberna-uno-de-los-nutricionistas-del-team-cofidis-reside-en-lorca\/","og_locale":"es_ES","og_type":"article","og_title":"Jon Echepare Taberna, uno de los nutricionistas del Team Cofidis, reside en Lorca - AREA LORCA RADIO","og_description":"\u00c1REA LORCA RADIO. Deportes. Paco S\u00e1nchez. Escucha aqu\u00ed la entrevista que ha concedido a Paco S\u00e1nchez en el programa deportivo de \u00c1rea Lorca Radio, el nutricionista del Team Cofidis, Jon Echepare Taberna, natural de la localidad navarra de Vera de Bidasoa. Los estudios trajeron hasta la Regi\u00f3n de Murcia a Jon Echepare Taberna, poco despu\u00e9s [&hellip;]","og_url":"https:\/\/arealorcaradio.es\/index.php\/2026\/09\/03\/jon-echepare-taberna-uno-de-los-nutricionistas-del-team-cofidis-reside-en-lorca\/","og_site_name":"AREA LORCA RADIO","article_published_time":"2026-09-03T08:28:31+00:00","og_image":[{"width":2560,"height":1920,"url":"https:\/\/arealorcaradio.es\/wp-content\/uploads\/2026\/09\/Jon-Echepare.-Nutricionista-Cofidis-scaled.jpg","type":"image\/jpeg"}],"author":"Paco S\u00e1nchez","twitter_card":"summary_large_image","twitter_misc":{"Escrito por":"Paco S\u00e1nchez","Tiempo de lectura":"1 minuto"},"schema":{"@context":"https:\/\/schema.org","@graph":[{"@type":"Article","@id":"https:\/\/arealorcaradio.es\/index.php\/2026\/09\/03\/jon-echepare-taberna-uno-de-los-nutricionistas-del-team-cofidis-reside-en-lorca\/#article","isPartOf":{"@id":"https:\/\/arealorcaradio.es\/index.php\/2026\/09\/03\/jon-echepare-taberna-uno-de-los-nutricionistas-del-team-cofidis-reside-en-lorca\/"},"author":{"name":"Paco S\u00e1nchez","@id":"https:\/\/arealorcaradio.es\/#\/schema\/person\/9fae605fc25b0f2c83c1ab207139bd27"},"headline":"Jon Echepare Taberna, uno de los nutricionistas del Team Cofidis, reside en Lorca","datePublished":"2026-09-03T08:28:31+00:00","mainEntityOfPage":{"@id":"https:\/\/arealorcaradio.es\/index.php\/2026\/09\/03\/jon-echepare-taberna-uno-de-los-nutricionistas-del-team-cofidis-reside-en-lorca\/"},"wordCount":128,"commentCount":0,"image":{"@id":"https:\/\/arealorcaradio.es\/index.php\/2026\/09\/03\/jon-echepare-taberna-uno-de-los-nutricionistas-del-team-cofidis-reside-en-lorca\/#primaryimage"},"thumbnailUrl":"https:\/\/arealorcaradio.es\/wp-content\/uploads\/2026\/09\/Jon-Echepare.-Nutricionista-Cofidis-scaled.jpg","articleSection":["DEPORTES","LORCA"],"inLanguage":"es","potentialAction":[{"@type":"CommentAction","name":"Comment","target":["https:\/\/arealorcaradio.es\/index.php\/2026\/09\/03\/jon-echepare-taberna-uno-de-los-nutricionistas-del-team-cofidis-reside-en-lorca\/#respond"]}]},{"@type":"WebPage","@id":"https:\/\/arealorcaradio.es\/index.php\/2026\/09\/03\/jon-echepare-taberna-uno-de-los-nutricionistas-del-team-cofidis-reside-en-lorca\/","url":"https:\/\/arealorcaradio.es\/index.php\/2026\/09\/03\/jon-echepare-taberna-uno-de-los-nutricionistas-del-team-cofidis-reside-en-lorca\/","name":"Jon Echepare Taberna, uno de los nutricionistas del Team Cofidis, reside en Lorca - AREA LORCA RADIO","isPartOf":{"@id":"https:\/\/arealorcaradio.es\/#website"},"primaryImageOfPage":{"@id":"https:\/\/arealorcaradio.es\/index.php\/2026\/09\/03\/jon-echepare-taberna-uno-de-los-nutricionistas-del-team-cofidis-reside-en-lorca\/#primaryimage"},"image":{"@id":"https:\/\/arealorcaradio.es\/index.php\/2026\/09\/03\/jon-echepare-taberna-uno-de-los-nutricionistas-del-team-cofidis-reside-en-lorca\/#primaryimage"},"thumbnailUrl":"https:\/\/arealorcaradio.es\/wp-content\/uploads\/2026\/09\/Jon-Echepare.-Nutricionista-Cofidis-scaled.jpg","datePublished":"2026-09-03T08:28:31+00:00","author":{"@id":"https:\/\/arealorcaradio.es\/#\/schema\/person\/9fae605fc25b0f2c83c1ab207139bd27"},"breadcrumb":{"@id":"https:\/\/arealorcaradio.es\/index.php\/2026\/09\/03\/jon-echepare-taberna-uno-de-los-nutricionistas-del-team-cofidis-reside-en-lorca\/#breadcrumb"},"inLanguage":"es","potentialAction":[{"@type":"ReadAction","target":["https:\/\/arealorcaradio.es\/index.php\/2026\/09\/03\/jon-echepare-taberna-uno-de-los-nutricionistas-del-team-cofidis-reside-en-lorca\/"]}]},{"@type":"ImageObject","inLanguage":"es","@id":"https:\/\/arealorcaradio.es\/index.php\/2026\/09\/03\/jon-echepare-taberna-uno-de-los-nutricionistas-del-team-cofidis-reside-en-lorca\/#primaryimage","url":"https:\/\/arealorcaradio.es\/wp-content\/uploads\/2026\/09\/Jon-Echepare.-Nutricionista-Cofidis-scaled.jpg","contentUrl":"https:\/\/arealorcaradio.es\/wp-content\/uploads\/2026\/09\/Jon-Echepare.-Nutricionista-Cofidis-scaled.jpg","width":2560,"height":1920},{"@type":"BreadcrumbList","@id":"https:\/\/arealorcaradio.es\/index.php\/2026\/09\/03\/jon-echepare-taberna-uno-de-los-nutricionistas-del-team-cofidis-reside-en-lorca\/#breadcrumb","itemListElement":[{"@type":"ListItem","position":1,"name":"Portada","item":"https:\/\/arealorcaradio.es\/"},{"@type":"ListItem","position":2,"name":"Jon Echepare Taberna, uno de los nutricionistas del Team Cofidis, reside en Lorca"}]},{"@type":"WebSite","@id":"https:\/\/arealorcaradio.es\/#website","url":"https:\/\/arealorcaradio.es\/","name":"AREA LORCA RADIO","description":"Descubre la programaci\u00f3n actual en \u00c1rea Lorca Radio, tu fuente de entrenamiento y noticias locales. Sintoniza ahora y mantente conectado online.","potentialAction":[{"@type":"SearchAction","target":{"@type":"EntryPoint","urlTemplate":"https:\/\/arealorcaradio.es\/?s={search_term_string}"},"query-input":{"@type":"PropertyValueSpecification","valueRequired":true,"valueName":"search_term_string"}}],"inLanguage":"es"},{"@type":"Person","@id":"https:\/\/arealorcaradio.es\/#\/schema\/person\/9fae605fc25b0f2c83c1ab207139bd27","name":"Paco S\u00e1nchez","image":{"@type":"ImageObject","inLanguage":"es","@id":"https:\/\/secure.gravatar.com\/avatar\/d67144e966420fb74aa84c9f2a0103be4724fd14db52b52d3b6bca749f257e79?s=96&d=mm&r=g","url":"https:\/\/secure.gravatar.com\/avatar\/d67144e966420fb74aa84c9f2a0103be4724fd14db52b52d3b6bca749f257e79?s=96&d=mm&r=g","contentUrl":"https:\/\/secure.gravatar.com\/avatar\/d67144e966420fb74aa84c9f2a0103be4724fd14db52b52d3b6bca749f257e79?s=96&d=mm&r=g","caption":"Paco S\u00e1nchez"},"sameAs":["https:\/\/arealorcaradio.es"],"url":"https:\/\/arealorcaradio.es\/index.php\/author\/admin_alorcaradio\/"}]}},"_links":{"self":[{"href":"https:\/\/arealorcaradio.es\/index.php\/wp-json\/wp\/v2\/posts\/10130","targetHints":{"allow":["GET"]}}],"collection":[{"href":"https:\/\/arealorcaradio.es\/index.php\/wp-json\/wp\/v2\/posts"}],"about":[{"href":"https:\/\/arealorcaradio.es\/index.php\/wp-json\/wp\/v2\/types\/post"}],"author":[{"embeddable":true,"href":"https:\/\/arealorcaradio.es\/index.php\/wp-json\/wp\/v2\/users\/1"}],"replies":[{"embeddable":true,"href":"https:\/\/arealorcaradio.es\/index.php\/wp-json\/wp\/v2\/comments?post=10130"}],"version-history":[{"count":2,"href":"https:\/\/arealorcaradio.es\/index.php\/wp-json\/wp\/v2\/posts\/10130\/revisions"}],"predecessor-version":[{"id":10135,"href":"https:\/\/arealorcaradio.es\/index.php\/wp-json\/wp\/v2\/posts\/10130\/revisions\/10135"}],"wp:featuredmedia":[{"embeddable":true,"href":"https:\/\/arealorcaradio.es\/index.php\/wp-json\/wp\/v2\/media\/10133"}],"wp:attachment":[{"href":"https:\/\/arealorcaradio.es\/index.php\/wp-json\/wp\/v2\/media?parent=10130"}],"wp:term":[{"taxonomy":"category","embeddable":true,"href":"https:\/\/arealorcaradio.es\/index.php\/wp-json\/wp\/v2\/categories?post=10130"},{"taxonomy":"post_tag","embeddable":true,"href":"https:\/\/arealorcaradio.es\/index.php\/wp-json\/wp\/v2\/tags?post=10130"}],"curies":[{"name":"wp","href":"https:\/\/api.w.org\/{rel}","templated":true}]}}