{"id":10113,"date":"2026-09-01T17:52:46","date_gmt":"2026-09-01T17:52:46","guid":{"rendered":"https:\/\/arealorcaradio.es\/?p=10113"},"modified":"2026-09-01T17:52:46","modified_gmt":"2026-09-01T17:52:46","slug":"el-cantaor-flamenco-rafael-planton-heredia-rafa-del-calli-asegura-haber-tocado-el-exito-con-sus-manos","status":"publish","type":"post","link":"https:\/\/arealorcaradio.es\/index.php\/2026\/09\/01\/el-cantaor-flamenco-rafael-planton-heredia-rafa-del-calli-asegura-haber-tocado-el-exito-con-sus-manos\/","title":{"rendered":"El cantaor flamenco Rafael Plant\u00f3n Heredia \u00abRafa del Calli\u00bb, asegura haber tocado el \u00e9xito con sus manos"},"content":{"rendered":"<p><strong>\u00c1REA LORCA RADIO. Actualidad. Paco S\u00e1nchez.<\/strong><\/p>\n<p>Rafa del Calli, reciente ganador de la Lampara Minera del Cante de Las Minas de La Uni\u00f3n, atend\u00eda a Paco S\u00e1nchez en el programa magazine de \u00c1rea Lorca Radio.<\/p>\n<audio class=\"wp-audio-shortcode\" id=\"audio-10113-1\" preload=\"none\" style=\"width: 100%;\" controls=\"controls\"><source type=\"audio\/mpeg\" src=\"https:\/\/arealorcaradio.es\/wp-content\/uploads\/2026\/09\/010926-RAFA-DEL-CALLI.-CANTAOR-CORDOBES.mp3?_=1\" \/><a href=\"https:\/\/arealorcaradio.es\/wp-content\/uploads\/2026\/09\/010926-RAFA-DEL-CALLI.-CANTAOR-CORDOBES.mp3\">https:\/\/arealorcaradio.es\/wp-content\/uploads\/2026\/09\/010926-RAFA-DEL-CALLI.-CANTAOR-CORDOBES.mp3<\/a><\/audio>\n<p><img loading=\"lazy\" decoding=\"async\" class=\"alignnone size-medium wp-image-10119\" src=\"https:\/\/arealorcaradio.es\/wp-content\/uploads\/2026\/09\/IMG-20260901-WA0005-1-200x300.jpg\" alt=\"\" width=\"200\" height=\"300\" srcset=\"https:\/\/arealorcaradio.es\/wp-content\/uploads\/2026\/09\/IMG-20260901-WA0005-1-200x300.jpg 200w, https:\/\/arealorcaradio.es\/wp-content\/uploads\/2026\/09\/IMG-20260901-WA0005-1-681x1024.jpg 681w, https:\/\/arealorcaradio.es\/wp-content\/uploads\/2026\/09\/IMG-20260901-WA0005-1-768x1155.jpg 768w, https:\/\/arealorcaradio.es\/wp-content\/uploads\/2026\/09\/IMG-20260901-WA0005-1-1021x1536.jpg 1021w, https:\/\/arealorcaradio.es\/wp-content\/uploads\/2026\/09\/IMG-20260901-WA0005-1.jpg 1064w\" sizes=\"auto, (max-width: 200px) 100vw, 200px\" \/>\u00a0<img loading=\"lazy\" decoding=\"async\" class=\"alignnone size-medium wp-image-10118\" src=\"https:\/\/arealorcaradio.es\/wp-content\/uploads\/2026\/09\/IMG-20260901-WA0004-1-300x200.jpg\" alt=\"\" width=\"300\" height=\"200\" srcset=\"https:\/\/arealorcaradio.es\/wp-content\/uploads\/2026\/09\/IMG-20260901-WA0004-1-300x200.jpg 300w, https:\/\/arealorcaradio.es\/wp-content\/uploads\/2026\/09\/IMG-20260901-WA0004-1-1024x681.jpg 1024w, https:\/\/arealorcaradio.es\/wp-content\/uploads\/2026\/09\/IMG-20260901-WA0004-1-768x511.jpg 768w, https:\/\/arealorcaradio.es\/wp-content\/uploads\/2026\/09\/IMG-20260901-WA0004-1-1536x1021.jpg 1536w, https:\/\/arealorcaradio.es\/wp-content\/uploads\/2026\/09\/IMG-20260901-WA0004-1.jpg 1600w\" sizes=\"auto, (max-width: 300px) 100vw, 300px\" \/><\/p>\n<p>El cantaor flamenco cordob\u00e9s, proviene de una familia de cantaores y no ha querido dejar pasar la ocasi\u00f3n para dedicar a su padre Jos\u00e9 Antonio Plant\u00f3n Moreno \u00abEl Calli\u00bb. Ahora, su hijo, ha logrado tocas con sus manos uno de los galardones mas importantes del panorama nacional dentro del cante flamenco, con la consecuci\u00f3n de la l\u00e1mpara minera.\u00a0<img loading=\"lazy\" decoding=\"async\" class=\"alignnone  wp-image-10121\" src=\"https:\/\/arealorcaradio.es\/wp-content\/uploads\/2026\/09\/IMG-20260901-WA0003-300x200.jpg\" alt=\"\" width=\"300\" height=\"200\" srcset=\"https:\/\/arealorcaradio.es\/wp-content\/uploads\/2026\/09\/IMG-20260901-WA0003-300x200.jpg 300w, https:\/\/arealorcaradio.es\/wp-content\/uploads\/2026\/09\/IMG-20260901-WA0003-1024x683.jpg 1024w, https:\/\/arealorcaradio.es\/wp-content\/uploads\/2026\/09\/IMG-20260901-WA0003-768x512.jpg 768w, https:\/\/arealorcaradio.es\/wp-content\/uploads\/2026\/09\/IMG-20260901-WA0003-1536x1024.jpg 1536w, https:\/\/arealorcaradio.es\/wp-content\/uploads\/2026\/09\/IMG-20260901-WA0003.jpg 1620w\" sizes=\"auto, (max-width: 300px) 100vw, 300px\" \/> <img loading=\"lazy\" decoding=\"async\" class=\"alignnone size-medium wp-image-10120\" src=\"https:\/\/arealorcaradio.es\/wp-content\/uploads\/2026\/09\/IMG-20260901-WA0002-300x200.jpg\" alt=\"\" width=\"300\" height=\"200\" srcset=\"https:\/\/arealorcaradio.es\/wp-content\/uploads\/2026\/09\/IMG-20260901-WA0002-300x200.jpg 300w, https:\/\/arealorcaradio.es\/wp-content\/uploads\/2026\/09\/IMG-20260901-WA0002-1024x681.jpg 1024w, https:\/\/arealorcaradio.es\/wp-content\/uploads\/2026\/09\/IMG-20260901-WA0002-768x511.jpg 768w, https:\/\/arealorcaradio.es\/wp-content\/uploads\/2026\/09\/IMG-20260901-WA0002-1536x1021.jpg 1536w, https:\/\/arealorcaradio.es\/wp-content\/uploads\/2026\/09\/IMG-20260901-WA0002.jpg 1600w\" sizes=\"auto, (max-width: 300px) 100vw, 300px\" \/><\/p>\n<p>Rafa del Calli, ha asegurado que le gustar\u00eda venir al Festival de Cante Flamenco de Lorca este a\u00f1o, una posibilidad de cobra fuerza y que le har\u00eda conocer la ciudad del sol.<\/p>\n<p>Hoy martes 1 de septiembre, ha sido presentada en Lorca la edici\u00f3n 65\u00aa del Festival Internacional Flamenco Ciudad del sol.<\/p>\n<p>&nbsp;<\/p>\n","protected":false},"excerpt":{"rendered":"<p>\u00c1REA LORCA RADIO. Actualidad. Paco S\u00e1nchez. Rafa del Calli, reciente ganador de la Lampara Minera del Cante de Las Minas de La Uni\u00f3n, atend\u00eda a Paco S\u00e1nchez en el programa magazine de \u00c1rea Lorca Radio. \u00a0 El cantaor flamenco cordob\u00e9s, proviene de una familia de cantaores y no ha querido dejar pasar la ocasi\u00f3n para [&hellip;]<\/p>\n","protected":false},"author":1,"featured_media":10121,"comment_status":"open","ping_status":"open","sticky":false,"template":"","format":"standard","meta":{"iawp_total_views":11,"footnotes":""},"categories":[5,7],"tags":[],"class_list":["post-10113","post","type-post","status-publish","format-standard","has-post-thumbnail","hentry","category-actualidad","category-lorca"],"yoast_head":"<!-- This site is optimized with the Yoast SEO plugin v28.4 - https:\/\/yoast.com\/product\/yoast-seo-wordpress\/ -->\n<title>El cantaor flamenco Rafael Plant\u00f3n Heredia &quot;Rafa del Calli&quot;, asegura haber tocado el \u00e9xito con sus manos - AREA LORCA RADIO<\/title>\n<meta name=\"robots\" content=\"index, follow, max-snippet:-1, max-image-preview:large, max-video-preview:-1\" \/>\n<link rel=\"canonical\" href=\"https:\/\/arealorcaradio.es\/index.php\/2026\/09\/01\/el-cantaor-flamenco-rafael-planton-heredia-rafa-del-calli-asegura-haber-tocado-el-exito-con-sus-manos\/\" \/>\n<meta property=\"og:locale\" content=\"es_ES\" \/>\n<meta property=\"og:type\" content=\"article\" \/>\n<meta property=\"og:title\" content=\"El cantaor flamenco Rafael Plant\u00f3n Heredia &quot;Rafa del Calli&quot;, asegura haber tocado el \u00e9xito con sus manos - AREA LORCA RADIO\" \/>\n<meta property=\"og:description\" content=\"\u00c1REA LORCA RADIO. Actualidad. Paco S\u00e1nchez. Rafa del Calli, reciente ganador de la Lampara Minera del Cante de Las Minas de La Uni\u00f3n, atend\u00eda a Paco S\u00e1nchez en el programa magazine de \u00c1rea Lorca Radio. \u00a0 El cantaor flamenco cordob\u00e9s, proviene de una familia de cantaores y no ha querido dejar pasar la ocasi\u00f3n para [&hellip;]\" \/>\n<meta property=\"og:url\" content=\"https:\/\/arealorcaradio.es\/index.php\/2026\/09\/01\/el-cantaor-flamenco-rafael-planton-heredia-rafa-del-calli-asegura-haber-tocado-el-exito-con-sus-manos\/\" \/>\n<meta property=\"og:site_name\" content=\"AREA LORCA RADIO\" \/>\n<meta property=\"article:published_time\" content=\"2026-09-01T17:52:46+00:00\" \/>\n<meta property=\"og:image\" content=\"https:\/\/arealorcaradio.es\/wp-content\/uploads\/2026\/09\/IMG-20260901-WA0003.jpg\" \/>\n\t<meta property=\"og:image:width\" content=\"1620\" \/>\n\t<meta property=\"og:image:height\" content=\"1080\" \/>\n\t<meta property=\"og:image:type\" content=\"image\/jpeg\" \/>\n<meta name=\"author\" content=\"Paco S\u00e1nchez\" \/>\n<meta name=\"twitter:card\" content=\"summary_large_image\" \/>\n<meta name=\"twitter:label1\" content=\"Escrito por\" \/>\n\t<meta name=\"twitter:data1\" content=\"Paco S\u00e1nchez\" \/>\n\t<meta name=\"twitter:label2\" content=\"Tiempo de lectura\" \/>\n\t<meta name=\"twitter:data2\" content=\"2 minutos\" \/>\n<script type=\"application\/ld+json\" class=\"yoast-schema-graph\">{\"@context\":\"https:\\\/\\\/schema.org\",\"@graph\":[{\"@type\":\"Article\",\"@id\":\"https:\\\/\\\/arealorcaradio.es\\\/index.php\\\/2026\\\/09\\\/01\\\/el-cantaor-flamenco-rafael-planton-heredia-rafa-del-calli-asegura-haber-tocado-el-exito-con-sus-manos\\\/#article\",\"isPartOf\":{\"@id\":\"https:\\\/\\\/arealorcaradio.es\\\/index.php\\\/2026\\\/09\\\/01\\\/el-cantaor-flamenco-rafael-planton-heredia-rafa-del-calli-asegura-haber-tocado-el-exito-con-sus-manos\\\/\"},\"author\":{\"name\":\"Paco S\u00e1nchez\",\"@id\":\"https:\\\/\\\/arealorcaradio.es\\\/#\\\/schema\\\/person\\\/9fae605fc25b0f2c83c1ab207139bd27\"},\"headline\":\"El cantaor flamenco Rafael Plant\u00f3n Heredia \u00abRafa del Calli\u00bb, asegura haber tocado el \u00e9xito con sus manos\",\"datePublished\":\"2026-09-01T17:52:46+00:00\",\"mainEntityOfPage\":{\"@id\":\"https:\\\/\\\/arealorcaradio.es\\\/index.php\\\/2026\\\/09\\\/01\\\/el-cantaor-flamenco-rafael-planton-heredia-rafa-del-calli-asegura-haber-tocado-el-exito-con-sus-manos\\\/\"},\"wordCount\":186,\"commentCount\":0,\"image\":{\"@id\":\"https:\\\/\\\/arealorcaradio.es\\\/index.php\\\/2026\\\/09\\\/01\\\/el-cantaor-flamenco-rafael-planton-heredia-rafa-del-calli-asegura-haber-tocado-el-exito-con-sus-manos\\\/#primaryimage\"},\"thumbnailUrl\":\"https:\\\/\\\/arealorcaradio.es\\\/wp-content\\\/uploads\\\/2026\\\/09\\\/IMG-20260901-WA0003.jpg\",\"articleSection\":[\"ACTUALIDAD\",\"LORCA\"],\"inLanguage\":\"es\",\"potentialAction\":[{\"@type\":\"CommentAction\",\"name\":\"Comment\",\"target\":[\"https:\\\/\\\/arealorcaradio.es\\\/index.php\\\/2026\\\/09\\\/01\\\/el-cantaor-flamenco-rafael-planton-heredia-rafa-del-calli-asegura-haber-tocado-el-exito-con-sus-manos\\\/#respond\"]}]},{\"@type\":\"WebPage\",\"@id\":\"https:\\\/\\\/arealorcaradio.es\\\/index.php\\\/2026\\\/09\\\/01\\\/el-cantaor-flamenco-rafael-planton-heredia-rafa-del-calli-asegura-haber-tocado-el-exito-con-sus-manos\\\/\",\"url\":\"https:\\\/\\\/arealorcaradio.es\\\/index.php\\\/2026\\\/09\\\/01\\\/el-cantaor-flamenco-rafael-planton-heredia-rafa-del-calli-asegura-haber-tocado-el-exito-con-sus-manos\\\/\",\"name\":\"El cantaor flamenco Rafael Plant\u00f3n Heredia \\\"Rafa del Calli\\\", asegura haber tocado el \u00e9xito con sus manos - AREA LORCA RADIO\",\"isPartOf\":{\"@id\":\"https:\\\/\\\/arealorcaradio.es\\\/#website\"},\"primaryImageOfPage\":{\"@id\":\"https:\\\/\\\/arealorcaradio.es\\\/index.php\\\/2026\\\/09\\\/01\\\/el-cantaor-flamenco-rafael-planton-heredia-rafa-del-calli-asegura-haber-tocado-el-exito-con-sus-manos\\\/#primaryimage\"},\"image\":{\"@id\":\"https:\\\/\\\/arealorcaradio.es\\\/index.php\\\/2026\\\/09\\\/01\\\/el-cantaor-flamenco-rafael-planton-heredia-rafa-del-calli-asegura-haber-tocado-el-exito-con-sus-manos\\\/#primaryimage\"},\"thumbnailUrl\":\"https:\\\/\\\/arealorcaradio.es\\\/wp-content\\\/uploads\\\/2026\\\/09\\\/IMG-20260901-WA0003.jpg\",\"datePublished\":\"2026-09-01T17:52:46+00:00\",\"author\":{\"@id\":\"https:\\\/\\\/arealorcaradio.es\\\/#\\\/schema\\\/person\\\/9fae605fc25b0f2c83c1ab207139bd27\"},\"breadcrumb\":{\"@id\":\"https:\\\/\\\/arealorcaradio.es\\\/index.php\\\/2026\\\/09\\\/01\\\/el-cantaor-flamenco-rafael-planton-heredia-rafa-del-calli-asegura-haber-tocado-el-exito-con-sus-manos\\\/#breadcrumb\"},\"inLanguage\":\"es\",\"potentialAction\":[{\"@type\":\"ReadAction\",\"target\":[\"https:\\\/\\\/arealorcaradio.es\\\/index.php\\\/2026\\\/09\\\/01\\\/el-cantaor-flamenco-rafael-planton-heredia-rafa-del-calli-asegura-haber-tocado-el-exito-con-sus-manos\\\/\"]}]},{\"@type\":\"ImageObject\",\"inLanguage\":\"es\",\"@id\":\"https:\\\/\\\/arealorcaradio.es\\\/index.php\\\/2026\\\/09\\\/01\\\/el-cantaor-flamenco-rafael-planton-heredia-rafa-del-calli-asegura-haber-tocado-el-exito-con-sus-manos\\\/#primaryimage\",\"url\":\"https:\\\/\\\/arealorcaradio.es\\\/wp-content\\\/uploads\\\/2026\\\/09\\\/IMG-20260901-WA0003.jpg\",\"contentUrl\":\"https:\\\/\\\/arealorcaradio.es\\\/wp-content\\\/uploads\\\/2026\\\/09\\\/IMG-20260901-WA0003.jpg\",\"width\":1620,\"height\":1080},{\"@type\":\"BreadcrumbList\",\"@id\":\"https:\\\/\\\/arealorcaradio.es\\\/index.php\\\/2026\\\/09\\\/01\\\/el-cantaor-flamenco-rafael-planton-heredia-rafa-del-calli-asegura-haber-tocado-el-exito-con-sus-manos\\\/#breadcrumb\",\"itemListElement\":[{\"@type\":\"ListItem\",\"position\":1,\"name\":\"Portada\",\"item\":\"https:\\\/\\\/arealorcaradio.es\\\/\"},{\"@type\":\"ListItem\",\"position\":2,\"name\":\"El cantaor flamenco Rafael Plant\u00f3n Heredia \u00abRafa del Calli\u00bb, asegura haber tocado el \u00e9xito con sus manos\"}]},{\"@type\":\"WebSite\",\"@id\":\"https:\\\/\\\/arealorcaradio.es\\\/#website\",\"url\":\"https:\\\/\\\/arealorcaradio.es\\\/\",\"name\":\"AREA LORCA RADIO\",\"description\":\"Descubre la programaci\u00f3n actual en \u00c1rea Lorca Radio, tu fuente de entrenamiento y noticias locales. Sintoniza ahora y mantente conectado online.\",\"potentialAction\":[{\"@type\":\"SearchAction\",\"target\":{\"@type\":\"EntryPoint\",\"urlTemplate\":\"https:\\\/\\\/arealorcaradio.es\\\/?s={search_term_string}\"},\"query-input\":{\"@type\":\"PropertyValueSpecification\",\"valueRequired\":true,\"valueName\":\"search_term_string\"}}],\"inLanguage\":\"es\"},{\"@type\":\"Person\",\"@id\":\"https:\\\/\\\/arealorcaradio.es\\\/#\\\/schema\\\/person\\\/9fae605fc25b0f2c83c1ab207139bd27\",\"name\":\"Paco S\u00e1nchez\",\"image\":{\"@type\":\"ImageObject\",\"inLanguage\":\"es\",\"@id\":\"https:\\\/\\\/secure.gravatar.com\\\/avatar\\\/d67144e966420fb74aa84c9f2a0103be4724fd14db52b52d3b6bca749f257e79?s=96&d=mm&r=g\",\"url\":\"https:\\\/\\\/secure.gravatar.com\\\/avatar\\\/d67144e966420fb74aa84c9f2a0103be4724fd14db52b52d3b6bca749f257e79?s=96&d=mm&r=g\",\"contentUrl\":\"https:\\\/\\\/secure.gravatar.com\\\/avatar\\\/d67144e966420fb74aa84c9f2a0103be4724fd14db52b52d3b6bca749f257e79?s=96&d=mm&r=g\",\"caption\":\"Paco S\u00e1nchez\"},\"sameAs\":[\"https:\\\/\\\/arealorcaradio.es\"],\"url\":\"https:\\\/\\\/arealorcaradio.es\\\/index.php\\\/author\\\/admin_alorcaradio\\\/\"}]}<\/script>\n<!-- \/ Yoast SEO plugin. -->","yoast_head_json":{"title":"El cantaor flamenco Rafael Plant\u00f3n Heredia \"Rafa del Calli\", asegura haber tocado el \u00e9xito con sus manos - AREA LORCA RADIO","robots":{"index":"index","follow":"follow","max-snippet":"max-snippet:-1","max-image-preview":"max-image-preview:large","max-video-preview":"max-video-preview:-1"},"canonical":"https:\/\/arealorcaradio.es\/index.php\/2026\/09\/01\/el-cantaor-flamenco-rafael-planton-heredia-rafa-del-calli-asegura-haber-tocado-el-exito-con-sus-manos\/","og_locale":"es_ES","og_type":"article","og_title":"El cantaor flamenco Rafael Plant\u00f3n Heredia \"Rafa del Calli\", asegura haber tocado el \u00e9xito con sus manos - AREA LORCA RADIO","og_description":"\u00c1REA LORCA RADIO. Actualidad. Paco S\u00e1nchez. Rafa del Calli, reciente ganador de la Lampara Minera del Cante de Las Minas de La Uni\u00f3n, atend\u00eda a Paco S\u00e1nchez en el programa magazine de \u00c1rea Lorca Radio. \u00a0 El cantaor flamenco cordob\u00e9s, proviene de una familia de cantaores y no ha querido dejar pasar la ocasi\u00f3n para [&hellip;]","og_url":"https:\/\/arealorcaradio.es\/index.php\/2026\/09\/01\/el-cantaor-flamenco-rafael-planton-heredia-rafa-del-calli-asegura-haber-tocado-el-exito-con-sus-manos\/","og_site_name":"AREA LORCA RADIO","article_published_time":"2026-09-01T17:52:46+00:00","og_image":[{"width":1620,"height":1080,"url":"https:\/\/arealorcaradio.es\/wp-content\/uploads\/2026\/09\/IMG-20260901-WA0003.jpg","type":"image\/jpeg"}],"author":"Paco S\u00e1nchez","twitter_card":"summary_large_image","twitter_misc":{"Escrito por":"Paco S\u00e1nchez","Tiempo de lectura":"2 minutos"},"schema":{"@context":"https:\/\/schema.org","@graph":[{"@type":"Article","@id":"https:\/\/arealorcaradio.es\/index.php\/2026\/09\/01\/el-cantaor-flamenco-rafael-planton-heredia-rafa-del-calli-asegura-haber-tocado-el-exito-con-sus-manos\/#article","isPartOf":{"@id":"https:\/\/arealorcaradio.es\/index.php\/2026\/09\/01\/el-cantaor-flamenco-rafael-planton-heredia-rafa-del-calli-asegura-haber-tocado-el-exito-con-sus-manos\/"},"author":{"name":"Paco S\u00e1nchez","@id":"https:\/\/arealorcaradio.es\/#\/schema\/person\/9fae605fc25b0f2c83c1ab207139bd27"},"headline":"El cantaor flamenco Rafael Plant\u00f3n Heredia \u00abRafa del Calli\u00bb, asegura haber tocado el \u00e9xito con sus manos","datePublished":"2026-09-01T17:52:46+00:00","mainEntityOfPage":{"@id":"https:\/\/arealorcaradio.es\/index.php\/2026\/09\/01\/el-cantaor-flamenco-rafael-planton-heredia-rafa-del-calli-asegura-haber-tocado-el-exito-con-sus-manos\/"},"wordCount":186,"commentCount":0,"image":{"@id":"https:\/\/arealorcaradio.es\/index.php\/2026\/09\/01\/el-cantaor-flamenco-rafael-planton-heredia-rafa-del-calli-asegura-haber-tocado-el-exito-con-sus-manos\/#primaryimage"},"thumbnailUrl":"https:\/\/arealorcaradio.es\/wp-content\/uploads\/2026\/09\/IMG-20260901-WA0003.jpg","articleSection":["ACTUALIDAD","LORCA"],"inLanguage":"es","potentialAction":[{"@type":"CommentAction","name":"Comment","target":["https:\/\/arealorcaradio.es\/index.php\/2026\/09\/01\/el-cantaor-flamenco-rafael-planton-heredia-rafa-del-calli-asegura-haber-tocado-el-exito-con-sus-manos\/#respond"]}]},{"@type":"WebPage","@id":"https:\/\/arealorcaradio.es\/index.php\/2026\/09\/01\/el-cantaor-flamenco-rafael-planton-heredia-rafa-del-calli-asegura-haber-tocado-el-exito-con-sus-manos\/","url":"https:\/\/arealorcaradio.es\/index.php\/2026\/09\/01\/el-cantaor-flamenco-rafael-planton-heredia-rafa-del-calli-asegura-haber-tocado-el-exito-con-sus-manos\/","name":"El cantaor flamenco Rafael Plant\u00f3n Heredia \"Rafa del Calli\", asegura haber tocado el \u00e9xito con sus manos - AREA LORCA RADIO","isPartOf":{"@id":"https:\/\/arealorcaradio.es\/#website"},"primaryImageOfPage":{"@id":"https:\/\/arealorcaradio.es\/index.php\/2026\/09\/01\/el-cantaor-flamenco-rafael-planton-heredia-rafa-del-calli-asegura-haber-tocado-el-exito-con-sus-manos\/#primaryimage"},"image":{"@id":"https:\/\/arealorcaradio.es\/index.php\/2026\/09\/01\/el-cantaor-flamenco-rafael-planton-heredia-rafa-del-calli-asegura-haber-tocado-el-exito-con-sus-manos\/#primaryimage"},"thumbnailUrl":"https:\/\/arealorcaradio.es\/wp-content\/uploads\/2026\/09\/IMG-20260901-WA0003.jpg","datePublished":"2026-09-01T17:52:46+00:00","author":{"@id":"https:\/\/arealorcaradio.es\/#\/schema\/person\/9fae605fc25b0f2c83c1ab207139bd27"},"breadcrumb":{"@id":"https:\/\/arealorcaradio.es\/index.php\/2026\/09\/01\/el-cantaor-flamenco-rafael-planton-heredia-rafa-del-calli-asegura-haber-tocado-el-exito-con-sus-manos\/#breadcrumb"},"inLanguage":"es","potentialAction":[{"@type":"ReadAction","target":["https:\/\/arealorcaradio.es\/index.php\/2026\/09\/01\/el-cantaor-flamenco-rafael-planton-heredia-rafa-del-calli-asegura-haber-tocado-el-exito-con-sus-manos\/"]}]},{"@type":"ImageObject","inLanguage":"es","@id":"https:\/\/arealorcaradio.es\/index.php\/2026\/09\/01\/el-cantaor-flamenco-rafael-planton-heredia-rafa-del-calli-asegura-haber-tocado-el-exito-con-sus-manos\/#primaryimage","url":"https:\/\/arealorcaradio.es\/wp-content\/uploads\/2026\/09\/IMG-20260901-WA0003.jpg","contentUrl":"https:\/\/arealorcaradio.es\/wp-content\/uploads\/2026\/09\/IMG-20260901-WA0003.jpg","width":1620,"height":1080},{"@type":"BreadcrumbList","@id":"https:\/\/arealorcaradio.es\/index.php\/2026\/09\/01\/el-cantaor-flamenco-rafael-planton-heredia-rafa-del-calli-asegura-haber-tocado-el-exito-con-sus-manos\/#breadcrumb","itemListElement":[{"@type":"ListItem","position":1,"name":"Portada","item":"https:\/\/arealorcaradio.es\/"},{"@type":"ListItem","position":2,"name":"El cantaor flamenco Rafael Plant\u00f3n Heredia \u00abRafa del Calli\u00bb, asegura haber tocado el \u00e9xito con sus manos"}]},{"@type":"WebSite","@id":"https:\/\/arealorcaradio.es\/#website","url":"https:\/\/arealorcaradio.es\/","name":"AREA LORCA RADIO","description":"Descubre la programaci\u00f3n actual en \u00c1rea Lorca Radio, tu fuente de entrenamiento y noticias locales. Sintoniza ahora y mantente conectado online.","potentialAction":[{"@type":"SearchAction","target":{"@type":"EntryPoint","urlTemplate":"https:\/\/arealorcaradio.es\/?s={search_term_string}"},"query-input":{"@type":"PropertyValueSpecification","valueRequired":true,"valueName":"search_term_string"}}],"inLanguage":"es"},{"@type":"Person","@id":"https:\/\/arealorcaradio.es\/#\/schema\/person\/9fae605fc25b0f2c83c1ab207139bd27","name":"Paco S\u00e1nchez","image":{"@type":"ImageObject","inLanguage":"es","@id":"https:\/\/secure.gravatar.com\/avatar\/d67144e966420fb74aa84c9f2a0103be4724fd14db52b52d3b6bca749f257e79?s=96&d=mm&r=g","url":"https:\/\/secure.gravatar.com\/avatar\/d67144e966420fb74aa84c9f2a0103be4724fd14db52b52d3b6bca749f257e79?s=96&d=mm&r=g","contentUrl":"https:\/\/secure.gravatar.com\/avatar\/d67144e966420fb74aa84c9f2a0103be4724fd14db52b52d3b6bca749f257e79?s=96&d=mm&r=g","caption":"Paco S\u00e1nchez"},"sameAs":["https:\/\/arealorcaradio.es"],"url":"https:\/\/arealorcaradio.es\/index.php\/author\/admin_alorcaradio\/"}]}},"_links":{"self":[{"href":"https:\/\/arealorcaradio.es\/index.php\/wp-json\/wp\/v2\/posts\/10113","targetHints":{"allow":["GET"]}}],"collection":[{"href":"https:\/\/arealorcaradio.es\/index.php\/wp-json\/wp\/v2\/posts"}],"about":[{"href":"https:\/\/arealorcaradio.es\/index.php\/wp-json\/wp\/v2\/types\/post"}],"author":[{"embeddable":true,"href":"https:\/\/arealorcaradio.es\/index.php\/wp-json\/wp\/v2\/users\/1"}],"replies":[{"embeddable":true,"href":"https:\/\/arealorcaradio.es\/index.php\/wp-json\/wp\/v2\/comments?post=10113"}],"version-history":[{"count":3,"href":"https:\/\/arealorcaradio.es\/index.php\/wp-json\/wp\/v2\/posts\/10113\/revisions"}],"predecessor-version":[{"id":10123,"href":"https:\/\/arealorcaradio.es\/index.php\/wp-json\/wp\/v2\/posts\/10113\/revisions\/10123"}],"wp:featuredmedia":[{"embeddable":true,"href":"https:\/\/arealorcaradio.es\/index.php\/wp-json\/wp\/v2\/media\/10121"}],"wp:attachment":[{"href":"https:\/\/arealorcaradio.es\/index.php\/wp-json\/wp\/v2\/media?parent=10113"}],"wp:term":[{"taxonomy":"category","embeddable":true,"href":"https:\/\/arealorcaradio.es\/index.php\/wp-json\/wp\/v2\/categories?post=10113"},{"taxonomy":"post_tag","embeddable":true,"href":"https:\/\/arealorcaradio.es\/index.php\/wp-json\/wp\/v2\/tags?post=10113"}],"curies":[{"name":"wp","href":"https:\/\/api.w.org\/{rel}","templated":true}]}}