{"id":10103,"date":"2026-09-01T17:28:39","date_gmt":"2026-09-01T17:28:39","guid":{"rendered":"https:\/\/arealorcaradio.es\/?p=10103"},"modified":"2026-09-01T17:28:39","modified_gmt":"2026-09-01T17:28:39","slug":"el-palacio-de-ferias-y-congresos-francisco-jodar-acoge-el-proximo-domingo-6-de-septiembre-la-xii-concentracion-de-vehiculos-clasicos-lorca-y-v-salon-autoretro-2026","status":"publish","type":"post","link":"https:\/\/arealorcaradio.es\/index.php\/2026\/09\/01\/el-palacio-de-ferias-y-congresos-francisco-jodar-acoge-el-proximo-domingo-6-de-septiembre-la-xii-concentracion-de-vehiculos-clasicos-lorca-y-v-salon-autoretro-2026\/","title":{"rendered":"El Palacio de Ferias y Congresos Francisco J\u00f3dar,\u00a0acoge el pr\u00f3ximo domingo, 6 de\u00a0septiembre,\u00a0la XII Concentraci\u00f3n de Veh\u00edculos Cl\u00e1sicos Lorca y V Sal\u00f3n AutoRetro 2026"},"content":{"rendered":"<p><strong>\u00c1REA LORCA RADIO. Actualidad. Paco S\u00e1nchez<\/strong><\/p>\n<p>Escucha aqu\u00ed la entrevista que ha concedido a Paco S\u00e1nchez en el programa magazine de \u00c1rea Lorca Radio, el tesorero y vicepresidente de la Asociaci\u00f3n de Veh\u00edculos Cl\u00e1sicos de Lorca, Jos\u00e9 Luis J\u00f3dar.<\/p>\n<audio class=\"wp-audio-shortcode\" id=\"audio-10103-1\" preload=\"none\" style=\"width: 100%;\" controls=\"controls\"><source type=\"audio\/mpeg\" src=\"https:\/\/arealorcaradio.es\/wp-content\/uploads\/2026\/09\/010926-JOSE-LUIS-JODAR.-VEHICULOS-CLASICOS.mp3?_=1\" \/><a href=\"https:\/\/arealorcaradio.es\/wp-content\/uploads\/2026\/09\/010926-JOSE-LUIS-JODAR.-VEHICULOS-CLASICOS.mp3\">https:\/\/arealorcaradio.es\/wp-content\/uploads\/2026\/09\/010926-JOSE-LUIS-JODAR.-VEHICULOS-CLASICOS.mp3<\/a><\/audio>\n<p class=\"v1MsoNormal\"><b><span lang=\"es\">Lorca, 1 de septiembre de 2026.<\/span><\/b><span lang=\"es\">\u00a0<\/span><span lang=\"es\">La jornada, organizada por la Asociaci\u00f3n de Veh\u00edculos Cl\u00e1sicos de Lorca, en colaboraci\u00f3n con el\u00a0<\/span><span lang=\"es\">Consistorio, a trav\u00e9s de las concejal\u00edas de Festejos y Cultura, tendr\u00e1 lugar el domingo, 6 de septiembre, de 9:00h a 19:00h<b>,<\/b> en\u00a0el\u00a0Palacio\u00a0de Ferias y Congresos\u00a0Francisco J\u00f3dar. Este a\u00f1o contar\u00e1 con numerosas novedades y actividades para todos los p\u00fablicos, teniendo siempre como eje central la gran exposici\u00f3n de veh\u00edculos cl\u00e1sicos.<\/span><\/p>\n<p class=\"v1MsoNormal\"><span lang=\"es\"><img loading=\"lazy\" decoding=\"async\" class=\"alignnone size-medium wp-image-10106\" src=\"https:\/\/arealorcaradio.es\/wp-content\/uploads\/2026\/09\/Imagen-Cartel-Salon-02-204x300.jpeg\" alt=\"\" width=\"204\" height=\"300\" srcset=\"https:\/\/arealorcaradio.es\/wp-content\/uploads\/2026\/09\/Imagen-Cartel-Salon-02-204x300.jpeg 204w, https:\/\/arealorcaradio.es\/wp-content\/uploads\/2026\/09\/Imagen-Cartel-Salon-02-697x1024.jpeg 697w, https:\/\/arealorcaradio.es\/wp-content\/uploads\/2026\/09\/Imagen-Cartel-Salon-02-768x1128.jpeg 768w, https:\/\/arealorcaradio.es\/wp-content\/uploads\/2026\/09\/Imagen-Cartel-Salon-02-1045x1536.jpeg 1045w, https:\/\/arealorcaradio.es\/wp-content\/uploads\/2026\/09\/Imagen-Cartel-Salon-02.jpeg 1089w\" sizes=\"auto, (max-width: 204px) 100vw, 204px\" \/><\/span><\/p>\n<p class=\"v1MsoNormal\"><span lang=\"es\">Tras el \u00e9xito conseguido en ediciones anteriores, este encuentro se ha convertido en una de las citas indispensables de la &#8216;Agenda Anual de Eventos de Lorca&#8217;, <\/span><span lang=\"es\">y en un espacio que se ha convertido en una de las sedes m\u00e1s destacadas de la ciudad, capaz de albergar este tipo de citas, que congregan a centenares de personas, tanto lorquinos como visitantes, propiciando que Lorca se convierta de nuevo en epicentro de grandes celebraciones, en este caso dirigida a los amantes del motor, pero abierta al p\u00fablico general\u00a0 y de manera gratuita.<\/span><\/p>\n<p class=\"v1MsoNormal\"><span lang=\"es\">\u00a0<\/span><span lang=\"es\">La programaci\u00f3n de la jornada incluye:<\/span><\/p>\n<p class=\"v1MsoNormal\"><span lang=\"es\">\u25cf\u00a0\u00a0\u00a0\u00a0\u00a0\u00a0\u00a0\u00a0\u00a0\u00a0\u00a0\u00a0\u00a0\u00a0\u00a0\u00a0\u00a0\u00a0\u00a0\u00a0<\/span><b><span lang=\"es\">Zona de concentraci\u00f3n<\/span><\/b><span lang=\"es\">\u00a0con hasta 300 veh\u00edculos<\/span><\/p>\n<p class=\"v1MsoNormal\"><span lang=\"es\">\u25cf\u00a0\u00a0\u00a0\u00a0\u00a0\u00a0\u00a0\u00a0\u00a0\u00a0\u00a0\u00a0\u00a0\u00a0\u00a0\u00a0\u00a0\u00a0\u00a0\u00a0<\/span><b><span lang=\"es\">Almuerzo y chiringuito climatizado durante toda la jornada.<\/span><\/b><\/p>\n<p class=\"v1MsoNormal\"><a name=\"v1m_-5619014943868583358_m_-3409029575901084576__heading=h.3v8glibudrpa\"><\/a><span lang=\"es\">\u25cf\u00a0\u00a0\u00a0\u00a0\u00a0\u00a0\u00a0\u00a0\u00a0\u00a0\u00a0\u00a0\u00a0\u00a0\u00a0\u00a0\u00a0 <\/span><span lang=\"es\">Exposiciones de\u00a0<b>veh\u00edculos singulares, coches de rally y colecciones privadas<\/b><\/span><\/p>\n<p class=\"v1MsoNormal\"><span lang=\"es\">\u25cf\u00a0\u00a0\u00a0\u00a0\u00a0\u00a0\u00a0\u00a0\u00a0\u00a0\u00a0\u00a0\u00a0\u00a0\u00a0\u00a0\u00a0\u00a0\u00a0\u00a0<\/span><span lang=\"es\">Venta de\u00a0<b>recambios, antig\u00fcedades y miniaturas<\/b><\/span><\/p>\n<p class=\"v1MsoNormal\"><span lang=\"es\">\u25cf\u00a0\u00a0\u00a0\u00a0\u00a0\u00a0\u00a0\u00a0\u00a0\u00a0\u00a0\u00a0\u00a0\u00a0\u00a0\u00a0\u00a0\u00a0\u00a0\u00a0<\/span><b><span lang=\"es\">Exhibiciones y demostraciones.<\/span><\/b><\/p>\n<p class=\"v1MsoNormal\"><span lang=\"es\">\u25cf\u00a0\u00a0\u00a0\u00a0\u00a0\u00a0\u00a0\u00a0\u00a0\u00a0\u00a0\u00a0\u00a0\u00a0\u00a0\u00a0\u00a0\u00a0\u00a0\u00a0<\/span><b><span lang=\"es\">Zona infantil<\/span><\/b><span lang=\"es\">, con colchoneta y monitor<\/span><\/p>\n<p class=\"v1MsoNormal\"><span lang=\"es\">\u25cf\u00a0\u00a0\u00a0\u00a0\u00a0\u00a0\u00a0\u00a0\u00a0\u00a0\u00a0\u00a0\u00a0\u00a0\u00a0\u00a0\u00a0\u00a0\u00a0\u00a0<\/span><b><span lang=\"es\">DJ Pop-Rock en vinilo durante la jornada<\/span><\/b><\/p>\n<p class=\"v1MsoNormal\"><span lang=\"es\"><img loading=\"lazy\" decoding=\"async\" class=\"alignnone size-medium wp-image-10107\" src=\"https:\/\/arealorcaradio.es\/wp-content\/uploads\/2026\/09\/Imagen-Vehiculos-clasicos-at-19.47.34-300x225.jpeg\" alt=\"\" width=\"300\" height=\"225\" srcset=\"https:\/\/arealorcaradio.es\/wp-content\/uploads\/2026\/09\/Imagen-Vehiculos-clasicos-at-19.47.34-300x225.jpeg 300w, https:\/\/arealorcaradio.es\/wp-content\/uploads\/2026\/09\/Imagen-Vehiculos-clasicos-at-19.47.34-1024x768.jpeg 1024w, https:\/\/arealorcaradio.es\/wp-content\/uploads\/2026\/09\/Imagen-Vehiculos-clasicos-at-19.47.34-768x576.jpeg 768w, https:\/\/arealorcaradio.es\/wp-content\/uploads\/2026\/09\/Imagen-Vehiculos-clasicos-at-19.47.34-1536x1152.jpeg 1536w, https:\/\/arealorcaradio.es\/wp-content\/uploads\/2026\/09\/Imagen-Vehiculos-clasicos-at-19.47.34-86x64.jpeg 86w, https:\/\/arealorcaradio.es\/wp-content\/uploads\/2026\/09\/Imagen-Vehiculos-clasicos-at-19.47.34.jpeg 1600w\" sizes=\"auto, (max-width: 300px) 100vw, 300px\" \/> <img loading=\"lazy\" decoding=\"async\" class=\"alignnone size-medium wp-image-10108\" src=\"https:\/\/arealorcaradio.es\/wp-content\/uploads\/2026\/09\/Imagen-Vehiculos-clasicos-05-300x225.jpeg\" alt=\"\" width=\"300\" height=\"225\" srcset=\"https:\/\/arealorcaradio.es\/wp-content\/uploads\/2026\/09\/Imagen-Vehiculos-clasicos-05-300x225.jpeg 300w, https:\/\/arealorcaradio.es\/wp-content\/uploads\/2026\/09\/Imagen-Vehiculos-clasicos-05-1024x768.jpeg 1024w, https:\/\/arealorcaradio.es\/wp-content\/uploads\/2026\/09\/Imagen-Vehiculos-clasicos-05-768x576.jpeg 768w, https:\/\/arealorcaradio.es\/wp-content\/uploads\/2026\/09\/Imagen-Vehiculos-clasicos-05-1536x1152.jpeg 1536w, https:\/\/arealorcaradio.es\/wp-content\/uploads\/2026\/09\/Imagen-Vehiculos-clasicos-05-86x64.jpeg 86w, https:\/\/arealorcaradio.es\/wp-content\/uploads\/2026\/09\/Imagen-Vehiculos-clasicos-05.jpeg 1600w\" sizes=\"auto, (max-width: 300px) 100vw, 300px\" \/>\u00a0<\/span><\/p>\n<p class=\"v1MsoNormal\"><span lang=\"es\">Adem\u00e1s, al mediod\u00eda habr\u00e1 arroz y plancha en el pabell\u00f3n, junto al escenario, para dar paso a la entrega de trofeos y reconocimientos y al sorteo de regalos entre los inscritos.<\/span><\/p>\n<p class=\"v1MsoNormal\"><span lang=\"es\">Entre los trofeos destacan premios tan variados como:\u00a0<i>club m\u00e1s numeroso, veh\u00edculo m\u00e1s lejano, moto m\u00e1s antigua o veh\u00edculo m\u00e1s desastre<\/i>, entre otros t\u00edtulos de lo m\u00e1s llamativos y originales.<\/span><\/p>\n<p class=\"v1MsoNormal\"><span lang=\"es\">Cada a\u00f1o, vemos <\/span><span lang=\"es\">c\u00f3mo se suman m\u00e1s participantes a este evento donde los protagonistas son los veh\u00edculos cl\u00e1sicos y sus aficionados, que llegan desde distintos puntos del pa\u00eds. Animo a todos los amantes del motor cl\u00e1sico a que disfruten de un d\u00eda inolvidable.<\/span><\/p>\n<p class=\"v1MsoNormal\"><span lang=\"es\">La inscripci\u00f3n ser\u00e1 anticipada a trav\u00e9s de la web\u00a0<\/span><span lang=\"es\"><a href=\"http:\/\/vehiculosclasicoslorca.com\/\" target=\"_blank\" rel=\"noopener noreferrer\">vehiculosclasicoslorca.com<\/a>\u00a0y tendr\u00e1 un precio de 10 euros, que se abonar\u00e1 el mismo d\u00eda del evento. El acceso de veh\u00edculos participantes ser\u00e1 de 9:00 a<b>\u00a0<\/b>12:00 horas (seg\u00fan aforo, con un m\u00e1ximo de 300 veh\u00edculos con m\u00e1s de 27 a\u00f1os de antig\u00fcedad).<\/span><\/p>\n","protected":false},"excerpt":{"rendered":"<p>\u00c1REA LORCA RADIO. Actualidad. Paco S\u00e1nchez Escucha aqu\u00ed la entrevista que ha concedido a Paco S\u00e1nchez en el programa magazine de \u00c1rea Lorca Radio, el tesorero y vicepresidente de la Asociaci\u00f3n de Veh\u00edculos Cl\u00e1sicos de Lorca, Jos\u00e9 Luis J\u00f3dar. Lorca, 1 de septiembre de 2026.\u00a0La jornada, organizada por la Asociaci\u00f3n de Veh\u00edculos Cl\u00e1sicos de Lorca, [&hellip;]<\/p>\n","protected":false},"author":1,"featured_media":10104,"comment_status":"open","ping_status":"open","sticky":false,"template":"","format":"standard","meta":{"iawp_total_views":7,"footnotes":""},"categories":[5,7],"tags":[],"class_list":["post-10103","post","type-post","status-publish","format-standard","has-post-thumbnail","hentry","category-actualidad","category-lorca"],"yoast_head":"<!-- This site is optimized with the Yoast SEO plugin v28.4 - https:\/\/yoast.com\/product\/yoast-seo-wordpress\/ -->\n<title>El Palacio de Ferias y Congresos Francisco J\u00f3dar,\u00a0acoge el pr\u00f3ximo domingo, 6 de\u00a0septiembre,\u00a0la XII Concentraci\u00f3n de Veh\u00edculos Cl\u00e1sicos Lorca y V Sal\u00f3n AutoRetro 2026 - AREA LORCA RADIO<\/title>\n<meta name=\"robots\" content=\"index, follow, max-snippet:-1, max-image-preview:large, max-video-preview:-1\" \/>\n<link rel=\"canonical\" href=\"https:\/\/arealorcaradio.es\/index.php\/2026\/09\/01\/el-palacio-de-ferias-y-congresos-francisco-jodar-acoge-el-proximo-domingo-6-de-septiembre-la-xii-concentracion-de-vehiculos-clasicos-lorca-y-v-salon-autoretro-2026\/\" \/>\n<meta property=\"og:locale\" content=\"es_ES\" \/>\n<meta property=\"og:type\" content=\"article\" \/>\n<meta property=\"og:title\" content=\"El Palacio de Ferias y Congresos Francisco J\u00f3dar,\u00a0acoge el pr\u00f3ximo domingo, 6 de\u00a0septiembre,\u00a0la XII Concentraci\u00f3n de Veh\u00edculos Cl\u00e1sicos Lorca y V Sal\u00f3n AutoRetro 2026 - AREA LORCA RADIO\" \/>\n<meta property=\"og:description\" content=\"\u00c1REA LORCA RADIO. Actualidad. Paco S\u00e1nchez Escucha aqu\u00ed la entrevista que ha concedido a Paco S\u00e1nchez en el programa magazine de \u00c1rea Lorca Radio, el tesorero y vicepresidente de la Asociaci\u00f3n de Veh\u00edculos Cl\u00e1sicos de Lorca, Jos\u00e9 Luis J\u00f3dar. Lorca, 1 de septiembre de 2026.\u00a0La jornada, organizada por la Asociaci\u00f3n de Veh\u00edculos Cl\u00e1sicos de Lorca, [&hellip;]\" \/>\n<meta property=\"og:url\" content=\"https:\/\/arealorcaradio.es\/index.php\/2026\/09\/01\/el-palacio-de-ferias-y-congresos-francisco-jodar-acoge-el-proximo-domingo-6-de-septiembre-la-xii-concentracion-de-vehiculos-clasicos-lorca-y-v-salon-autoretro-2026\/\" \/>\n<meta property=\"og:site_name\" content=\"AREA LORCA RADIO\" \/>\n<meta property=\"article:published_time\" content=\"2026-09-01T17:28:39+00:00\" \/>\n<meta property=\"og:image\" content=\"https:\/\/arealorcaradio.es\/wp-content\/uploads\/2026\/09\/Imagen-Vehiculos-clasicos-48.jpeg\" \/>\n\t<meta property=\"og:image:width\" content=\"1600\" \/>\n\t<meta property=\"og:image:height\" content=\"1200\" \/>\n\t<meta property=\"og:image:type\" content=\"image\/jpeg\" \/>\n<meta name=\"author\" content=\"Paco S\u00e1nchez\" \/>\n<meta name=\"twitter:card\" content=\"summary_large_image\" \/>\n<meta name=\"twitter:label1\" content=\"Escrito por\" \/>\n\t<meta name=\"twitter:data1\" content=\"Paco S\u00e1nchez\" \/>\n\t<meta name=\"twitter:label2\" content=\"Tiempo de lectura\" \/>\n\t<meta name=\"twitter:data2\" content=\"3 minutos\" \/>\n<script type=\"application\/ld+json\" class=\"yoast-schema-graph\">{\"@context\":\"https:\\\/\\\/schema.org\",\"@graph\":[{\"@type\":\"Article\",\"@id\":\"https:\\\/\\\/arealorcaradio.es\\\/index.php\\\/2026\\\/09\\\/01\\\/el-palacio-de-ferias-y-congresos-francisco-jodar-acoge-el-proximo-domingo-6-de-septiembre-la-xii-concentracion-de-vehiculos-clasicos-lorca-y-v-salon-autoretro-2026\\\/#article\",\"isPartOf\":{\"@id\":\"https:\\\/\\\/arealorcaradio.es\\\/index.php\\\/2026\\\/09\\\/01\\\/el-palacio-de-ferias-y-congresos-francisco-jodar-acoge-el-proximo-domingo-6-de-septiembre-la-xii-concentracion-de-vehiculos-clasicos-lorca-y-v-salon-autoretro-2026\\\/\"},\"author\":{\"name\":\"Paco S\u00e1nchez\",\"@id\":\"https:\\\/\\\/arealorcaradio.es\\\/#\\\/schema\\\/person\\\/9fae605fc25b0f2c83c1ab207139bd27\"},\"headline\":\"El Palacio de Ferias y Congresos Francisco J\u00f3dar,\u00a0acoge el pr\u00f3ximo domingo, 6 de\u00a0septiembre,\u00a0la XII Concentraci\u00f3n de Veh\u00edculos Cl\u00e1sicos Lorca y V Sal\u00f3n AutoRetro 2026\",\"datePublished\":\"2026-09-01T17:28:39+00:00\",\"mainEntityOfPage\":{\"@id\":\"https:\\\/\\\/arealorcaradio.es\\\/index.php\\\/2026\\\/09\\\/01\\\/el-palacio-de-ferias-y-congresos-francisco-jodar-acoge-el-proximo-domingo-6-de-septiembre-la-xii-concentracion-de-vehiculos-clasicos-lorca-y-v-salon-autoretro-2026\\\/\"},\"wordCount\":500,\"commentCount\":0,\"image\":{\"@id\":\"https:\\\/\\\/arealorcaradio.es\\\/index.php\\\/2026\\\/09\\\/01\\\/el-palacio-de-ferias-y-congresos-francisco-jodar-acoge-el-proximo-domingo-6-de-septiembre-la-xii-concentracion-de-vehiculos-clasicos-lorca-y-v-salon-autoretro-2026\\\/#primaryimage\"},\"thumbnailUrl\":\"https:\\\/\\\/arealorcaradio.es\\\/wp-content\\\/uploads\\\/2026\\\/09\\\/Imagen-Vehiculos-clasicos-48.jpeg\",\"articleSection\":[\"ACTUALIDAD\",\"LORCA\"],\"inLanguage\":\"es\",\"potentialAction\":[{\"@type\":\"CommentAction\",\"name\":\"Comment\",\"target\":[\"https:\\\/\\\/arealorcaradio.es\\\/index.php\\\/2026\\\/09\\\/01\\\/el-palacio-de-ferias-y-congresos-francisco-jodar-acoge-el-proximo-domingo-6-de-septiembre-la-xii-concentracion-de-vehiculos-clasicos-lorca-y-v-salon-autoretro-2026\\\/#respond\"]}]},{\"@type\":\"WebPage\",\"@id\":\"https:\\\/\\\/arealorcaradio.es\\\/index.php\\\/2026\\\/09\\\/01\\\/el-palacio-de-ferias-y-congresos-francisco-jodar-acoge-el-proximo-domingo-6-de-septiembre-la-xii-concentracion-de-vehiculos-clasicos-lorca-y-v-salon-autoretro-2026\\\/\",\"url\":\"https:\\\/\\\/arealorcaradio.es\\\/index.php\\\/2026\\\/09\\\/01\\\/el-palacio-de-ferias-y-congresos-francisco-jodar-acoge-el-proximo-domingo-6-de-septiembre-la-xii-concentracion-de-vehiculos-clasicos-lorca-y-v-salon-autoretro-2026\\\/\",\"name\":\"El Palacio de Ferias y Congresos Francisco J\u00f3dar,\u00a0acoge el pr\u00f3ximo domingo, 6 de\u00a0septiembre,\u00a0la XII Concentraci\u00f3n de Veh\u00edculos Cl\u00e1sicos Lorca y V Sal\u00f3n AutoRetro 2026 - AREA LORCA RADIO\",\"isPartOf\":{\"@id\":\"https:\\\/\\\/arealorcaradio.es\\\/#website\"},\"primaryImageOfPage\":{\"@id\":\"https:\\\/\\\/arealorcaradio.es\\\/index.php\\\/2026\\\/09\\\/01\\\/el-palacio-de-ferias-y-congresos-francisco-jodar-acoge-el-proximo-domingo-6-de-septiembre-la-xii-concentracion-de-vehiculos-clasicos-lorca-y-v-salon-autoretro-2026\\\/#primaryimage\"},\"image\":{\"@id\":\"https:\\\/\\\/arealorcaradio.es\\\/index.php\\\/2026\\\/09\\\/01\\\/el-palacio-de-ferias-y-congresos-francisco-jodar-acoge-el-proximo-domingo-6-de-septiembre-la-xii-concentracion-de-vehiculos-clasicos-lorca-y-v-salon-autoretro-2026\\\/#primaryimage\"},\"thumbnailUrl\":\"https:\\\/\\\/arealorcaradio.es\\\/wp-content\\\/uploads\\\/2026\\\/09\\\/Imagen-Vehiculos-clasicos-48.jpeg\",\"datePublished\":\"2026-09-01T17:28:39+00:00\",\"author\":{\"@id\":\"https:\\\/\\\/arealorcaradio.es\\\/#\\\/schema\\\/person\\\/9fae605fc25b0f2c83c1ab207139bd27\"},\"breadcrumb\":{\"@id\":\"https:\\\/\\\/arealorcaradio.es\\\/index.php\\\/2026\\\/09\\\/01\\\/el-palacio-de-ferias-y-congresos-francisco-jodar-acoge-el-proximo-domingo-6-de-septiembre-la-xii-concentracion-de-vehiculos-clasicos-lorca-y-v-salon-autoretro-2026\\\/#breadcrumb\"},\"inLanguage\":\"es\",\"potentialAction\":[{\"@type\":\"ReadAction\",\"target\":[\"https:\\\/\\\/arealorcaradio.es\\\/index.php\\\/2026\\\/09\\\/01\\\/el-palacio-de-ferias-y-congresos-francisco-jodar-acoge-el-proximo-domingo-6-de-septiembre-la-xii-concentracion-de-vehiculos-clasicos-lorca-y-v-salon-autoretro-2026\\\/\"]}]},{\"@type\":\"ImageObject\",\"inLanguage\":\"es\",\"@id\":\"https:\\\/\\\/arealorcaradio.es\\\/index.php\\\/2026\\\/09\\\/01\\\/el-palacio-de-ferias-y-congresos-francisco-jodar-acoge-el-proximo-domingo-6-de-septiembre-la-xii-concentracion-de-vehiculos-clasicos-lorca-y-v-salon-autoretro-2026\\\/#primaryimage\",\"url\":\"https:\\\/\\\/arealorcaradio.es\\\/wp-content\\\/uploads\\\/2026\\\/09\\\/Imagen-Vehiculos-clasicos-48.jpeg\",\"contentUrl\":\"https:\\\/\\\/arealorcaradio.es\\\/wp-content\\\/uploads\\\/2026\\\/09\\\/Imagen-Vehiculos-clasicos-48.jpeg\",\"width\":1600,\"height\":1200},{\"@type\":\"BreadcrumbList\",\"@id\":\"https:\\\/\\\/arealorcaradio.es\\\/index.php\\\/2026\\\/09\\\/01\\\/el-palacio-de-ferias-y-congresos-francisco-jodar-acoge-el-proximo-domingo-6-de-septiembre-la-xii-concentracion-de-vehiculos-clasicos-lorca-y-v-salon-autoretro-2026\\\/#breadcrumb\",\"itemListElement\":[{\"@type\":\"ListItem\",\"position\":1,\"name\":\"Portada\",\"item\":\"https:\\\/\\\/arealorcaradio.es\\\/\"},{\"@type\":\"ListItem\",\"position\":2,\"name\":\"El Palacio de Ferias y Congresos Francisco J\u00f3dar,\u00a0acoge el pr\u00f3ximo domingo, 6 de\u00a0septiembre,\u00a0la XII Concentraci\u00f3n de Veh\u00edculos Cl\u00e1sicos Lorca y V Sal\u00f3n AutoRetro 2026\"}]},{\"@type\":\"WebSite\",\"@id\":\"https:\\\/\\\/arealorcaradio.es\\\/#website\",\"url\":\"https:\\\/\\\/arealorcaradio.es\\\/\",\"name\":\"AREA LORCA RADIO\",\"description\":\"Descubre la programaci\u00f3n actual en \u00c1rea Lorca Radio, tu fuente de entrenamiento y noticias locales. Sintoniza ahora y mantente conectado online.\",\"potentialAction\":[{\"@type\":\"SearchAction\",\"target\":{\"@type\":\"EntryPoint\",\"urlTemplate\":\"https:\\\/\\\/arealorcaradio.es\\\/?s={search_term_string}\"},\"query-input\":{\"@type\":\"PropertyValueSpecification\",\"valueRequired\":true,\"valueName\":\"search_term_string\"}}],\"inLanguage\":\"es\"},{\"@type\":\"Person\",\"@id\":\"https:\\\/\\\/arealorcaradio.es\\\/#\\\/schema\\\/person\\\/9fae605fc25b0f2c83c1ab207139bd27\",\"name\":\"Paco S\u00e1nchez\",\"image\":{\"@type\":\"ImageObject\",\"inLanguage\":\"es\",\"@id\":\"https:\\\/\\\/secure.gravatar.com\\\/avatar\\\/d67144e966420fb74aa84c9f2a0103be4724fd14db52b52d3b6bca749f257e79?s=96&d=mm&r=g\",\"url\":\"https:\\\/\\\/secure.gravatar.com\\\/avatar\\\/d67144e966420fb74aa84c9f2a0103be4724fd14db52b52d3b6bca749f257e79?s=96&d=mm&r=g\",\"contentUrl\":\"https:\\\/\\\/secure.gravatar.com\\\/avatar\\\/d67144e966420fb74aa84c9f2a0103be4724fd14db52b52d3b6bca749f257e79?s=96&d=mm&r=g\",\"caption\":\"Paco S\u00e1nchez\"},\"sameAs\":[\"https:\\\/\\\/arealorcaradio.es\"],\"url\":\"https:\\\/\\\/arealorcaradio.es\\\/index.php\\\/author\\\/admin_alorcaradio\\\/\"}]}<\/script>\n<!-- \/ Yoast SEO plugin. -->","yoast_head_json":{"title":"El Palacio de Ferias y Congresos Francisco J\u00f3dar,\u00a0acoge el pr\u00f3ximo domingo, 6 de\u00a0septiembre,\u00a0la XII Concentraci\u00f3n de Veh\u00edculos Cl\u00e1sicos Lorca y V Sal\u00f3n AutoRetro 2026 - AREA LORCA RADIO","robots":{"index":"index","follow":"follow","max-snippet":"max-snippet:-1","max-image-preview":"max-image-preview:large","max-video-preview":"max-video-preview:-1"},"canonical":"https:\/\/arealorcaradio.es\/index.php\/2026\/09\/01\/el-palacio-de-ferias-y-congresos-francisco-jodar-acoge-el-proximo-domingo-6-de-septiembre-la-xii-concentracion-de-vehiculos-clasicos-lorca-y-v-salon-autoretro-2026\/","og_locale":"es_ES","og_type":"article","og_title":"El Palacio de Ferias y Congresos Francisco J\u00f3dar,\u00a0acoge el pr\u00f3ximo domingo, 6 de\u00a0septiembre,\u00a0la XII Concentraci\u00f3n de Veh\u00edculos Cl\u00e1sicos Lorca y V Sal\u00f3n AutoRetro 2026 - AREA LORCA RADIO","og_description":"\u00c1REA LORCA RADIO. Actualidad. Paco S\u00e1nchez Escucha aqu\u00ed la entrevista que ha concedido a Paco S\u00e1nchez en el programa magazine de \u00c1rea Lorca Radio, el tesorero y vicepresidente de la Asociaci\u00f3n de Veh\u00edculos Cl\u00e1sicos de Lorca, Jos\u00e9 Luis J\u00f3dar. Lorca, 1 de septiembre de 2026.\u00a0La jornada, organizada por la Asociaci\u00f3n de Veh\u00edculos Cl\u00e1sicos de Lorca, [&hellip;]","og_url":"https:\/\/arealorcaradio.es\/index.php\/2026\/09\/01\/el-palacio-de-ferias-y-congresos-francisco-jodar-acoge-el-proximo-domingo-6-de-septiembre-la-xii-concentracion-de-vehiculos-clasicos-lorca-y-v-salon-autoretro-2026\/","og_site_name":"AREA LORCA RADIO","article_published_time":"2026-09-01T17:28:39+00:00","og_image":[{"width":1600,"height":1200,"url":"https:\/\/arealorcaradio.es\/wp-content\/uploads\/2026\/09\/Imagen-Vehiculos-clasicos-48.jpeg","type":"image\/jpeg"}],"author":"Paco S\u00e1nchez","twitter_card":"summary_large_image","twitter_misc":{"Escrito por":"Paco S\u00e1nchez","Tiempo de lectura":"3 minutos"},"schema":{"@context":"https:\/\/schema.org","@graph":[{"@type":"Article","@id":"https:\/\/arealorcaradio.es\/index.php\/2026\/09\/01\/el-palacio-de-ferias-y-congresos-francisco-jodar-acoge-el-proximo-domingo-6-de-septiembre-la-xii-concentracion-de-vehiculos-clasicos-lorca-y-v-salon-autoretro-2026\/#article","isPartOf":{"@id":"https:\/\/arealorcaradio.es\/index.php\/2026\/09\/01\/el-palacio-de-ferias-y-congresos-francisco-jodar-acoge-el-proximo-domingo-6-de-septiembre-la-xii-concentracion-de-vehiculos-clasicos-lorca-y-v-salon-autoretro-2026\/"},"author":{"name":"Paco S\u00e1nchez","@id":"https:\/\/arealorcaradio.es\/#\/schema\/person\/9fae605fc25b0f2c83c1ab207139bd27"},"headline":"El Palacio de Ferias y Congresos Francisco J\u00f3dar,\u00a0acoge el pr\u00f3ximo domingo, 6 de\u00a0septiembre,\u00a0la XII Concentraci\u00f3n de Veh\u00edculos Cl\u00e1sicos Lorca y V Sal\u00f3n AutoRetro 2026","datePublished":"2026-09-01T17:28:39+00:00","mainEntityOfPage":{"@id":"https:\/\/arealorcaradio.es\/index.php\/2026\/09\/01\/el-palacio-de-ferias-y-congresos-francisco-jodar-acoge-el-proximo-domingo-6-de-septiembre-la-xii-concentracion-de-vehiculos-clasicos-lorca-y-v-salon-autoretro-2026\/"},"wordCount":500,"commentCount":0,"image":{"@id":"https:\/\/arealorcaradio.es\/index.php\/2026\/09\/01\/el-palacio-de-ferias-y-congresos-francisco-jodar-acoge-el-proximo-domingo-6-de-septiembre-la-xii-concentracion-de-vehiculos-clasicos-lorca-y-v-salon-autoretro-2026\/#primaryimage"},"thumbnailUrl":"https:\/\/arealorcaradio.es\/wp-content\/uploads\/2026\/09\/Imagen-Vehiculos-clasicos-48.jpeg","articleSection":["ACTUALIDAD","LORCA"],"inLanguage":"es","potentialAction":[{"@type":"CommentAction","name":"Comment","target":["https:\/\/arealorcaradio.es\/index.php\/2026\/09\/01\/el-palacio-de-ferias-y-congresos-francisco-jodar-acoge-el-proximo-domingo-6-de-septiembre-la-xii-concentracion-de-vehiculos-clasicos-lorca-y-v-salon-autoretro-2026\/#respond"]}]},{"@type":"WebPage","@id":"https:\/\/arealorcaradio.es\/index.php\/2026\/09\/01\/el-palacio-de-ferias-y-congresos-francisco-jodar-acoge-el-proximo-domingo-6-de-septiembre-la-xii-concentracion-de-vehiculos-clasicos-lorca-y-v-salon-autoretro-2026\/","url":"https:\/\/arealorcaradio.es\/index.php\/2026\/09\/01\/el-palacio-de-ferias-y-congresos-francisco-jodar-acoge-el-proximo-domingo-6-de-septiembre-la-xii-concentracion-de-vehiculos-clasicos-lorca-y-v-salon-autoretro-2026\/","name":"El Palacio de Ferias y Congresos Francisco J\u00f3dar,\u00a0acoge el pr\u00f3ximo domingo, 6 de\u00a0septiembre,\u00a0la XII Concentraci\u00f3n de Veh\u00edculos Cl\u00e1sicos Lorca y V Sal\u00f3n AutoRetro 2026 - AREA LORCA RADIO","isPartOf":{"@id":"https:\/\/arealorcaradio.es\/#website"},"primaryImageOfPage":{"@id":"https:\/\/arealorcaradio.es\/index.php\/2026\/09\/01\/el-palacio-de-ferias-y-congresos-francisco-jodar-acoge-el-proximo-domingo-6-de-septiembre-la-xii-concentracion-de-vehiculos-clasicos-lorca-y-v-salon-autoretro-2026\/#primaryimage"},"image":{"@id":"https:\/\/arealorcaradio.es\/index.php\/2026\/09\/01\/el-palacio-de-ferias-y-congresos-francisco-jodar-acoge-el-proximo-domingo-6-de-septiembre-la-xii-concentracion-de-vehiculos-clasicos-lorca-y-v-salon-autoretro-2026\/#primaryimage"},"thumbnailUrl":"https:\/\/arealorcaradio.es\/wp-content\/uploads\/2026\/09\/Imagen-Vehiculos-clasicos-48.jpeg","datePublished":"2026-09-01T17:28:39+00:00","author":{"@id":"https:\/\/arealorcaradio.es\/#\/schema\/person\/9fae605fc25b0f2c83c1ab207139bd27"},"breadcrumb":{"@id":"https:\/\/arealorcaradio.es\/index.php\/2026\/09\/01\/el-palacio-de-ferias-y-congresos-francisco-jodar-acoge-el-proximo-domingo-6-de-septiembre-la-xii-concentracion-de-vehiculos-clasicos-lorca-y-v-salon-autoretro-2026\/#breadcrumb"},"inLanguage":"es","potentialAction":[{"@type":"ReadAction","target":["https:\/\/arealorcaradio.es\/index.php\/2026\/09\/01\/el-palacio-de-ferias-y-congresos-francisco-jodar-acoge-el-proximo-domingo-6-de-septiembre-la-xii-concentracion-de-vehiculos-clasicos-lorca-y-v-salon-autoretro-2026\/"]}]},{"@type":"ImageObject","inLanguage":"es","@id":"https:\/\/arealorcaradio.es\/index.php\/2026\/09\/01\/el-palacio-de-ferias-y-congresos-francisco-jodar-acoge-el-proximo-domingo-6-de-septiembre-la-xii-concentracion-de-vehiculos-clasicos-lorca-y-v-salon-autoretro-2026\/#primaryimage","url":"https:\/\/arealorcaradio.es\/wp-content\/uploads\/2026\/09\/Imagen-Vehiculos-clasicos-48.jpeg","contentUrl":"https:\/\/arealorcaradio.es\/wp-content\/uploads\/2026\/09\/Imagen-Vehiculos-clasicos-48.jpeg","width":1600,"height":1200},{"@type":"BreadcrumbList","@id":"https:\/\/arealorcaradio.es\/index.php\/2026\/09\/01\/el-palacio-de-ferias-y-congresos-francisco-jodar-acoge-el-proximo-domingo-6-de-septiembre-la-xii-concentracion-de-vehiculos-clasicos-lorca-y-v-salon-autoretro-2026\/#breadcrumb","itemListElement":[{"@type":"ListItem","position":1,"name":"Portada","item":"https:\/\/arealorcaradio.es\/"},{"@type":"ListItem","position":2,"name":"El Palacio de Ferias y Congresos Francisco J\u00f3dar,\u00a0acoge el pr\u00f3ximo domingo, 6 de\u00a0septiembre,\u00a0la XII Concentraci\u00f3n de Veh\u00edculos Cl\u00e1sicos Lorca y V Sal\u00f3n AutoRetro 2026"}]},{"@type":"WebSite","@id":"https:\/\/arealorcaradio.es\/#website","url":"https:\/\/arealorcaradio.es\/","name":"AREA LORCA RADIO","description":"Descubre la programaci\u00f3n actual en \u00c1rea Lorca Radio, tu fuente de entrenamiento y noticias locales. Sintoniza ahora y mantente conectado online.","potentialAction":[{"@type":"SearchAction","target":{"@type":"EntryPoint","urlTemplate":"https:\/\/arealorcaradio.es\/?s={search_term_string}"},"query-input":{"@type":"PropertyValueSpecification","valueRequired":true,"valueName":"search_term_string"}}],"inLanguage":"es"},{"@type":"Person","@id":"https:\/\/arealorcaradio.es\/#\/schema\/person\/9fae605fc25b0f2c83c1ab207139bd27","name":"Paco S\u00e1nchez","image":{"@type":"ImageObject","inLanguage":"es","@id":"https:\/\/secure.gravatar.com\/avatar\/d67144e966420fb74aa84c9f2a0103be4724fd14db52b52d3b6bca749f257e79?s=96&d=mm&r=g","url":"https:\/\/secure.gravatar.com\/avatar\/d67144e966420fb74aa84c9f2a0103be4724fd14db52b52d3b6bca749f257e79?s=96&d=mm&r=g","contentUrl":"https:\/\/secure.gravatar.com\/avatar\/d67144e966420fb74aa84c9f2a0103be4724fd14db52b52d3b6bca749f257e79?s=96&d=mm&r=g","caption":"Paco S\u00e1nchez"},"sameAs":["https:\/\/arealorcaradio.es"],"url":"https:\/\/arealorcaradio.es\/index.php\/author\/admin_alorcaradio\/"}]}},"_links":{"self":[{"href":"https:\/\/arealorcaradio.es\/index.php\/wp-json\/wp\/v2\/posts\/10103","targetHints":{"allow":["GET"]}}],"collection":[{"href":"https:\/\/arealorcaradio.es\/index.php\/wp-json\/wp\/v2\/posts"}],"about":[{"href":"https:\/\/arealorcaradio.es\/index.php\/wp-json\/wp\/v2\/types\/post"}],"author":[{"embeddable":true,"href":"https:\/\/arealorcaradio.es\/index.php\/wp-json\/wp\/v2\/users\/1"}],"replies":[{"embeddable":true,"href":"https:\/\/arealorcaradio.es\/index.php\/wp-json\/wp\/v2\/comments?post=10103"}],"version-history":[{"count":3,"href":"https:\/\/arealorcaradio.es\/index.php\/wp-json\/wp\/v2\/posts\/10103\/revisions"}],"predecessor-version":[{"id":10112,"href":"https:\/\/arealorcaradio.es\/index.php\/wp-json\/wp\/v2\/posts\/10103\/revisions\/10112"}],"wp:featuredmedia":[{"embeddable":true,"href":"https:\/\/arealorcaradio.es\/index.php\/wp-json\/wp\/v2\/media\/10104"}],"wp:attachment":[{"href":"https:\/\/arealorcaradio.es\/index.php\/wp-json\/wp\/v2\/media?parent=10103"}],"wp:term":[{"taxonomy":"category","embeddable":true,"href":"https:\/\/arealorcaradio.es\/index.php\/wp-json\/wp\/v2\/categories?post=10103"},{"taxonomy":"post_tag","embeddable":true,"href":"https:\/\/arealorcaradio.es\/index.php\/wp-json\/wp\/v2\/tags?post=10103"}],"curies":[{"name":"wp","href":"https:\/\/api.w.org\/{rel}","templated":true}]}}